{"id":7053,"date":"2017-08-04T21:10:41","date_gmt":"2017-08-05T00:10:41","guid":{"rendered":"http:\/\/www.jornaldaconstrucaocivil.com.br\/?p=7053"},"modified":"2017-08-04T21:10:41","modified_gmt":"2017-08-05T00:10:41","slug":"governo-federal-finaliza-proposta-para-incluir-parcerias-publico-privadas-no-minha-casa-minha-vida","status":"publish","type":"post","link":"https:\/\/construcaocivil.siriusmarketingedesign.com.br\/?p=7053","title":{"rendered":"Governo Federal finaliza proposta para incluir Parcerias P\u00fablico-Privadas no Minha Casa, Minha Vida"},"content":{"rendered":"<p><span style=\"color: #000080;\"><em><strong>O objetivo \u00e9 trazer recursos da iniciativa privada a fim de maximizar a operacionaliza\u00e7\u00e3o<\/strong><\/em><\/span><\/p>\n<p style=\"text-align: justify;\"><span style=\"color: #000000;\"><span style=\"color: #993300;\">Agosto, 2017<\/span> &#8211; A secret\u00e1ria Nacional de Habita\u00e7\u00e3o do Minist\u00e9rio das Cidades, Maria Henriqueta Arantes, disse que equipes t\u00e9cnicas formadas por representantes do governo e da iniciativa privada dever\u00e3o concluir at\u00e9 dezembro os estudos para inclus\u00e3o de parcerias p\u00fablico-privadas (PPPs) no programa habitacional Minha Casa, Minha Vida. <em><span style=\"color: #000080;\">&#8220;No momento a gente estuda, com a participa\u00e7\u00e3o do segmento privado e tamb\u00e9m de outras \u00e1reas do setor p\u00fablico, as propostas de PPPs que tenham sustentabilidade no tempo, que tenham come\u00e7o meio e fim&#8221;. Ela afirmou que as dificuldades or\u00e7ament\u00e1rias dificultam colocar os projetos de &#8220;PPPs de p\u00e9&#8221;.\u00a0<\/span><\/em><\/span><\/p>\n<p style=\"text-align: justify;\">Fonte: Boletim CBIC<\/p>\n","protected":false},"excerpt":{"rendered":"<p>O objetivo \u00e9 trazer recursos da iniciativa privada a fim de maximizar a operacionaliza\u00e7\u00e3o Agosto, 2017 &#8211; A secret\u00e1ria Nacional de Habita\u00e7\u00e3o do Minist\u00e9rio das Cidades, Maria Henriqueta Arantes, disse que equipes t\u00e9cnicas formadas por representantes do governo e da iniciativa privada dever\u00e3o concluir at\u00e9 dezembro os estudos para inclus\u00e3o de parcerias p\u00fablico-privadas (PPPs) no [&hellip;]<\/p>\n","protected":false},"author":1,"featured_media":0,"comment_status":"open","ping_status":"open","sticky":false,"template":"","format":"standard","meta":{"_uag_custom_page_level_css":"","footnotes":""},"categories":[27],"tags":[820,2029,2826,3856,5083,5554,5729,7692,8655,9969],"class_list":["post-7053","post","type-post","status-publish","format-standard","hentry","category-acontece","tag-aquecer-setor-da-construcao-civil","tag-cbic","tag-construcao-civil","tag-economia","tag-financiamento-privado","tag-governo-federal","tag-habitacao","tag-minha-casa-minha-vida","tag-parcerias-publico-privadas-ppps","tag-recursos-escassos"],"blocksy_meta":[],"spectra_blocks_featured_image_url":null,"spectra_blocks_author_info":{"display_name":"Jornal da Constru\u00e7\u00e3o Civil","avatar_url":"https:\/\/secure.gravatar.com\/avatar\/973c9774fd44ddaceb026973c4962faa70fc512bc4c9da68e8ebb40fecee6540?s=96&d=mm&r=g","author_link":"https:\/\/construcaocivil.siriusmarketingedesign.com.br\/?author=1","description":"Desde de 2013, levando muitas informa\u00e7\u00f5es, lan\u00e7amentos e produtos de qualidade para toda cadeia produtiva da constru\u00e7\u00e3o. O Futuro da constru\u00e7\u00e3o passa por aqui,"},"uagb_featured_image_src":{"full":false,"thumbnail":false,"medium":false,"medium_large":false,"large":false,"1536x1536":false,"2048x2048":false},"uagb_author_info":{"display_name":"Jornal da Constru\u00e7\u00e3o Civil","author_link":"https:\/\/construcaocivil.siriusmarketingedesign.com.br\/?author=1"},"uagb_comment_info":0,"uagb_excerpt":"O objetivo \u00e9 trazer recursos da iniciativa privada a fim de maximizar a operacionaliza\u00e7\u00e3o Agosto, 2017 &#8211; A secret\u00e1ria Nacional de Habita\u00e7\u00e3o do Minist\u00e9rio das Cidades, Maria Henriqueta Arantes, disse que equipes t\u00e9cnicas formadas por representantes do governo e da iniciativa privada dever\u00e3o concluir at\u00e9 dezembro os estudos para inclus\u00e3o de parcerias p\u00fablico-privadas (PPPs) no&hellip;","_links":{"self":[{"href":"https:\/\/construcaocivil.siriusmarketingedesign.com.br\/index.php?rest_route=\/wp\/v2\/posts\/7053","targetHints":{"allow":["GET"]}}],"collection":[{"href":"https:\/\/construcaocivil.siriusmarketingedesign.com.br\/index.php?rest_route=\/wp\/v2\/posts"}],"about":[{"href":"https:\/\/construcaocivil.siriusmarketingedesign.com.br\/index.php?rest_route=\/wp\/v2\/types\/post"}],"author":[{"embeddable":true,"href":"https:\/\/construcaocivil.siriusmarketingedesign.com.br\/index.php?rest_route=\/wp\/v2\/users\/1"}],"replies":[{"embeddable":true,"href":"https:\/\/construcaocivil.siriusmarketingedesign.com.br\/index.php?rest_route=%2Fwp%2Fv2%2Fcomments&post=7053"}],"version-history":[{"count":0,"href":"https:\/\/construcaocivil.siriusmarketingedesign.com.br\/index.php?rest_route=\/wp\/v2\/posts\/7053\/revisions"}],"wp:attachment":[{"href":"https:\/\/construcaocivil.siriusmarketingedesign.com.br\/index.php?rest_route=%2Fwp%2Fv2%2Fmedia&parent=7053"}],"wp:term":[{"taxonomy":"category","embeddable":true,"href":"https:\/\/construcaocivil.siriusmarketingedesign.com.br\/index.php?rest_route=%2Fwp%2Fv2%2Fcategories&post=7053"},{"taxonomy":"post_tag","embeddable":true,"href":"https:\/\/construcaocivil.siriusmarketingedesign.com.br\/index.php?rest_route=%2Fwp%2Fv2%2Ftags&post=7053"}],"curies":[{"name":"wp","href":"https:\/\/api.w.org\/{rel}","templated":true}]}}