{"id":708,"date":"2016-01-14T02:09:23","date_gmt":"2016-01-14T02:09:23","guid":{"rendered":"http:\/\/www.jornaldaconstrucaocivil.com.br\/?p=708"},"modified":"2016-01-14T02:09:23","modified_gmt":"2016-01-14T02:09:23","slug":"concurso-escolhera-marca-do-congresso-mundial-de-arquitetos-uia-2020-rio","status":"publish","type":"post","link":"https:\/\/construcaocivil.siriusmarketingedesign.com.br\/?p=708","title":{"rendered":"Concurso escolher\u00e1 marca do Congresso Mundial de Arquitetos UIA 2020 RIO"},"content":{"rendered":"<p><strong><span style=\"color: #000000;\">Evento reunir\u00e1 cerca de 15 mil arquitetos no Rio de Janeiro em 2020<\/span><\/strong><\/p>\n<p><span style=\"color: #000000;\">Est\u00e3o abertas as inscri\u00e7\u00f5es para o concurso que escolher\u00e1 a marca do 27\u00ba Congresso Mundial da Uni\u00e3o Internacional dos Arquitetos (UIA), maior evento da arquitetura mundial, que ser\u00e1 realizado pela primeira vez no Brasil, na cidade do Rio de Janeiro, em 2020.\u00a0 <\/span><\/p>\n<p><span style=\"color: #000000;\">O prazo de inscri\u00e7\u00e3o se encerra em 29 de janeiro. A entrega das propostas \u00e9 at\u00e9 o dia 18 de fevereiro. Promovido pelo Instituto de Arquitetos do Brasil (IAB), com organiza\u00e7\u00e3o do IAB-RJ e apoio do CAU\/RJ, a competi\u00e7\u00e3o \u00e9 aberta a arquitetos e designers e visa a escolher um projeto de identidade visual para o encontro, que reunir\u00e1 cerca de 15 mil arquitetos de todo o mundo.<\/span><\/p>\n<p><span style=\"color: #000000;\">Clique no link a seguir para acessar o host site do concurso e baixar as bases da competi\u00e7\u00e3o: <span style=\"color: #0000ff;\">concursouia2020rio.iabrj.org.br<\/span>.<\/span><\/p>\n<p><a href=\"http:\/\/www.jornaldaconstrucaocivil.com.br\/wp-content\/uploads\/2016\/01\/IAB-concurso-uia-2020-rio-identidade-visual.jpg\"><img loading=\"lazy\" decoding=\"async\" class=\"wp-image-709 aligncenter\" src=\"http:\/\/www.jornaldaconstrucaocivil.com.br\/wp-content\/uploads\/2016\/01\/IAB-concurso-uia-2020-rio-identidade-visual-300x295.jpg\" alt=\"IAB concurso uia 2020 rio identidade visual\" width=\"353\" height=\"347\" \/><\/a><\/p>\n<p><span style=\"color: #000000;\">De acordo com o Termo de Refer\u00eancia da competi\u00e7\u00e3o, documento dos par\u00e2metros do concurso, a cria\u00e7\u00e3o da marca deve considerar a cidade do Rio de Janeiro, o tema do evento e a especificidade do congresso. O coordenador do Concurso UIA 2020 RIO, Claudio Taulois, explica que a proposta da identidade visual tem que destacar os aspectos institucional e cultural do congresso.<\/span><\/p>\n<p><span style=\"color: #000000;\"><em>\u201cAtrav\u00e9s dessa imagem, os profissionais dever\u00e3o entender o evento como um f\u00f3rum onde poder\u00e3o, al\u00e9m de se confraternizar com seus pares de todo o mundo, informar-se e se atualizar com os temas que refletem o estado da arte do seu campo de atua\u00e7\u00e3o\u201d<\/em>, afirmou Taulois.<\/span><\/p>\n<p><span style=\"color: #000000;\">O Congresso Mundial de Arquitetos RIO 2020 ser\u00e1 o maior evento da capital carioca p\u00f3s-Jogos Ol\u00edmpicos. Com o tema <em>\u201cTodos os mundos. Um s\u00f3 mundo. Arquitetura 21\u201d,<\/em> o encontro prop\u00f5e discutir a realidade urbana do mundo contempor\u00e2neo, onde se expressam a diversidade e a multiplicidade das formas urbanas e dos modos de produ\u00e7\u00e3o das cidades.<\/span><\/p>\n<p><span style=\"color: #000000;\">Para o presidente do IAB, S\u00e9rgio Magalh\u00e3es, as a\u00e7\u00f5es de planejamento, de projeto e de constru\u00e7\u00e3o interessam a todos esses mundos e sobre cada um t\u00eam repercuss\u00e3o.<em> \u201cA no\u00e7\u00e3o de finitude do planejamento nos imp\u00f5e novos desafios na busca da preserva\u00e7\u00e3o e da sustentabilidade, n\u00e3o apenas das condi\u00e7\u00f5es ambientais, mas tamb\u00e9m das condi\u00e7\u00f5es culturais, na diversidade e na multiplicidade. Todos vivemos uma mesma era. Um s\u00f3 mundo\u201d<\/em>, afirmou.<\/span><\/p>\n<p><span style=\"color: #000000;\">Com 200 milh\u00f5es de habitantes, 175 milh\u00f5es de urbanos, 20 metr\u00f3poles, duas megacidades, o Brasil apresenta arquiteturas-cidades que, de certo modo, ilustram as in\u00fameras possibilidades da arquitetura do s\u00e9culo 21: arquiteturas da pobreza e do dinamismo das favelas; dos ricos e pobres enclaves; do espa\u00e7o p\u00fablico da intera\u00e7\u00e3o e do espa\u00e7o do monofuncionalismo.<\/span><\/p>\n<p><span style=\"color: #000000;\">O 27\u00ba Congresso Mundial RIO 2020 tem o apoio do Conselho de Arquitetura e Urbanismo do Brasil (CAU\/BR), do Conselho de Arquitetura e Urbanismo do Rio de Janeiro (CAU\/RJ), da Federa\u00e7\u00e3o Nacional de Arquitetos e Urbanistas (FNA), da Associa\u00e7\u00e3o Brasileira de Arquitetos Paisagistas (ABAP), da Associa\u00e7\u00e3o Brasileira de Escrit\u00f3rios de Arquitetura (AsBEA), da Associa\u00e7\u00e3o Brasileira de Ensino de Arquitetura e Urbanismo (ABEA), da Associa\u00e7\u00e3o Nacional de P\u00f3s-gradua\u00e7\u00e3o e Pesquisa em Planejamento Urbano e Regional (ANPUR), da Associa\u00e7\u00e3o Nacional de Pesquisa e P\u00f3s-gradua\u00e7\u00e3o em Arquitetura e Urbanismo (ANPARQ), do Conselho Internacional dos Arquitectos de L\u00edngua Portuguesa (CIALP) e da Federa\u00e7\u00e3o Pan-Americana de Associa\u00e7\u00f5es de Arquitetos (FPAA).<\/span><\/p>\n<p><strong><span style=\"color: #000080;\">Fonte: Assessoria de Imprensa IAB-RJ<\/span><\/strong><\/p>\n<p>&nbsp;<\/p>\n","protected":false},"excerpt":{"rendered":"<p>Evento reunir\u00e1 cerca de 15 mil arquitetos no Rio de Janeiro em 2020 Est\u00e3o abertas as inscri\u00e7\u00f5es para o concurso que escolher\u00e1 a marca do 27\u00ba Congresso Mundial da Uni\u00e3o Internacional dos Arquitetos (UIA), maior evento da arquitetura mundial, que ser\u00e1 realizado pela primeira vez no Brasil, na cidade do Rio de Janeiro, em 2020.\u00a0 [&hellip;]<\/p>\n","protected":false},"author":1,"featured_media":709,"comment_status":"open","ping_status":"open","sticky":false,"template":"","format":"standard","meta":{"_uag_custom_page_level_css":"","footnotes":""},"categories":[27],"tags":[146,148,2016,5833,12042],"class_list":["post-708","post","type-post","status-publish","format-standard","has-post-thumbnail","hentry","category-acontece","tag-27o-congresso-mundial-rio-2020","tag-29-de-janeiro","tag-cau-rj","tag-iab","tag-uia-2020-rio"],"blocksy_meta":[],"spectra_blocks_featured_image_url":[],"spectra_blocks_author_info":{"display_name":"Jornal da Constru\u00e7\u00e3o Civil","avatar_url":"https:\/\/secure.gravatar.com\/avatar\/973c9774fd44ddaceb026973c4962faa70fc512bc4c9da68e8ebb40fecee6540?s=96&d=mm&r=g","author_link":"https:\/\/construcaocivil.siriusmarketingedesign.com.br\/?author=1","description":"Desde de 2013, levando muitas informa\u00e7\u00f5es, lan\u00e7amentos e produtos de qualidade para toda cadeia produtiva da constru\u00e7\u00e3o. O Futuro da constru\u00e7\u00e3o passa por aqui,"},"uagb_featured_image_src":{"full":false,"thumbnail":false,"medium":false,"medium_large":false,"large":false,"1536x1536":false,"2048x2048":false},"uagb_author_info":{"display_name":"Jornal da Constru\u00e7\u00e3o Civil","author_link":"https:\/\/construcaocivil.siriusmarketingedesign.com.br\/?author=1"},"uagb_comment_info":0,"uagb_excerpt":"Evento reunir\u00e1 cerca de 15 mil arquitetos no Rio de Janeiro em 2020 Est\u00e3o abertas as inscri\u00e7\u00f5es para o concurso que escolher\u00e1 a marca do 27\u00ba Congresso Mundial da Uni\u00e3o Internacional dos Arquitetos (UIA), maior evento da arquitetura mundial, que ser\u00e1 realizado pela primeira vez no Brasil, na cidade do Rio de Janeiro, em 2020.\u00a0&hellip;","_links":{"self":[{"href":"https:\/\/construcaocivil.siriusmarketingedesign.com.br\/index.php?rest_route=\/wp\/v2\/posts\/708","targetHints":{"allow":["GET"]}}],"collection":[{"href":"https:\/\/construcaocivil.siriusmarketingedesign.com.br\/index.php?rest_route=\/wp\/v2\/posts"}],"about":[{"href":"https:\/\/construcaocivil.siriusmarketingedesign.com.br\/index.php?rest_route=\/wp\/v2\/types\/post"}],"author":[{"embeddable":true,"href":"https:\/\/construcaocivil.siriusmarketingedesign.com.br\/index.php?rest_route=\/wp\/v2\/users\/1"}],"replies":[{"embeddable":true,"href":"https:\/\/construcaocivil.siriusmarketingedesign.com.br\/index.php?rest_route=%2Fwp%2Fv2%2Fcomments&post=708"}],"version-history":[{"count":0,"href":"https:\/\/construcaocivil.siriusmarketingedesign.com.br\/index.php?rest_route=\/wp\/v2\/posts\/708\/revisions"}],"wp:attachment":[{"href":"https:\/\/construcaocivil.siriusmarketingedesign.com.br\/index.php?rest_route=%2Fwp%2Fv2%2Fmedia&parent=708"}],"wp:term":[{"taxonomy":"category","embeddable":true,"href":"https:\/\/construcaocivil.siriusmarketingedesign.com.br\/index.php?rest_route=%2Fwp%2Fv2%2Fcategories&post=708"},{"taxonomy":"post_tag","embeddable":true,"href":"https:\/\/construcaocivil.siriusmarketingedesign.com.br\/index.php?rest_route=%2Fwp%2Fv2%2Ftags&post=708"}],"curies":[{"name":"wp","href":"https:\/\/api.w.org\/{rel}","templated":true}]}}