{"id":7097,"date":"2017-08-08T20:49:28","date_gmt":"2017-08-08T23:49:28","guid":{"rendered":"http:\/\/www.jornaldaconstrucaocivil.com.br\/?p=7097"},"modified":"2017-08-08T20:49:28","modified_gmt":"2017-08-08T23:49:28","slug":"uniflex-arma-tour-cultural-durante-o-dw-sao-paulo-design-weekend","status":"publish","type":"post","link":"https:\/\/construcaocivil.siriusmarketingedesign.com.br\/?p=7097","title":{"rendered":"Uniflex arma tour cultural durante o DW! S\u00e3o Paulo Design Weekend"},"content":{"rendered":"<p style=\"text-align: justify;\"><span style=\"color: #000080;\"><em><strong>Marca apoia evento pelo sexto ano consecutivo, organiza visitas guiadas e apresenta lan\u00e7amentos das novas cole\u00e7\u00f5es<\/strong><\/em><\/span><\/p>\n<p style=\"text-align: justify;\"><span style=\"color: #000000;\"><span style=\"color: #993300;\">Agosto, 2017<\/span> &#8211; Uniflex, empresa especializada em produtos de prote\u00e7\u00e3o solar como rol\u00f4s, persianas e cortinas, participa da <span style=\"color: #0000ff;\">6\u00b0 edi\u00e7\u00e3o do DW! S\u00e3o Paulo Design Weekend<\/span>, o maior festival urbano de design da Am\u00e9rica Latina. A marca \u00e9 apoiadora do evento que acontece entre os dias 9 a 13 de agosto na capital paulista e, e este ano, promove visita guiada pelos principais pontos do DW! e apresenta lan\u00e7amentos.<\/span><\/p>\n<p style=\"text-align: justify;\"><span style=\"color: #000000;\">No dia 9 de agosto, o tour come\u00e7a \u00e0s 9h45 pela Uniflex da Alameda Gabriel Monteiro da Silva, 1630. Sob a curadoria de Regina Galv\u00e3o, que conduzir\u00e1 a visita guiada, o tour est\u00e1 programado para terminar \u00e0s 18h no Shopping Cidade Jardim para visita\u00e7\u00e3o \u00e0 Mostra Modernos Eternos. Em paralelo, a marca apresentar\u00e1 lan\u00e7amentos, nas suas lojas da Capital Paulista.<\/span><\/p>\n<p style=\"text-align: justify;\"><span style=\"color: #000000;\">Entre as novidades apresentadas est\u00e3o dezoito novas cores com diferentes texturas para a cortina XL Pleat, vinte e um tons para a Mystique, que tem apar\u00eancias de linho r\u00fastico, palha natural, entre outras, e mais dezessete op\u00e7\u00f5es de tecido para a cortina Shangri-la. Outra importante novidade \u00e9 a chegada do Rol\u00f4 Design \u2013 a Uniflex foi pioneira ao trazer esse tipo de cortina para o Brasil em 1994.<\/span><\/p>\n<p style=\"text-align: justify;\"><span style=\"color: #000000;\">O Rol\u00f4 Design possui exclusivo sistema de instala\u00e7\u00e3o que esconde todas as fixa\u00e7\u00f5es e garante acionamento ergon\u00f4mico, pois a engrenagem da correia se movimenta, acompanhando a posi\u00e7\u00e3o do usu\u00e1rio e proporciona maior conforto durante o manuseio, sem danificar o produto.<\/span><\/p>\n<p><span style=\"color: #993300;\">Visita Guiada para arquitetos convidados<\/span><\/p>\n<p><span style=\"color: #000000;\">Data: 9 de agosto<\/span><\/p>\n<p><span style=\"color: #000000;\">Hor\u00e1rio: das 10h \u00e0s 18h<\/span><\/p>\n<p><span style=\"color: #993300;\">Ponto de encontro: Uniflex Al Gabriel Monteiro da Silva, 1630 \u00e0s 09h45min.<\/span><\/p>\n<p><span style=\"color: #0000ff;\">Roteiro:<\/span><\/p>\n<p><span style=\"color: #000000;\">9h \u00e0s 9h50 \u2013 Uniflex Gabriel \/ 50 minutos de visita (van)<\/span><\/p>\n<p><span style=\"color: #000000;\">10h \u00e0s 10h15 \u2013 Emp\u00f3rio Beraldin \/ 15 minutos de visita (a p\u00e9)<\/span><\/p>\n<p><span style=\"color: #000000;\">10h15 \u00e0s 10h30 \u2013 \u00c9rea \/ 15 minutos de visita (a p\u00e9)<\/span><\/p>\n<p><span style=\"color: #000000;\">10h30 \u00e0s 10h45 \u2013 Etel \/ 15 minutos de visita (a p\u00e9)<\/span><\/p>\n<p><span style=\"color: #000000;\">10h45 \u00e0s 11h \u2013 OVOO \/ 15 minutos de visita (van)<\/span><\/p>\n<p><span style=\"color: #000000;\">11h15 \u2013 11h45 \u2013 By Kamy \/ 30 minutos de visita (van)<\/span><\/p>\n<p><span style=\"color: #000000;\">12h \u00e0s 12h15 \u2013 Ovo \/ 15 minutos de visita (van)<\/span><\/p>\n<p><span style=\"color: #000000;\">12h30 \u00e0s 12h45 \u2013 Teo \/ 15 minutos de visita (van)<\/span><\/p>\n<p><span style=\"color: #000000;\">13h \u00e0s 15h \u2013 Restaurante \/ 2 horas de almo\u00e7o (van)<\/span><\/p>\n<p><span style=\"color: #000000;\">15h30 \u00e0s 17h \u2013 Bienal Ibirapuera &#8211; MADE + BOOM \/ 1,5 horas de visita (van)<\/span><\/p>\n<p><span style=\"color: #000000;\">17h30 \u2013 Van 1 \u2013 chegada \u00e0 loja da Uniflex Gabriel<\/span><\/p>\n<p><span style=\"color: #000000;\">17h30 \u2013 Van 2 \u2013 chegada ao Shopping Cidade Jardim \u2013 Modernos &amp; Eternos<\/span><\/p>\n<p>Site:\u00a0<span style=\"text-decoration: underline;\"><span style=\"color: #0000ff;\"><a style=\"color: #0000ff; text-decoration: underline;\" href=\"http:\/\/www.imcgrupo.com\/link.php?code=bDpodHRwJTNBJTJGJTJGd3d3LnVuaWZsZXguY29tLmJyJTJGOjM2ODAyNzg2Njk6d2Vib2JyYXNAZ21haWwuY29tOjY0ZTlkNzliYzI3MmFhODU0ODEzYjAzODYyOTJiZmZmZWM=\" target=\"_blank\" data-saferedirecturl=\"https:\/\/www.google.com\/url?hl=pt-PT&amp;q=http:\/\/www.imcgrupo.com\/link.php?code%3DbDpodHRwJTNBJTJGJTJGd3d3LnVuaWZsZXguY29tLmJyJTJGOjM2ODAyNzg2Njk6d2Vib2JyYXNAZ21haWwuY29tOjY0ZTlkNzliYzI3MmFhODU0ODEzYjAzODYyOTJiZmZmZWM%3D&amp;source=gmail&amp;ust=1502321004787000&amp;usg=AFQjCNF4hd7pN9nx6SeXNF8IHnjGSpnDiQ\">www.uniflex.com.br<\/a><\/span><\/span><\/p>\n","protected":false},"excerpt":{"rendered":"<p>Marca apoia evento pelo sexto ano consecutivo, organiza visitas guiadas e apresenta lan\u00e7amentos das novas cole\u00e7\u00f5es Agosto, 2017 &#8211; Uniflex, empresa especializada em produtos de prote\u00e7\u00e3o solar como rol\u00f4s, persianas e cortinas, participa da 6\u00b0 edi\u00e7\u00e3o do DW! S\u00e3o Paulo Design Weekend, o maior festival urbano de design da Am\u00e9rica Latina. A marca \u00e9 apoiadora [&hellip;]<\/p>\n","protected":false},"author":1,"featured_media":0,"comment_status":"open","ping_status":"open","sticky":false,"template":"","format":"standard","meta":{"_uag_custom_page_level_css":"","footnotes":""},"categories":[27],"tags":[918,3110,5016,8833,9486,9543,10668,10670,11227,11836,12075,12307],"class_list":["post-7097","post","type-post","status-publish","format-standard","hentry","category-acontece","tag-arquitetura-e-design","tag-cortinas-de-tecido","tag-festival-urbano-de-design","tag-persianas-de-aluminio","tag-produtos-arquitetonicos-e-decorativos","tag-profissionais-de-designers","tag-sao-paulo","tag-sao-paulo-design-weekend-2017","tag-sistemas-rolos","tag-tour-cultural","tag-uniflex","tag-vendas-de-produtos-nas-lojas"],"blocksy_meta":[],"spectra_blocks_featured_image_url":null,"spectra_blocks_author_info":{"display_name":"Jornal da Constru\u00e7\u00e3o Civil","avatar_url":"https:\/\/secure.gravatar.com\/avatar\/973c9774fd44ddaceb026973c4962faa70fc512bc4c9da68e8ebb40fecee6540?s=96&d=mm&r=g","author_link":"https:\/\/construcaocivil.siriusmarketingedesign.com.br\/?author=1","description":"Desde de 2013, levando muitas informa\u00e7\u00f5es, lan\u00e7amentos e produtos de qualidade para toda cadeia produtiva da constru\u00e7\u00e3o. O Futuro da constru\u00e7\u00e3o passa por aqui,"},"uagb_featured_image_src":{"full":false,"thumbnail":false,"medium":false,"medium_large":false,"large":false,"1536x1536":false,"2048x2048":false},"uagb_author_info":{"display_name":"Jornal da Constru\u00e7\u00e3o Civil","author_link":"https:\/\/construcaocivil.siriusmarketingedesign.com.br\/?author=1"},"uagb_comment_info":0,"uagb_excerpt":"Marca apoia evento pelo sexto ano consecutivo, organiza visitas guiadas e apresenta lan\u00e7amentos das novas cole\u00e7\u00f5es Agosto, 2017 &#8211; Uniflex, empresa especializada em produtos de prote\u00e7\u00e3o solar como rol\u00f4s, persianas e cortinas, participa da 6\u00b0 edi\u00e7\u00e3o do DW! S\u00e3o Paulo Design Weekend, o maior festival urbano de design da Am\u00e9rica Latina. A marca \u00e9 apoiadora&hellip;","_links":{"self":[{"href":"https:\/\/construcaocivil.siriusmarketingedesign.com.br\/index.php?rest_route=\/wp\/v2\/posts\/7097","targetHints":{"allow":["GET"]}}],"collection":[{"href":"https:\/\/construcaocivil.siriusmarketingedesign.com.br\/index.php?rest_route=\/wp\/v2\/posts"}],"about":[{"href":"https:\/\/construcaocivil.siriusmarketingedesign.com.br\/index.php?rest_route=\/wp\/v2\/types\/post"}],"author":[{"embeddable":true,"href":"https:\/\/construcaocivil.siriusmarketingedesign.com.br\/index.php?rest_route=\/wp\/v2\/users\/1"}],"replies":[{"embeddable":true,"href":"https:\/\/construcaocivil.siriusmarketingedesign.com.br\/index.php?rest_route=%2Fwp%2Fv2%2Fcomments&post=7097"}],"version-history":[{"count":0,"href":"https:\/\/construcaocivil.siriusmarketingedesign.com.br\/index.php?rest_route=\/wp\/v2\/posts\/7097\/revisions"}],"wp:attachment":[{"href":"https:\/\/construcaocivil.siriusmarketingedesign.com.br\/index.php?rest_route=%2Fwp%2Fv2%2Fmedia&parent=7097"}],"wp:term":[{"taxonomy":"category","embeddable":true,"href":"https:\/\/construcaocivil.siriusmarketingedesign.com.br\/index.php?rest_route=%2Fwp%2Fv2%2Fcategories&post=7097"},{"taxonomy":"post_tag","embeddable":true,"href":"https:\/\/construcaocivil.siriusmarketingedesign.com.br\/index.php?rest_route=%2Fwp%2Fv2%2Ftags&post=7097"}],"curies":[{"name":"wp","href":"https:\/\/api.w.org\/{rel}","templated":true}]}}