{"id":7110,"date":"2017-08-09T19:37:35","date_gmt":"2017-08-09T22:37:35","guid":{"rendered":"http:\/\/www.jornaldaconstrucaocivil.com.br\/?p=7110"},"modified":"2017-08-09T19:37:35","modified_gmt":"2017-08-09T22:37:35","slug":"superintendente-do-bndes-aponta-no-enaex-setores-prioritarios-para-financiamento-a-exportacao","status":"publish","type":"post","link":"https:\/\/construcaocivil.siriusmarketingedesign.com.br\/?p=7110","title":{"rendered":"Superintendente do BNDES aponta no Enaex setores priorit\u00e1rios para financiamento \u00e0 exporta\u00e7\u00e3o"},"content":{"rendered":"<p style=\"text-align: justify;\"><span style=\"color: #000000;\"><span style=\"color: #993300;\">Rio, agosto, 2017<\/span> &#8211; Para alavancar as exporta\u00e7\u00f5es brasileiras, o Banco Nacional do Desenvolvimento (BNDES) financiar\u00e1 setores estrat\u00e9gicos, como o de servi\u00e7os e bens de capital. A afirma\u00e7\u00e3o foi feita pelo superintendente da institui\u00e7\u00e3o, Leonardo dos Santos, durante o Encontro Nacional do Com\u00e9rcio Exterior (Enaex), promovido pela Associa\u00e7\u00e3o de Com\u00e9rcio Exterior do Brasil (AEB).<\/span><\/p>\n<p style=\"text-align: justify;\"><span style=\"color: #000000;\">De acordo com ele, o fomento \u00e0s exporta\u00e7\u00f5es no setor de servi\u00e7os traz benef\u00edcios importantes para o pa\u00eds em termos de gera\u00e7\u00e3o de renda e empregos qualificados. <em><span style=\"color: #000080;\">\u201cTalvez essa seja a atividade que mais agrega fornecedores \u00e0s suas vendas externas. A exporta\u00e7\u00e3o de servi\u00e7os, al\u00e9m de fomentar os servi\u00e7os especializados de engenharia, gera tamb\u00e9m grande impacto positivo para as vendas de bens para o exterior\u201d<\/span><\/em>, disse.<\/span><\/p>\n<p style=\"text-align: justify;\"><span style=\"color: #000000;\">Roberto Giannetti, vice-presidente da AEB, refor\u00e7ou a necessidade de incremento do Proex para facilitar as exporta\u00e7\u00f5es do setor produtivo nacional. \u201cO spread tem que ser competitivo. Temos or\u00e7amento pra fazer equaliza\u00e7\u00e3o nos n\u00edveis autorizados pela OCDE, mas de forma arbitraria, n\u00e3o quiseram utilizar esse mecanismo no limite do poss\u00edvel. A redu\u00e7\u00e3o de spreads de equaliza\u00e7\u00e3o implementada em 2015 reduziu significativamente a competitividade dos exportadores de bens de capital. Precisamos ter racionalidade para evitar a perda de competitividade do pa\u00eds\u201d, concluiu.<\/span><\/p>\n<p style=\"text-align: justify;\"><span style=\"color: #993300;\">Sobre o ENAEX<\/span><\/p>\n<p style=\"text-align: justify;\"><span style=\"color: #000000;\">O encontro, o mais importante f\u00f3rum de di\u00e1logo entre empres\u00e1rios e governo, reunir\u00e1 representantes de toda a cadeia de neg\u00f3cios do com\u00e9rcio internacional para discutir as principais quest\u00f5es que envolvem o setor, com vistas a melhorar a competitividade dos produtos brasileiros.<\/span><\/p>\n<p style=\"text-align: justify;\"><span style=\"color: #000000;\">Est\u00e3o previstos workshops, pain\u00e9is e debates sobre os principais temas relacionados ao setor. Os inscritos tamb\u00e9m ter\u00e3o a oportunidade de participar de despachos executivos e reuni\u00f5es, assim como visitar a \u00e1rea de exposi\u00e7\u00e3o com estandes de empresas, entidades, \u00f3rg\u00e3os p\u00fablicos e m\u00eddias especializadas.<\/span><\/p>\n<p style=\"text-align: justify;\"><span style=\"color: #000000;\">Paralelamente ao evento, ocorrer\u00e1 a reuni\u00e3o do Conselho de Com\u00e9rcio Exterior do MERCOSUL (MERCOEX), formado pelas coirm\u00e3s da AEB no \u00e2mbito regional: CERA (C\u00e2mara de Exportadores de La Republica Argentina), UEU (Uni\u00f3n de Exportadores delUruguay) e CIP (Centro de Importadores delParaguay).<\/span><\/p>\n<p style=\"text-align: justify;\"><span style=\"color: #000000;\">Sobre a AEB<\/span><\/p>\n<p style=\"text-align: justify;\"><span style=\"color: #000000;\">A Associa\u00e7\u00e3o de Com\u00e9rcio Exterior do Brasil (AEB) \u00e9 uma entidade privada, sem fins lucrativos e de \u00e2mbito nacional, que representa o segmento empresarial de exporta\u00e7\u00e3o e importa\u00e7\u00e3o de mercadorias e servi\u00e7os, bem como as atividades correlatas e afins. Fundada em 20 de agosto de 1970, a AEB tem como principal objetivo atuar junto aos \u00f3rg\u00e3os p\u00fablicos e privados pela ado\u00e7\u00e3o de medidas que favore\u00e7am a expans\u00e3o competitiva e sustent\u00e1vel do com\u00e9rcio exterior. Tamb\u00e9m busca promover a aproxima\u00e7\u00e3o de todos os elos da cadeia de neg\u00f3cios com fins de estudos t\u00e9cnicos, coopera\u00e7\u00e3o e defesa dos interesses e objetivos comuns, visando ao desenvolvimento econ\u00f4mico e social do pa\u00eds.<\/span><\/p>\n<p style=\"text-align: justify;\">Fonte: Imprensa\/ENAEX<\/p>\n<p>&nbsp;<\/p>\n","protected":false},"excerpt":{"rendered":"<p>Rio, agosto, 2017 &#8211; Para alavancar as exporta\u00e7\u00f5es brasileiras, o Banco Nacional do Desenvolvimento (BNDES) financiar\u00e1 setores estrat\u00e9gicos, como o de servi\u00e7os e bens de capital. A afirma\u00e7\u00e3o foi feita pelo superintendente da institui\u00e7\u00e3o, Leonardo dos Santos, durante o Encontro Nacional do Com\u00e9rcio Exterior (Enaex), promovido pela Associa\u00e7\u00e3o de Com\u00e9rcio Exterior do Brasil (AEB). De [&hellip;]<\/p>\n","protected":false},"author":1,"featured_media":0,"comment_status":"open","ping_status":"open","sticky":false,"template":"","format":"standard","meta":{"_uag_custom_page_level_css":"","footnotes":""},"categories":[33],"tags":[1030,1354,1464,2458,2459,2780,4248,8284,10375,10934,10939],"class_list":["post-7110","post","type-post","status-publish","format-standard","hentry","category-mercado","tag-associacao-de-comercio-exterior-do-brasil-aeb","tag-bens-de-capital","tag-bndes","tag-comercio-e-exportacao","tag-comercio-exterior","tag-conselho-de-comercio-exterior-do-mercosul-mercoex","tag-enaex-2017","tag-novos-mercados","tag-rio-de-janeiro","tag-servicos","tag-servicos-de-engenharia"],"blocksy_meta":[],"spectra_blocks_featured_image_url":null,"spectra_blocks_author_info":{"display_name":"Jornal da Constru\u00e7\u00e3o Civil","avatar_url":"https:\/\/secure.gravatar.com\/avatar\/973c9774fd44ddaceb026973c4962faa70fc512bc4c9da68e8ebb40fecee6540?s=96&d=mm&r=g","author_link":"https:\/\/construcaocivil.siriusmarketingedesign.com.br\/?author=1","description":"Desde de 2013, levando muitas informa\u00e7\u00f5es, lan\u00e7amentos e produtos de qualidade para toda cadeia produtiva da constru\u00e7\u00e3o. O Futuro da constru\u00e7\u00e3o passa por aqui,"},"uagb_featured_image_src":{"full":false,"thumbnail":false,"medium":false,"medium_large":false,"large":false,"1536x1536":false,"2048x2048":false},"uagb_author_info":{"display_name":"Jornal da Constru\u00e7\u00e3o Civil","author_link":"https:\/\/construcaocivil.siriusmarketingedesign.com.br\/?author=1"},"uagb_comment_info":0,"uagb_excerpt":"Rio, agosto, 2017 &#8211; Para alavancar as exporta\u00e7\u00f5es brasileiras, o Banco Nacional do Desenvolvimento (BNDES) financiar\u00e1 setores estrat\u00e9gicos, como o de servi\u00e7os e bens de capital. A afirma\u00e7\u00e3o foi feita pelo superintendente da institui\u00e7\u00e3o, Leonardo dos Santos, durante o Encontro Nacional do Com\u00e9rcio Exterior (Enaex), promovido pela Associa\u00e7\u00e3o de Com\u00e9rcio Exterior do Brasil (AEB). De&hellip;","_links":{"self":[{"href":"https:\/\/construcaocivil.siriusmarketingedesign.com.br\/index.php?rest_route=\/wp\/v2\/posts\/7110","targetHints":{"allow":["GET"]}}],"collection":[{"href":"https:\/\/construcaocivil.siriusmarketingedesign.com.br\/index.php?rest_route=\/wp\/v2\/posts"}],"about":[{"href":"https:\/\/construcaocivil.siriusmarketingedesign.com.br\/index.php?rest_route=\/wp\/v2\/types\/post"}],"author":[{"embeddable":true,"href":"https:\/\/construcaocivil.siriusmarketingedesign.com.br\/index.php?rest_route=\/wp\/v2\/users\/1"}],"replies":[{"embeddable":true,"href":"https:\/\/construcaocivil.siriusmarketingedesign.com.br\/index.php?rest_route=%2Fwp%2Fv2%2Fcomments&post=7110"}],"version-history":[{"count":0,"href":"https:\/\/construcaocivil.siriusmarketingedesign.com.br\/index.php?rest_route=\/wp\/v2\/posts\/7110\/revisions"}],"wp:attachment":[{"href":"https:\/\/construcaocivil.siriusmarketingedesign.com.br\/index.php?rest_route=%2Fwp%2Fv2%2Fmedia&parent=7110"}],"wp:term":[{"taxonomy":"category","embeddable":true,"href":"https:\/\/construcaocivil.siriusmarketingedesign.com.br\/index.php?rest_route=%2Fwp%2Fv2%2Fcategories&post=7110"},{"taxonomy":"post_tag","embeddable":true,"href":"https:\/\/construcaocivil.siriusmarketingedesign.com.br\/index.php?rest_route=%2Fwp%2Fv2%2Ftags&post=7110"}],"curies":[{"name":"wp","href":"https:\/\/api.w.org\/{rel}","templated":true}]}}