{"id":7112,"date":"2017-08-09T20:02:22","date_gmt":"2017-08-09T23:02:22","guid":{"rendered":"http:\/\/www.jornaldaconstrucaocivil.com.br\/?p=7112"},"modified":"2017-08-09T20:02:22","modified_gmt":"2017-08-09T23:02:22","slug":"arquitetos-discutem-regularizacao-fundiaria-urbana-em-seminario-nacional","status":"publish","type":"post","link":"https:\/\/construcaocivil.siriusmarketingedesign.com.br\/?p=7112","title":{"rendered":"Arquitetos discutem regulariza\u00e7\u00e3o fundi\u00e1ria urbana em semin\u00e1rio nacional"},"content":{"rendered":"<p><span style=\"color: #000080;\"><em><strong>Assunto ser\u00e1 um dos temas do V Semin\u00e1rio Nacional de Pol\u00edtica Urbana e Ambiental, em Bras\u00edlia<\/strong><\/em><\/span><\/p>\n<p style=\"text-align: justify;\"><span style=\"color: #000000;\"><span style=\"color: #993300;\">Agosto, 2017<\/span> &#8211; No 16 de agosto, o Conselho de Arquitetura e Urbanismo do Brasil (CAU\/BR) promove, em Bras\u00edlia, o V Semin\u00e1rio Nacional de Pol\u00edtica Urbana e Ambiental. O tema desta edi\u00e7\u00e3o \u00e9 <span style=\"color: #0000ff;\">&#8220;A constru\u00e7\u00e3o social da cidade no compromisso com a Nova Agenda Urbana&#8221;<\/span>. Um dos principais debates ser\u00e1 a regulariza\u00e7\u00e3o fundi\u00e1ria urbana estabelecida originalmente pela Medida Provis\u00f3ria 759, transformada em lei em julho.<\/span><\/p>\n<figure id=\"attachment_7113\" aria-describedby=\"caption-attachment-7113\" style=\"width: 300px\" class=\"wp-caption alignleft\"><a href=\"http:\/\/www.jornaldaconstrucaocivil.com.br\/wp-content\/uploads\/2017\/08\/AA-barcarena.jpg\"><img loading=\"lazy\" decoding=\"async\" class=\"wp-image-7113 size-medium\" src=\"http:\/\/www.jornaldaconstrucaocivil.com.br\/wp-content\/uploads\/2017\/08\/AA-barcarena-300x126.jpg\" width=\"300\" height=\"126\" \/><\/a><figcaption id=\"caption-attachment-7113\" class=\"wp-caption-text\">Munic\u00edpio de Barcarena, na regi\u00e3o metropolitana de Bel\u00e9m do Par\u00e1 (Foto: SkyscraperCity).<\/figcaption><\/figure>\n<p style=\"text-align: justify;\"><span style=\"color: #000000;\">As discuss\u00f5es ser\u00e3o divididas em tr\u00eas pain\u00e9is tem\u00e1ticos: <span style=\"color: #993300;\">&#8220;Regulariza\u00e7\u00e3o fundi\u00e1ria e assist\u00eancia t\u00e9cnica&#8221;<\/span>, <span style=\"color: #993300;\">&#8220;Planejamento e Gest\u00e3o: poder p\u00fablico, sociedade civil e recursos financeiros&#8221; e &#8220;Qualidade de vida nas cidades: habita\u00e7\u00e3o, infraestrutura b\u00e1sica, espa\u00e7o p\u00fablico e mobilidade<\/span>&#8220;. No evento, ser\u00e3o aprovadas as diretrizes para reda\u00e7\u00e3o de um documento aos gestores p\u00fablicos e \u00e0 sociedade focado na necessidade de respeito \u00e0s especificidades locais, na import\u00e2ncia da participa\u00e7\u00e3o cidad\u00e3 e na necessidade de integra\u00e7\u00e3o institucional para a constru\u00e7\u00e3o de projetos de cidade alinhados com a Nova Agenda Urbana, aprovada pelas Organiza\u00e7\u00e3o das Na\u00e7\u00f5es Unidas (ONU) em 2016.<\/span><\/p>\n<p style=\"text-align: justify;\"><span style=\"color: #000000;\">O V Semin\u00e1rio Nacional de Pol\u00edtica Urbana e Ambiental \u00e9 organizado pela Comiss\u00e3o de Pol\u00edtica Urbana e Ambiental, com o apoio da Comiss\u00e3o de Pol\u00edtica Profissional, do F\u00f3rum de Presidentes do CAU e da Confedera\u00e7\u00e3o Nacional dos Munic\u00edpios (CNM). O evento ser\u00e1 realizado no dia 16 de agosto de 2017, em Bras\u00edlia (DF).<\/span><\/p>\n<p><span style=\"color: #000000;\">Veja a programa\u00e7\u00e3o completa do semin\u00e1rio no site\u00a0<strong>\u00a0<\/strong><span style=\"text-decoration: underline;\"><span style=\"color: #0000ff;\"><a style=\"color: #0000ff; text-decoration: underline;\" href=\"https:\/\/app.workr.com.br\/LinkOpen.aspx?mid=9ca2d4d0-fa1e-4107-bf96-fc2d6326a263&amp;lid=7eUDf2fiGnCEp3scLHihrw==\" target=\"_blank\" rel=\"noreferrer\">www.caubr.gov.br\/seminariocpua2017<\/a><\/span><\/span><\/span><\/p>\n<p><span style=\"color: #000000;\">Data: 16 de agosto de 2017<\/span><\/p>\n<p><span style=\"color: #000000;\">Endere\u00e7o: Confedera\u00e7\u00e3o Nacional dos Munic\u00edpios (CNM) &#8211; Setor de Grandes \u00c1reas Norte (SGAN), Quadra 601, M\u00f3dulo N, Bras\u00edlia (DF)<\/span><\/p>\n<p><span style=\"color: #000000;\">Inscri\u00e7\u00f5es gratuitas:<\/span><strong>\u00a0<\/strong><span style=\"text-decoration: underline;\"><span style=\"color: #0000ff; text-decoration: underline;\"><a style=\"color: #0000ff; text-decoration: underline;\" href=\"https:\/\/app.workr.com.br\/LinkOpen.aspx?mid=9ca2d4d0-fa1e-4107-bf96-fc2d6326a263&amp;lid=7eUDf2fiGnCEp3scLHihrw==\" target=\"_blank\" rel=\"noreferrer\">www.caubr.gov.br\/seminariocpua2017<\/a><\/span><\/span><\/p>\n<p>&nbsp;<\/p>\n","protected":false},"excerpt":{"rendered":"<p>Assunto ser\u00e1 um dos temas do V Semin\u00e1rio Nacional de Pol\u00edtica Urbana e Ambiental, em Bras\u00edlia Agosto, 2017 &#8211; No 16 de agosto, o Conselho de Arquitetura e Urbanismo do Brasil (CAU\/BR) promove, em Bras\u00edlia, o V Semin\u00e1rio Nacional de Pol\u00edtica Urbana e Ambiental. O tema desta edi\u00e7\u00e3o \u00e9 &#8220;A constru\u00e7\u00e3o social da cidade no [&hellip;]<\/p>\n","protected":false},"author":1,"featured_media":7113,"comment_status":"open","ping_status":"open","sticky":false,"template":"","format":"standard","meta":{"_uag_custom_page_level_css":"","footnotes":""},"categories":[27],"tags":[909,1574,2021,4523,5729,6097,6164,6310,9970,10154,12175],"class_list":["post-7112","post","type-post","status-publish","format-standard","has-post-thumbnail","hentry","category-acontece","tag-arquitetos-e-urbanistas","tag-brasilia-df","tag-caubr","tag-espaco-publico-e-mobilidade","tag-habitacao","tag-infraestrutura-basica","tag-inscricoes-gratuitas","tag-investimentos","tag-recursos-financeiros","tag-regularizacao-fundiaria-urbana","tag-v-seminario-nacional-de-politica-urbana-e-ambiental"],"blocksy_meta":[],"spectra_blocks_featured_image_url":[],"spectra_blocks_author_info":{"display_name":"Jornal da Constru\u00e7\u00e3o Civil","avatar_url":"https:\/\/secure.gravatar.com\/avatar\/973c9774fd44ddaceb026973c4962faa70fc512bc4c9da68e8ebb40fecee6540?s=96&d=mm&r=g","author_link":"https:\/\/construcaocivil.siriusmarketingedesign.com.br\/?author=1","description":"Desde de 2013, levando muitas informa\u00e7\u00f5es, lan\u00e7amentos e produtos de qualidade para toda cadeia produtiva da constru\u00e7\u00e3o. O Futuro da constru\u00e7\u00e3o passa por aqui,"},"uagb_featured_image_src":{"full":false,"thumbnail":false,"medium":false,"medium_large":false,"large":false,"1536x1536":false,"2048x2048":false},"uagb_author_info":{"display_name":"Jornal da Constru\u00e7\u00e3o Civil","author_link":"https:\/\/construcaocivil.siriusmarketingedesign.com.br\/?author=1"},"uagb_comment_info":0,"uagb_excerpt":"Assunto ser\u00e1 um dos temas do V Semin\u00e1rio Nacional de Pol\u00edtica Urbana e Ambiental, em Bras\u00edlia Agosto, 2017 &#8211; No 16 de agosto, o Conselho de Arquitetura e Urbanismo do Brasil (CAU\/BR) promove, em Bras\u00edlia, o V Semin\u00e1rio Nacional de Pol\u00edtica Urbana e Ambiental. O tema desta edi\u00e7\u00e3o \u00e9 &#8220;A constru\u00e7\u00e3o social da cidade no&hellip;","_links":{"self":[{"href":"https:\/\/construcaocivil.siriusmarketingedesign.com.br\/index.php?rest_route=\/wp\/v2\/posts\/7112","targetHints":{"allow":["GET"]}}],"collection":[{"href":"https:\/\/construcaocivil.siriusmarketingedesign.com.br\/index.php?rest_route=\/wp\/v2\/posts"}],"about":[{"href":"https:\/\/construcaocivil.siriusmarketingedesign.com.br\/index.php?rest_route=\/wp\/v2\/types\/post"}],"author":[{"embeddable":true,"href":"https:\/\/construcaocivil.siriusmarketingedesign.com.br\/index.php?rest_route=\/wp\/v2\/users\/1"}],"replies":[{"embeddable":true,"href":"https:\/\/construcaocivil.siriusmarketingedesign.com.br\/index.php?rest_route=%2Fwp%2Fv2%2Fcomments&post=7112"}],"version-history":[{"count":0,"href":"https:\/\/construcaocivil.siriusmarketingedesign.com.br\/index.php?rest_route=\/wp\/v2\/posts\/7112\/revisions"}],"wp:attachment":[{"href":"https:\/\/construcaocivil.siriusmarketingedesign.com.br\/index.php?rest_route=%2Fwp%2Fv2%2Fmedia&parent=7112"}],"wp:term":[{"taxonomy":"category","embeddable":true,"href":"https:\/\/construcaocivil.siriusmarketingedesign.com.br\/index.php?rest_route=%2Fwp%2Fv2%2Fcategories&post=7112"},{"taxonomy":"post_tag","embeddable":true,"href":"https:\/\/construcaocivil.siriusmarketingedesign.com.br\/index.php?rest_route=%2Fwp%2Fv2%2Ftags&post=7112"}],"curies":[{"name":"wp","href":"https:\/\/api.w.org\/{rel}","templated":true}]}}