{"id":7115,"date":"2017-08-09T20:18:18","date_gmt":"2017-08-09T23:18:18","guid":{"rendered":"http:\/\/www.jornaldaconstrucaocivil.com.br\/?p=7115"},"modified":"2017-08-09T20:18:18","modified_gmt":"2017-08-09T23:18:18","slug":"bontempo-apresenta-colecao-inspiracoes-e-percepcoes","status":"publish","type":"post","link":"https:\/\/construcaocivil.siriusmarketingedesign.com.br\/?p=7115","title":{"rendered":"Bontempo apresenta Cole\u00e7\u00e3o Inspira\u00e7\u00f5es e Percep\u00e7\u00f5es"},"content":{"rendered":"<p style=\"text-align: justify;\"><span style=\"color: #000080;\"><em><strong>Paletas de cores refletem conceitos Mem\u00f3rias, Conforto e Minimalismo<\/strong><\/em><\/span><\/p>\n<p style=\"text-align: justify;\"><span style=\"color: #000000;\"><span style=\"color: #993300;\">Agosto, 2017<\/span> &#8211; A Bontempo, marca com expertise no desenvolvimento de m\u00f3veis totalmente personalizados de alto padr\u00e3o, lan\u00e7a a Cole\u00e7\u00e3o Inspira\u00e7\u00f5es e Percep\u00e7\u00f5es. Composta por tr\u00eas paletas de acabamentos, as novidades refletem as sensa\u00e7\u00f5es e experi\u00eancias contempor\u00e2neas: o agito da urbaniza\u00e7\u00e3o, a conectividade tecnol\u00f3gica e a globaliza\u00e7\u00e3o cultural.<\/span><\/p>\n<p style=\"text-align: justify;\"><span style=\"color: #000000;\">Entendendo as influ\u00eancias destas macrotend\u00eancias no cotidiano das pessoas, a Bontempo desenvolveu a Cole\u00e7\u00e3o de modo a traduzir as necessidade e aspira\u00e7\u00f5es de cada morador, para que cada projeto e ambiente se torne totalmente personalizado e \u00fanico.<\/span><\/p>\n<p style=\"text-align: justify;\"><strong><span style=\"color: #000000;\">Conhe\u00e7a a Cole\u00e7\u00e3o Inspira\u00e7\u00f5es e Percep\u00e7\u00f5es:<\/span><\/strong><\/p>\n<p style=\"text-align: justify;\"><a href=\"http:\/\/www.jornaldaconstrucaocivil.com.br\/wp-content\/uploads\/2017\/08\/AA-PALETAS.jpg\"><img loading=\"lazy\" decoding=\"async\" class=\"size-medium wp-image-7116 alignleft\" src=\"http:\/\/www.jornaldaconstrucaocivil.com.br\/wp-content\/uploads\/2017\/08\/AA-PALETAS-300x169.jpg\" alt=\"AA PALETAS\" width=\"300\" height=\"169\" \/><\/a><\/p>\n<p style=\"text-align: justify;\"><span style=\"color: #000000;\">A proposta da linha Mem\u00f3rias \u00e9 incorporar ao m\u00e1ximo a personalidade e a bagagem cultural de cada um, em um retorno \u00e0s ra\u00edzes, \u00e0s mem\u00f3rias e lembran\u00e7as. Padr\u00f5es amadeirados com estruturas naturais unem modernidade e tradi\u00e7\u00e3o, favorecendo um ambiente voltado \u00e0s sensa\u00e7\u00f5es e experi\u00eancias principalmente quando combinadas com estampas e outros elementos naturais. Sob a influ\u00eancia de diferentes culturas, constatando a diversidade de materiais e de texturas, a Mem\u00f3rias remete a padr\u00f5es \u00e9tnicos e elementos gr\u00e1ficos. Comp\u00f5em a paleta os acabamentos Lucido Laccato Dorato, Lacca Molti Colori Y044, Laminato Larice, Laccato Molti Colori M134 e Laminato Corteccia.<\/span><\/p>\n<p><span style=\"color: #000000;\"><strong><span style=\"color: #993300;\">Paletas Moderno e Criativo<\/span><\/strong> &#8211; Casas e m\u00f3veis adapt\u00e1veis \u00e0s necessidades pessoais, oferecendo conforto atrelado a atributos est\u00e9ticos e funcionais<\/span><\/p>\n<p><a href=\"http:\/\/www.jornaldaconstrucaocivil.com.br\/wp-content\/uploads\/2017\/08\/AA-PALETAS-II.jpg\"><img loading=\"lazy\" decoding=\"async\" class=\"size-medium wp-image-7117 alignright\" src=\"http:\/\/www.jornaldaconstrucaocivil.com.br\/wp-content\/uploads\/2017\/08\/AA-PALETAS-II-300x169.jpg\" alt=\"AA PALETAS II\" width=\"300\" height=\"169\" \/><\/a><\/p>\n<p style=\"text-align: justify;\"><span style=\"color: #000000;\">A Moderno e Criativo transmite eleg\u00e2ncia e atemporalidade, contrastando o minimalismo dos tons acinzentados com o aconchego dos acabamentos e elementos naturais (couro, linho, metais e pedras escuras). Materiais transparentes como vidros texturizados, tramas abertas e nichos vazados prop\u00f5e a integra\u00e7\u00e3o entre os ambientes, proporcionando harmonia e leveza. A Moderno e Criativo \u00e9 composta pelas tonalidades Laminato Platino, Lacca Molti Colori N029, Laminato Moscato, Laccato Vulcano e Spazzolato Lucido Grigio.<\/span><\/p>\n<p style=\"text-align: justify;\"><span style=\"color: #000000;\">Mais Informa\u00e7\u00f5es<\/span>:\u00a0<span style=\"text-decoration: underline;\"><span style=\"color: #0000ff; text-decoration: underline;\"><a style=\"color: #0000ff; text-decoration: underline;\" href=\"http:\/\/www.bontempo.com.br\/\" target=\"_blank\" data-saferedirecturl=\"https:\/\/www.google.com\/url?hl=pt-PT&amp;q=http:\/\/www.bontempo.com.br&amp;source=gmail&amp;ust=1502406426709000&amp;usg=AFQjCNGfa5ytdyim2fAYEjzTktwCqNZndA\">www.bontempo.com.br<\/a><\/span><\/span><\/p>\n","protected":false},"excerpt":{"rendered":"<p>Paletas de cores refletem conceitos Mem\u00f3rias, Conforto e Minimalismo Agosto, 2017 &#8211; A Bontempo, marca com expertise no desenvolvimento de m\u00f3veis totalmente personalizados de alto padr\u00e3o, lan\u00e7a a Cole\u00e7\u00e3o Inspira\u00e7\u00f5es e Percep\u00e7\u00f5es. Composta por tr\u00eas paletas de acabamentos, as novidades refletem as sensa\u00e7\u00f5es e experi\u00eancias contempor\u00e2neas: o agito da urbaniza\u00e7\u00e3o, a conectividade tecnol\u00f3gica e a [&hellip;]<\/p>\n","protected":false},"author":1,"featured_media":0,"comment_status":"open","ping_status":"open","sticky":false,"template":"","format":"standard","meta":{"_uag_custom_page_level_css":"","footnotes":""},"categories":[28],"tags":[1499,1933,1969,2408,3397,7022,7470,8573,9486,12262],"class_list":["post-7115","post","type-post","status-publish","format-standard","hentry","category-arquitetura","tag-bontempo-moveis-de-alto-padrao","tag-casa-e-decoracao","tag-casas-e-moveis-adaptaveis","tag-colecao-inspiracoes-e-percepcoes","tag-decoracao-e-designer","tag-lojistas-de-todo-o-brasil","tag-mercado","tag-padroes-etnicos-e-elementos-graficos","tag-produtos-arquitetonicos-e-decorativos","tag-vendas"],"blocksy_meta":[],"spectra_blocks_featured_image_url":null,"spectra_blocks_author_info":{"display_name":"Jornal da Constru\u00e7\u00e3o Civil","avatar_url":"https:\/\/secure.gravatar.com\/avatar\/973c9774fd44ddaceb026973c4962faa70fc512bc4c9da68e8ebb40fecee6540?s=96&d=mm&r=g","author_link":"https:\/\/construcaocivil.siriusmarketingedesign.com.br\/?author=1","description":"Desde de 2013, levando muitas informa\u00e7\u00f5es, lan\u00e7amentos e produtos de qualidade para toda cadeia produtiva da constru\u00e7\u00e3o. O Futuro da constru\u00e7\u00e3o passa por aqui,"},"uagb_featured_image_src":{"full":false,"thumbnail":false,"medium":false,"medium_large":false,"large":false,"1536x1536":false,"2048x2048":false},"uagb_author_info":{"display_name":"Jornal da Constru\u00e7\u00e3o Civil","author_link":"https:\/\/construcaocivil.siriusmarketingedesign.com.br\/?author=1"},"uagb_comment_info":0,"uagb_excerpt":"Paletas de cores refletem conceitos Mem\u00f3rias, Conforto e Minimalismo Agosto, 2017 &#8211; A Bontempo, marca com expertise no desenvolvimento de m\u00f3veis totalmente personalizados de alto padr\u00e3o, lan\u00e7a a Cole\u00e7\u00e3o Inspira\u00e7\u00f5es e Percep\u00e7\u00f5es. Composta por tr\u00eas paletas de acabamentos, as novidades refletem as sensa\u00e7\u00f5es e experi\u00eancias contempor\u00e2neas: o agito da urbaniza\u00e7\u00e3o, a conectividade tecnol\u00f3gica e a&hellip;","_links":{"self":[{"href":"https:\/\/construcaocivil.siriusmarketingedesign.com.br\/index.php?rest_route=\/wp\/v2\/posts\/7115","targetHints":{"allow":["GET"]}}],"collection":[{"href":"https:\/\/construcaocivil.siriusmarketingedesign.com.br\/index.php?rest_route=\/wp\/v2\/posts"}],"about":[{"href":"https:\/\/construcaocivil.siriusmarketingedesign.com.br\/index.php?rest_route=\/wp\/v2\/types\/post"}],"author":[{"embeddable":true,"href":"https:\/\/construcaocivil.siriusmarketingedesign.com.br\/index.php?rest_route=\/wp\/v2\/users\/1"}],"replies":[{"embeddable":true,"href":"https:\/\/construcaocivil.siriusmarketingedesign.com.br\/index.php?rest_route=%2Fwp%2Fv2%2Fcomments&post=7115"}],"version-history":[{"count":0,"href":"https:\/\/construcaocivil.siriusmarketingedesign.com.br\/index.php?rest_route=\/wp\/v2\/posts\/7115\/revisions"}],"wp:attachment":[{"href":"https:\/\/construcaocivil.siriusmarketingedesign.com.br\/index.php?rest_route=%2Fwp%2Fv2%2Fmedia&parent=7115"}],"wp:term":[{"taxonomy":"category","embeddable":true,"href":"https:\/\/construcaocivil.siriusmarketingedesign.com.br\/index.php?rest_route=%2Fwp%2Fv2%2Fcategories&post=7115"},{"taxonomy":"post_tag","embeddable":true,"href":"https:\/\/construcaocivil.siriusmarketingedesign.com.br\/index.php?rest_route=%2Fwp%2Fv2%2Ftags&post=7115"}],"curies":[{"name":"wp","href":"https:\/\/api.w.org\/{rel}","templated":true}]}}