{"id":7123,"date":"2017-08-09T20:43:45","date_gmt":"2017-08-09T23:43:45","guid":{"rendered":"http:\/\/www.jornaldaconstrucaocivil.com.br\/?p=7123"},"modified":"2017-08-09T20:43:45","modified_gmt":"2017-08-09T23:43:45","slug":"a-construcao-verde-se-tornou-a-melhor-opcao-de-negocio-do-mercado-imobiliario","status":"publish","type":"post","link":"https:\/\/construcaocivil.siriusmarketingedesign.com.br\/?p=7123","title":{"rendered":"A constru\u00e7\u00e3o verde se tornou a melhor op\u00e7\u00e3o de neg\u00f3cio do mercado imobili\u00e1rio"},"content":{"rendered":"<p style=\"text-align: justify;\"><span style=\"color: #000080;\"><strong>A abertura da 8\u00aa Greenbuilding Brasil Confer\u00eancia Internacional e Expo, o principal evento de constru\u00e7\u00f5es verdes da Am\u00e9rica Latina, recebeu importantes nomes, nacionais e internacionais, do mercado de constru\u00e7\u00f5es verdes<\/strong><\/span><\/p>\n<p style=\"text-align: justify;\"><span style=\"color: #000000;\"><span style=\"color: #993300;\">Agosto, 2017<\/span> &#8211; Foi dado in\u00edcio \u00e0 8\u00aa Greenbuilding Brasil Confer\u00eancia Internacional e Expo, o principal evento de constru\u00e7\u00f5es verdes da Am\u00e9rica Latina. Este ano, a abertura do evento contou com importantes refer\u00eancias do mercado nacional e internacional de edifica\u00e7\u00f5es sustent\u00e1veis.<\/span><\/p>\n<p style=\"text-align: justify;\"><span style=\"color: #000000;\">A plen\u00e1ria de abertura contou com a participa\u00e7\u00e3o de Thassame Wanick, fundadora do GBC Brasil e C\u00f4nsul Geral da Tail\u00e2ndia. Em sua apresenta\u00e7\u00e3o, abordou a trajet\u00f3ria dos 10 anos do GBC Brasil, ressaltou sobre a import\u00e2ncia da mudan\u00e7a do pensamento em rela\u00e7\u00e3o \u00e0 constru\u00e7\u00e3o sustent\u00e1vel e sobre as vantagens que traz ao setor de constru\u00e7\u00e3o e ao Planeta. <em><span style=\"color: #000080;\">\u201cO GBC Brasil incentivou a economia verde na \u00e1rea da constru\u00e7\u00e3o. Quando isso se faz com firmeza de prop\u00f3sito, as portas se abrem\u201d<\/span><\/em>, disse a executiva.<\/span><\/p>\n<p style=\"text-align: justify;\"><span style=\"color: #000000;\">Felipe Faria, diretor executivo do GBC Brasil e presidente Regional da Rede das Am\u00e9ricas, falou sobre a import\u00e2ncia do evento para o setor e que, para esse ano s\u00e3o esperados 14 mil visitantes, entre profissionais, palestrantes e empres\u00e1rios. Faria destacou as constru\u00e7\u00f5es verdes como a melhor op\u00e7\u00e3o de neg\u00f3cio do mercado e apresentou estudos mercadol\u00f3gicos que comprovam a valoriza\u00e7\u00e3o dos im\u00f3veis certificados. Apresentou, tamb\u00e9m, os dados de crescimento do setor de constru\u00e7\u00f5es verdes no pa\u00eds, o aumento do market share e a penetra\u00e7\u00e3o em segmentos al\u00e9m dos im\u00f3veis corporativos de alto padr\u00e3o. <em><span style=\"color: #000080;\">\u201cNossa ideia \u00e9 que todos possam trabalhar, estudar e viver em um edif\u00edcio\/casa sustent\u00e1vel em breve\u201d<\/span><\/em>, enfatizou o executivo.<\/span><\/p>\n<p style=\"text-align: justify;\"><span style=\"color: #000000;\">Rosana Correia, do comit\u00ea t\u00e9cnico do GBC Brasil, falou sobre as novas certifica\u00e7\u00f5es Casa e Condom\u00ednio e dos crit\u00e9rios adotados.<em><span style=\"color: #000080;\"> \u201cTenho orgulho de ser uma empresa que se beneficia de a\u00e7\u00f5es sustent\u00e1veis\u201d<\/span><\/em>, destacou.<\/span><\/p>\n<p style=\"text-align: justify;\"><span style=\"color: #000000;\">Eduardo Eleut\u00e9rio, presidente do Conselho de Administra\u00e7\u00e3o e diretor Executivo da Isover Saint-Gobain, falou sobre a experi\u00eancia da companhia com a certifica\u00e7\u00e3o, em termos de sustentabilidade e produtividade. <em><span style=\"color: #000080;\">\u201cEstamos conseguindo influenciar positivamente o mercado, em termos de qualifica\u00e7\u00e3o de produtos e solu\u00e7\u00f5es, a partir de uma vis\u00e3o hol\u00edstica das constru\u00e7\u00f5es verdes\u201d<\/span><\/em>, conta o empres\u00e1rio.<\/span><\/p>\n<p style=\"text-align: justify;\"><span style=\"color: #000000;\">A plen\u00e1ria contou o depoimento de empres\u00e1rios empreendedores, que investem nas certifica\u00e7\u00f5es de constru\u00e7\u00f5es verdes e hoje percebem benef\u00edcios efetivos. Claudio Carvalho, s\u00f3cio presidente da Construtora Newinc, apresentou o primeiro pr\u00e9dio residencial na certifica\u00e7\u00e3o CASA CONDOMINIO, localizado em Goi\u00e2nia, GO; Sergio Crema, presidente do Sinduscon-PR, falou sobre a constru\u00e7\u00e3o de um pr\u00e9dio comercial, pelo sindicato, que ser\u00e1 LEED Platinum e tamb\u00e9m certificado no GBC ZERO ENERGY (autossuficiente em energia); Filemon Posse, diretor de Projeto e Obra do Grupo Renner, falou sobre a certifica\u00e7\u00e3o LEED da sede administrativa e de cinco lojas de varejo do Grupo; Omar Rodrigues, gerente de Sustentabilidade do Grupo Botic\u00e1rio, falou sobre a vertente sustent\u00e1vel do Grupo e sobre como essas caracter\u00edsticas s\u00e3o agregadas \u00e1s unidades e lojas; Jos\u00e9 Guilherme, superintendente do SEBRAE MT, idealizador e respons\u00e1vel pelo Centro de Sustentabilidade e Pesquisa em Cuiab\u00e1, falou sobre o empreendimento que \u00e9 o primeiro empreendimento certificado ZERO ENERGY do Brasil.<\/span><\/p>\n<p style=\"text-align: justify;\"><span style=\"color: #000000;\">O evento foi encerrado com as participa\u00e7\u00f5es da vice-presidente s\u00eanior do USGBC, Kimberly Lewis e de Rick Fedrizzi, presidente fundador e ex-CEO do USGBC e atual CEO do International Well Building Institute (Certifica\u00e7\u00e3o Well). Ambos falaram sobre os desafios do in\u00edcio dos trabalhos voltados \u00e0s constru\u00e7\u00f5es verdes, as a\u00e7\u00f5es iniciais de mobiliza\u00e7\u00e3o do setor da constru\u00e7\u00e3o em torno do tema sustentabilidade e da import\u00e2ncia da vis\u00e3o hol\u00edstica (constru\u00e7\u00e3o, economia, meio ambiente, pessoas e qualidade de vida). Fedrizzi falou , ainda, sobre a o que chamou de Segunda Onda da sustentabilidade<span style=\"color: #000080;\"><em> \u201cNos anos 90, a Primeira Onda de sustentabilidade nos conduziu no sentido de buscar minimizar o impacto nos ecossistemas. Estamos hoje vivendo o que considero a Segunda Onda, uma vis\u00e3o complementar que nos leva, al\u00e9m da preserva\u00e7\u00e3o do meio ambiente, \u00e1 preocupa\u00e7\u00e3o com as pessoas e com o \u2018cuidar\u2019 de uma forma mais abrangente\u201d<\/em><\/span>, concluiu o executivo.<\/span><\/p>\n<p style=\"text-align: justify;\"><span style=\"color: #000000;\">Na parte da tarde, a Greenbuilding Brasil Confer\u00eancia Internacional e Expo recebeu diversos convidados para as Sess\u00f5es Educacionais. Um dos temas abordados foi a aplica\u00e7\u00e3o de tecnologias em projetos para edif\u00edcios inteligentes e sustent\u00e1veis. Anderson Benite, da Benite Engenharia e Consultoria, abordou o conceito da constru\u00e7\u00e3o inteligente a partir de olhares sobre tecnologia, internet, conectividade e integra\u00e7\u00e3o de informa\u00e7\u00e3o. Benite explicou que \u201cpara revolucionar o mercado de constru\u00e7\u00e3o civil, devemos ficar atentos \u00e0s mudan\u00e7a de paradigma, tanto em projetos de edif\u00edcios, quanto nas novas tecnologias que est\u00e3o sendo cada vez mais aplicadas no dia-a-dia.\u201d O executivo afirmou que o projetista deve sempre estar atualizado nas novas tend\u00eancias e buscar se atentar sobre as novidades tecnol\u00f3gicas, como \u00e9 o exemplo da impress\u00e3o 3D, da Internet das Coisas, realidade virtual, drones, entre muitos outras tecnologias dispon\u00edveis, que podem ajudar a otimizar uma constru\u00e7\u00e3o.<\/span><\/p>\n<p style=\"text-align: justify;\"><span style=\"color: #000000;\">Outro tema debatido foi o detalhamento da nova cerifica\u00e7\u00e3o NET ZERO ENERGY e das metas do COP Paris, nas palestras de<span style=\"text-decoration: underline;\"><span style=\"color: #0000ff; text-decoration: underline;\"><a style=\"color: #0000ff; text-decoration: underline;\" href=\"http:\/\/expogbcbrasil.org.br\/a01\/\" target=\"_blank\" rel=\"noreferrer\">Ma\u00edra Macedo (GBC Brasil), Victoria Burrows (WGBC), Guido Petinelli (Petinelli Inc.<\/a>)<\/span><\/span>..<\/span><\/p>\n<p style=\"text-align: justify;\"><span style=\"color: #000000;\">Tamb\u00e9m foram apresentados os cases de sucesso, como o sistema de certifica\u00e7\u00e3o verde aplicado em Fortaleza (CE); o projeto Somos Todos Imigrantes &#8211; Condom\u00ednio Residencial sustent\u00e1vel com 32 casas de 52m\u00b2 e Centro Comunit\u00e1rio; Workplace &#8211; escrit\u00f3rios de alta performance e a sustentabilidade; efici\u00eancia em Shopping Centers; FSJ Rio de Janeiro \u2013 uma escola eficiente; Efici\u00eancia no uso e garantia da qualidade da \u00e1gua em edifica\u00e7\u00f5es;<span style=\"text-decoration: underline;\"><span style=\"color: #000080; text-decoration: underline;\">\u00a0<span style=\"color: #0000ff;\"><a style=\"color: #0000ff; text-decoration: underline;\" href=\"http:\/\/expogbcbrasil.org.br\/c03\/\" target=\"_blank\" rel=\"noreferrer\">modelo de habita\u00e7\u00e3o para fam\u00edlias de baixa renda<\/a><\/span><\/span><\/span>; limpeza verde &#8211; facilities.<\/span><\/p>\n<p style=\"text-align: justify;\"><span style=\"color: #000000;\">O primeiro dia da Greenbuilding Brasil Confer\u00eancia Internacional e Expo ofereceu aos visitantes, al\u00e9m das Sess\u00f5es Educacionais, as palestras pocket (de 15 a 20 minutos), gratuitas, do Expo Hall Stage, al\u00e9m das a\u00e7\u00f5es que os expositores promovem em seus estandes.<\/span><\/p>\n<p style=\"text-align: justify;\"><span style=\"color: #000000;\"><span style=\"color: #0000ff;\">Sobre o mercado de constru\u00e7\u00f5es verdes no Brasil <\/span>&#8211; O mercado de constru\u00e7\u00f5es verdes no Brasil tem se consolidado nos \u00faltimos 10 anos, com o engajamento de toda a cadeia produtiva da constru\u00e7\u00e3o civil, que envolve construtoras, arquitetos, fornecedores de produtos e servi\u00e7os, entre outros players desse mercado.<\/span><\/p>\n<p style=\"text-align: justify;\">\n<p>&nbsp;<\/p>\n","protected":false},"excerpt":{"rendered":"<p>A abertura da 8\u00aa Greenbuilding Brasil Confer\u00eancia Internacional e Expo, o principal evento de constru\u00e7\u00f5es verdes da Am\u00e9rica Latina, recebeu importantes nomes, nacionais e internacionais, do mercado de constru\u00e7\u00f5es verdes Agosto, 2017 &#8211; Foi dado in\u00edcio \u00e0 8\u00aa Greenbuilding Brasil Confer\u00eancia Internacional e Expo, o principal evento de constru\u00e7\u00f5es verdes da Am\u00e9rica Latina. Este ano, [&hellip;]<\/p>\n","protected":false},"author":1,"featured_media":0,"comment_status":"open","ping_status":"open","sticky":false,"template":"","format":"standard","meta":{"_uag_custom_page_level_css":"","footnotes":""},"categories":[30],"tags":[256,2160,2918,3926,6282,6337,7488,7563,8100,11470],"class_list":["post-7123","post","type-post","status-publish","format-standard","hentry","category-imoveis","tag-8a-greenbuilding-brasil-conferencia-internacional-e-expo","tag-certificacao-leed","tag-construcoes-verdes","tag-edificacoes-sustentaveis","tag-international-well-building-institute-certificacao-well","tag-investimentos-em-solucoes-sustentaveis","tag-mercado-de-construcao-civil","tag-mercado-imobiliario","tag-net-zero-energy-building","tag-sustentabilidade"],"blocksy_meta":[],"spectra_blocks_featured_image_url":null,"spectra_blocks_author_info":{"display_name":"Jornal da Constru\u00e7\u00e3o Civil","avatar_url":"https:\/\/secure.gravatar.com\/avatar\/973c9774fd44ddaceb026973c4962faa70fc512bc4c9da68e8ebb40fecee6540?s=96&d=mm&r=g","author_link":"https:\/\/construcaocivil.siriusmarketingedesign.com.br\/?author=1","description":"Desde de 2013, levando muitas informa\u00e7\u00f5es, lan\u00e7amentos e produtos de qualidade para toda cadeia produtiva da constru\u00e7\u00e3o. O Futuro da constru\u00e7\u00e3o passa por aqui,"},"uagb_featured_image_src":{"full":false,"thumbnail":false,"medium":false,"medium_large":false,"large":false,"1536x1536":false,"2048x2048":false},"uagb_author_info":{"display_name":"Jornal da Constru\u00e7\u00e3o Civil","author_link":"https:\/\/construcaocivil.siriusmarketingedesign.com.br\/?author=1"},"uagb_comment_info":0,"uagb_excerpt":"A abertura da 8\u00aa Greenbuilding Brasil Confer\u00eancia Internacional e Expo, o principal evento de constru\u00e7\u00f5es verdes da Am\u00e9rica Latina, recebeu importantes nomes, nacionais e internacionais, do mercado de constru\u00e7\u00f5es verdes Agosto, 2017 &#8211; Foi dado in\u00edcio \u00e0 8\u00aa Greenbuilding Brasil Confer\u00eancia Internacional e Expo, o principal evento de constru\u00e7\u00f5es verdes da Am\u00e9rica Latina. Este ano,&hellip;","_links":{"self":[{"href":"https:\/\/construcaocivil.siriusmarketingedesign.com.br\/index.php?rest_route=\/wp\/v2\/posts\/7123","targetHints":{"allow":["GET"]}}],"collection":[{"href":"https:\/\/construcaocivil.siriusmarketingedesign.com.br\/index.php?rest_route=\/wp\/v2\/posts"}],"about":[{"href":"https:\/\/construcaocivil.siriusmarketingedesign.com.br\/index.php?rest_route=\/wp\/v2\/types\/post"}],"author":[{"embeddable":true,"href":"https:\/\/construcaocivil.siriusmarketingedesign.com.br\/index.php?rest_route=\/wp\/v2\/users\/1"}],"replies":[{"embeddable":true,"href":"https:\/\/construcaocivil.siriusmarketingedesign.com.br\/index.php?rest_route=%2Fwp%2Fv2%2Fcomments&post=7123"}],"version-history":[{"count":0,"href":"https:\/\/construcaocivil.siriusmarketingedesign.com.br\/index.php?rest_route=\/wp\/v2\/posts\/7123\/revisions"}],"wp:attachment":[{"href":"https:\/\/construcaocivil.siriusmarketingedesign.com.br\/index.php?rest_route=%2Fwp%2Fv2%2Fmedia&parent=7123"}],"wp:term":[{"taxonomy":"category","embeddable":true,"href":"https:\/\/construcaocivil.siriusmarketingedesign.com.br\/index.php?rest_route=%2Fwp%2Fv2%2Fcategories&post=7123"},{"taxonomy":"post_tag","embeddable":true,"href":"https:\/\/construcaocivil.siriusmarketingedesign.com.br\/index.php?rest_route=%2Fwp%2Fv2%2Ftags&post=7123"}],"curies":[{"name":"wp","href":"https:\/\/api.w.org\/{rel}","templated":true}]}}