{"id":7125,"date":"2017-08-10T17:05:34","date_gmt":"2017-08-10T20:05:34","guid":{"rendered":"http:\/\/www.jornaldaconstrucaocivil.com.br\/?p=7125"},"modified":"2017-08-10T17:05:34","modified_gmt":"2017-08-10T20:05:34","slug":"industria-da-construcao-civil-promove-evento-gratuito-para-trabalhadores-do-setor","status":"publish","type":"post","link":"https:\/\/construcaocivil.siriusmarketingedesign.com.br\/?p=7125","title":{"rendered":"Ind\u00fastria da Constru\u00e7\u00e3o Civil promove evento gratuito para trabalhadores do setor"},"content":{"rendered":"<p style=\"text-align: justify;\"><span style=\"color: #000080;\"><em><strong>Atividades de lazer, educa\u00e7\u00e3o, esporte, sa\u00fade e cidadania ser\u00e3o realizadas no dia 19 de agosto, no SESC Joinville, a partir das 13 horas<\/strong><\/em><\/span><\/p>\n<p style=\"text-align: justify;\"><span style=\"color: #000000;\"><span style=\"color: #993300;\">Agosto, 2017<\/span> &#8211; Os trabalhadores da ind\u00fastria da constru\u00e7\u00e3o civil de Joinville ter\u00e3o no dia 19 de agosto uma oportunidade \u00edmpar para reunir a fam\u00edlia em um evento gratuito de lazer, entretenimento, esporte, sa\u00fade, educa\u00e7\u00e3o e cidadania. \u00c9 que a cidade vai participar novamente do Dia Nacional da Constru\u00e7\u00e3o Social (DNCS) \u2013 uma iniciativa da C\u00e2mara Brasileira da Ind\u00fastria da Constru\u00e7\u00e3o (CBIC) que promove, todos os anos, de forma simult\u00e2nea em diferentes munic\u00edpios do pa\u00eds, um evento especialmente dedicado aos profissionais do setor, seus dependentes e familiares. Na edi\u00e7\u00e3o do ano passado, em Joinville, o DNCS reuniu 3.300 participantes e realizou cerca de 20 mil atendimentos.<\/span><\/p>\n<figure id=\"attachment_7128\" aria-describedby=\"caption-attachment-7128\" style=\"width: 300px\" class=\"wp-caption alignleft\"><a href=\"http:\/\/www.jornaldaconstrucaocivil.com.br\/wp-content\/uploads\/2017\/08\/creditos-Elton-Costa-0115-e1502395272913.jpg\"><img loading=\"lazy\" decoding=\"async\" class=\"wp-image-7128 size-medium\" src=\"http:\/\/www.jornaldaconstrucaocivil.com.br\/wp-content\/uploads\/2017\/08\/creditos-Elton-Costa-0115-300x200.jpg\" width=\"300\" height=\"200\" \/><\/a><figcaption id=\"caption-attachment-7128\" class=\"wp-caption-text\">Dia Nacional da Constru\u00e7\u00e3o Social em Joinville(SC). Cr\u00e9ditos: Elton Costa<\/figcaption><\/figure>\n<p style=\"text-align: justify;\"><span style=\"color: #000000;\">Organizado em Joinville pelo Sindicato da Ind\u00fastria da Constru\u00e7\u00e3o Civil (SINDUSCON), Servi\u00e7o Social da Ind\u00fastria da Constru\u00e7\u00e3o Civil (SECONCI), Servi\u00e7o Social da Ind\u00fastria (FIESC\/SESI) e Servi\u00e7o Social do Com\u00e9rcio (SESC), o evento ser\u00e1 no SESC Joinville dia 19 de agosto, das 13h \u00e0s 17h, com entrada franca, e oferecer\u00e1 aos participantes uma gama de atividades educativas, recreativas, de cidadania e de integra\u00e7\u00e3o, al\u00e9m de alimenta\u00e7\u00e3o e sorteio de pr\u00eamios e brindes, entre eles uma moto CG zero quil\u00f4metro, 10 bicicletas, 5 micro-ondas e dois televisores de 40 polegadas.<\/span><\/p>\n<p style=\"text-align: justify;\"><span style=\"color: #000000;\">O presidente do SINDUSCON Joinville, Mario Cezar de Aguiar, explica que a iniciativa refor\u00e7a a preocupa\u00e7\u00e3o do setor com a responsabilidade social, a cidadania e a qualidade de vida. <em>\u201cNosso objetivo principal \u00e9 promover a integra\u00e7\u00e3o entre os profissionais do setor, oferecendo aos trabalhadores e a seus familiares a oportunidade de participar de um grande encontro, com uma programa\u00e7\u00e3o pensada especialmente no lazer, na educa\u00e7\u00e3o e na promo\u00e7\u00e3o da sa\u00fade\u201d<\/em>, diz.<\/span><\/p>\n<p style=\"text-align: justify;\"><span style=\"color: #000000;\">Uma das novidades deste ano ser\u00e1 a participa\u00e7\u00e3o do Instituto Geral de Per\u00edcias (IGP), que manter\u00e1 no evento um estande para a emiss\u00e3o de carteiras de identidade (RG). Sucesso no ano passado, a Bike to Food tamb\u00e9m est\u00e1 confirmada. A atra\u00e7\u00e3o chamou a aten\u00e7\u00e3o da comunidade no ano passado j\u00e1 que, pedalando para acionar o liquidificador, os participantes do evento podem preparar seus pr\u00f3prios sucos naturais. Al\u00e9m disso, ser\u00e3o distribu\u00eddos cachorro-quente, suco e pipoca.<\/span><\/p>\n<p style=\"text-align: justify;\"><span style=\"color: #000000;\"> Na \u00e1rea de sa\u00fade e cidadania os servi\u00e7os incluem avalia\u00e7\u00e3o odontol\u00f3gica, orienta\u00e7\u00e3o nutricional, testes de glicemia e vis\u00e3o, corte de cabelo e barbearia, massoterapia e oficina de rem\u00e9dios gen\u00e9ricos, entre outros. As atra\u00e7\u00f5es seguem com os caminh\u00f5es do SESI Ci\u00eancias e Senai NR 35, participa\u00e7\u00e3o do SESI Rob\u00f3tica e emiss\u00e3o da carteira de identidade (RG). A programa\u00e7\u00e3o ter\u00e1 ainda atividades culturais, esportivas e recreativas, brinquedos infantis, pintura facial, torneio de p\u00eanalti e a presen\u00e7a do JEC\/Krona Futsal e do Veteran Car Club, al\u00e9m de atra\u00e7\u00f5es musicais.<\/span><\/p>\n<p><span style=\"color: #993300;\">PROGRAMA\u00c7\u00c3O<\/span><\/p>\n<p><span style=\"color: #0000ff;\"> SA\u00daDE E CIDADANIA<\/span><\/p>\n<p><span style=\"color: #000000;\">\u00a0Avalia\u00e7\u00e3o capilar<\/span><\/p>\n<p><span style=\"color: #000000;\">Avalia\u00e7\u00e3o corporal<\/span><\/p>\n<p><span style=\"color: #000000;\">Avalia\u00e7\u00e3o odontol\u00f3gica<\/span><\/p>\n<p><span style=\"color: #000000;\">Avalia\u00e7\u00e3o de press\u00e3o arterial<\/span><\/p>\n<p style=\"text-align: justify;\"><strong><span style=\"color: #0000ff;\">Bike to Food<\/span><\/strong><\/p>\n<p><span style=\"color: #000000;\">Corte de cabelo e barbearia<\/span><\/p>\n<p><span style=\"color: #000000;\"> Delegacia m\u00f3vel<\/span><\/p>\n<p><span style=\"color: #000000;\"> Emiss\u00e3o de identidades (RG)<\/span><\/p>\n<p><span style=\"color: #000000;\">Massoterapia<\/span><\/p>\n<p><span style=\"color: #000000;\">Oficina de rem\u00e9dios gen\u00e9ricos<\/span><\/p>\n<p style=\"text-align: justify;\"><span style=\"color: #000000;\">Orienta\u00e7\u00e3o nutricional<\/span><\/p>\n<p style=\"text-align: justify;\"><strong><span style=\"color: #0000ff;\">SESI Clube \u2013 Atividade f\u00edsica<\/span><\/strong><\/p>\n<p><span style=\"color: #000000;\">Teste de glicemia<\/span><\/p>\n<p><span style=\"color: #000000;\"> \u00a0Teste visual<\/span><\/p>\n<p><strong><span style=\"color: #0000ff;\">XBOX: Atividade f\u00edsica interativa<\/span><\/strong><\/p>\n<p><span style=\"color: #993300;\">LAZER<\/span><\/p>\n<p><span style=\"color: #000000;\"> Brincadeiras<\/span><\/p>\n<p><span style=\"color: #000000;\">Brinquedos infl\u00e1veis<\/span><\/p>\n<p><span style=\"color: #000000;\"> Cama el\u00e1stica e tobog\u00e3<\/span><\/p>\n<p><span style=\"color: #000000;\"> Piscina de bolinhas<\/span><\/p>\n<p style=\"text-align: justify;\"><span style=\"color: #000000;\">Pintura facial infantil<\/span><\/p>\n<p><span style=\"color: #000000;\"> Presen\u00e7a do JEC\/Krona Futsal<\/span><\/p>\n<p><span style=\"color: #000000;\"> Presen\u00e7a do Veteran Car Club<\/span><\/p>\n<p><span style=\"color: #000000;\"> Shows regionais<\/span><\/p>\n<p><span style=\"color: #000000;\"> Torneio de p\u00eanalti<\/span><\/p>\n<p><span style=\"color: #000000;\"> Distribui\u00e7\u00e3o de cachorro-quente, suco e pipoca<\/span><\/p>\n<p><strong><span style=\"color: #0000ff;\">EDUCA\u00c7\u00c3O<\/span><\/strong><\/p>\n<p><span style=\"color: #000000;\">Caminh\u00e3o SENAI NR-35<\/span><\/p>\n<p style=\"text-align: justify;\"><span style=\"color: #000000;\">Caminh\u00e3o SESI Ci\u00eancias<\/span><\/p>\n<p style=\"text-align: justify;\"><span style=\"color: #000000;\">Orelha infl\u00e1vel<\/span><\/p>\n<p><span style=\"color: #993300;\">SESI Rob\u00f3tica<\/span><\/p>\n<p><strong><span style=\"color: #000000;\"> SERVI\u00c7O<\/span><\/strong><\/p>\n<p><span style=\"color: #000000;\"> O QU\u00ca? Dia Nacional da Constru\u00e7\u00e3o Social \u2013 edi\u00e7\u00e3o 2017<\/span><\/p>\n<p><span style=\"color: #000000;\"> QUANDO? 19 de agosto, das 13h \u00e0s 17h<\/span><\/p>\n<p><span style=\"color: #000000;\"> ONDE? SESC Joinville, rua Itai\u00f3polis, 470, bairro Am\u00e9rica<\/span><\/p>\n<p><span style=\"color: #000000;\"> QUANTO? Gratuito<\/span><\/p>\n<p><span style=\"color: #000000;\"> MAIS INFORMA\u00c7\u00d5ES: SINDUSCON Joinville &#8211; 3425-2288<\/span><\/p>\n<p>Fonte: Imprensa\/Sinduscon-Joinville-SC<\/p>\n","protected":false},"excerpt":{"rendered":"<p>Atividades de lazer, educa\u00e7\u00e3o, esporte, sa\u00fade e cidadania ser\u00e3o realizadas no dia 19 de agosto, no SESC Joinville, a partir das 13 horas Agosto, 2017 &#8211; Os trabalhadores da ind\u00fastria da constru\u00e7\u00e3o civil de Joinville ter\u00e3o no dia 19 de agosto uma oportunidade \u00edmpar para reunir a fam\u00edlia em um evento gratuito de lazer, entretenimento, [&hellip;]<\/p>\n","protected":false},"author":1,"featured_media":7128,"comment_status":"open","ping_status":"open","sticky":false,"template":"","format":"standard","meta":{"_uag_custom_page_level_css":"","footnotes":""},"categories":[27],"tags":[1708,3625,4693,10882,10927,10929,10933,10962,11151,11845],"class_list":["post-7125","post","type-post","status-publish","format-standard","has-post-thumbnail","hentry","category-acontece","tag-camara-brasileira-da-industria-da-construcao-cbic","tag-dia-nacional-da-construcao-social-edicao-2017","tag-evento-gratuito","tag-senai-nr-35","tag-servico-social-da-industria-fiescsesi","tag-servico-social-da-industria-da-construcao-civil-seconci","tag-servico-social-do-comercio-sesc","tag-sesc-joinville-bairro-america","tag-sinduscon-joinville","tag-trabalhadores-da-construcao-civil"],"blocksy_meta":[],"spectra_blocks_featured_image_url":[],"spectra_blocks_author_info":{"display_name":"Jornal da Constru\u00e7\u00e3o Civil","avatar_url":"https:\/\/secure.gravatar.com\/avatar\/973c9774fd44ddaceb026973c4962faa70fc512bc4c9da68e8ebb40fecee6540?s=96&d=mm&r=g","author_link":"https:\/\/construcaocivil.siriusmarketingedesign.com.br\/?author=1","description":"Desde de 2013, levando muitas informa\u00e7\u00f5es, lan\u00e7amentos e produtos de qualidade para toda cadeia produtiva da constru\u00e7\u00e3o. O Futuro da constru\u00e7\u00e3o passa por aqui,"},"uagb_featured_image_src":{"full":false,"thumbnail":false,"medium":false,"medium_large":false,"large":false,"1536x1536":false,"2048x2048":false},"uagb_author_info":{"display_name":"Jornal da Constru\u00e7\u00e3o Civil","author_link":"https:\/\/construcaocivil.siriusmarketingedesign.com.br\/?author=1"},"uagb_comment_info":0,"uagb_excerpt":"Atividades de lazer, educa\u00e7\u00e3o, esporte, sa\u00fade e cidadania ser\u00e3o realizadas no dia 19 de agosto, no SESC Joinville, a partir das 13 horas Agosto, 2017 &#8211; Os trabalhadores da ind\u00fastria da constru\u00e7\u00e3o civil de Joinville ter\u00e3o no dia 19 de agosto uma oportunidade \u00edmpar para reunir a fam\u00edlia em um evento gratuito de lazer, entretenimento,&hellip;","_links":{"self":[{"href":"https:\/\/construcaocivil.siriusmarketingedesign.com.br\/index.php?rest_route=\/wp\/v2\/posts\/7125","targetHints":{"allow":["GET"]}}],"collection":[{"href":"https:\/\/construcaocivil.siriusmarketingedesign.com.br\/index.php?rest_route=\/wp\/v2\/posts"}],"about":[{"href":"https:\/\/construcaocivil.siriusmarketingedesign.com.br\/index.php?rest_route=\/wp\/v2\/types\/post"}],"author":[{"embeddable":true,"href":"https:\/\/construcaocivil.siriusmarketingedesign.com.br\/index.php?rest_route=\/wp\/v2\/users\/1"}],"replies":[{"embeddable":true,"href":"https:\/\/construcaocivil.siriusmarketingedesign.com.br\/index.php?rest_route=%2Fwp%2Fv2%2Fcomments&post=7125"}],"version-history":[{"count":0,"href":"https:\/\/construcaocivil.siriusmarketingedesign.com.br\/index.php?rest_route=\/wp\/v2\/posts\/7125\/revisions"}],"wp:attachment":[{"href":"https:\/\/construcaocivil.siriusmarketingedesign.com.br\/index.php?rest_route=%2Fwp%2Fv2%2Fmedia&parent=7125"}],"wp:term":[{"taxonomy":"category","embeddable":true,"href":"https:\/\/construcaocivil.siriusmarketingedesign.com.br\/index.php?rest_route=%2Fwp%2Fv2%2Fcategories&post=7125"},{"taxonomy":"post_tag","embeddable":true,"href":"https:\/\/construcaocivil.siriusmarketingedesign.com.br\/index.php?rest_route=%2Fwp%2Fv2%2Ftags&post=7125"}],"curies":[{"name":"wp","href":"https:\/\/api.w.org\/{rel}","templated":true}]}}