{"id":7137,"date":"2017-08-11T13:59:10","date_gmt":"2017-08-11T16:59:10","guid":{"rendered":"http:\/\/www.jornaldaconstrucaocivil.com.br\/?p=7137"},"modified":"2017-08-11T13:59:10","modified_gmt":"2017-08-11T16:59:10","slug":"a-formacao-do-professor-precisa-ir-alem-da-universidade","status":"publish","type":"post","link":"https:\/\/construcaocivil.siriusmarketingedesign.com.br\/?p=7137","title":{"rendered":"A forma\u00e7\u00e3o do professor precisa ir al\u00e9m da universidade"},"content":{"rendered":"<p style=\"text-align: justify;\"><span style=\"color: #000080;\"><em><strong>Psicopedagoga alerta sobre a import\u00e2ncia da constante atualiza\u00e7\u00e3o dos docentes<\/strong><\/em><\/span><\/p>\n<p style=\"text-align: justify;\"><span style=\"color: #000000;\"><span style=\"color: #993300;\">CURITIBA, 11\/08\/2017<\/span> &#8211; A forma\u00e7\u00e3o do professor deve ser compreendida como um processo din\u00e2mico, cont\u00ednuo e permanente, tendo como base um conhecimento aprofundado sobre o aprendiz\/aluno. Para Ana Regina Caminha Braga, psicopedagoga e especialista em educa\u00e7\u00e3o especial e em gest\u00e3o escolar, s\u00e3o tr\u00eas os aspectos de conhecimento que os professores devem observar para uma melhor atua\u00e7\u00e3o em sala.<\/span><\/p>\n<figure id=\"attachment_7138\" aria-describedby=\"caption-attachment-7138\" style=\"width: 300px\" class=\"wp-caption alignleft\"><a href=\"http:\/\/www.jornaldaconstrucaocivil.com.br\/wp-content\/uploads\/2017\/08\/saladeaula-2.jpg\"><img loading=\"lazy\" decoding=\"async\" class=\"wp-image-7138 size-medium\" src=\"http:\/\/www.jornaldaconstrucaocivil.com.br\/wp-content\/uploads\/2017\/08\/saladeaula-2-300x214.jpg\" width=\"300\" height=\"214\" \/><\/a><figcaption id=\"caption-attachment-7138\" class=\"wp-caption-text\">Sala de aula. Cr\u00e9ditos: Divulga\u00e7\u00e3o<\/figcaption><\/figure>\n<p style=\"text-align: justify;\"><span style=\"color: #000000;\">O primeiro \u00e9 o conhecimento psicopedag\u00f3gico, que o ajuda a compreender melhor as t\u00e9cnicas e destrezas, permitindo assim, uma boa e correta atua\u00e7\u00e3o educativa. O segundo, \u00e9 o conhecimento metodol\u00f3gico que possibilita conduzir satisfatoriamente as aprendizagens de acordo com cada faixa et\u00e1ria. E o terceiro, mas n\u00e3o menos importante, \u00e9 conhecimento social, para adequar melhor \u00e0 realidade educativa ao contexto sociocultural da escola e de seus alunos.<\/span><\/p>\n<p style=\"text-align: justify;\"><span style=\"color: #000000;\">Para Ana Regina, apenas a forma\u00e7\u00e3o acad\u00eamica n\u00e3o \u00e9 suficiente para que o professor atue em sala de aula. <span style=\"color: #000080;\"><em>\u201cO conhecimento da gradua\u00e7\u00e3o precisa ser expandido, o professor precisa buscar novos conhecimentos, pesquisar e ter seu pr\u00f3prio acervo constru\u00eddo, para que tenha a possibilidade de relacionar teorias e escolher a a\u00e7\u00e3o pr\u00e1tica mais adequada, refletindo sobre o que oferece como profissional ao seu aluno\u201d<\/em><\/span>, comenta.<\/span><\/p>\n<figure id=\"attachment_7139\" aria-describedby=\"caption-attachment-7139\" style=\"width: 300px\" class=\"wp-caption alignright\"><a href=\"http:\/\/www.jornaldaconstrucaocivil.com.br\/wp-content\/uploads\/2017\/08\/entrepreneur-1227088_1280.jpg\"><img loading=\"lazy\" decoding=\"async\" class=\"wp-image-7139 size-medium\" src=\"http:\/\/www.jornaldaconstrucaocivil.com.br\/wp-content\/uploads\/2017\/08\/entrepreneur-1227088_1280-300x191.jpg\" width=\"300\" height=\"191\" \/><\/a><figcaption id=\"caption-attachment-7139\" class=\"wp-caption-text\">A forma\u00e7\u00e3o do professor deve ser compreendida como um processo din\u00e2mico, cont\u00ednuo e permanente, tendo como base um conhecimento aprofundado sobre o aprendiz\/aluno. Cr\u00e9ditos: Divulga\u00e7\u00e3o<\/figcaption><\/figure>\n<p style=\"text-align: justify;\"><span style=\"color: #000000;\">Essa consci\u00eancia por parte do docente, facilita a elabora\u00e7\u00e3o de suas aulas e da pr\u00e1tica pedag\u00f3gica executada com o aprendiz. Al\u00e9m de possibilitar maior flexibilidade e controle, se um imprevisto acontecer \u00e9 preciso que o professor tenha habilidade para conduzir a situa\u00e7\u00e3o. Para finalizar, a psicopedagoga lembra que professores devem manter esse processo ao longo de toda a vida acad\u00eamica, \u00e9 importante que ele tenha conhecimento de suas habilidades e limita\u00e7\u00f5es, avaliando diariamente sua pr\u00e1tica pedag\u00f3gica, com a inten\u00e7\u00e3o de melhorar o que \u00e9 necess\u00e1rio.<\/span><\/p>\n<p style=\"text-align: justify;\"><span style=\"color: #000080;\"><em>\u201cO exerc\u00edcio de ser professor \u00e9 de compromisso com a forma\u00e7\u00e3o de uma vida, que precisa ser cuidada e acompanhada durante o seu desenvolvimento para estabelecer boas rela\u00e7\u00f5es e aprendizagens que possam multiplicar-se com a trajet\u00f3ria acad\u00eamica de cada aprendiz. Por isso devemos estar sempre atentos e em um processo de atualiza\u00e7\u00e3o permanente\u201d.<\/em><\/span><\/p>\n","protected":false},"excerpt":{"rendered":"<p>Psicopedagoga alerta sobre a import\u00e2ncia da constante atualiza\u00e7\u00e3o dos docentes CURITIBA, 11\/08\/2017 &#8211; A forma\u00e7\u00e3o do professor deve ser compreendida como um processo din\u00e2mico, cont\u00ednuo e permanente, tendo como base um conhecimento aprofundado sobre o aprendiz\/aluno. Para Ana Regina Caminha Braga, psicopedagoga e especialista em educa\u00e7\u00e3o especial e em gest\u00e3o escolar, s\u00e3o tr\u00eas os aspectos [&hellip;]<\/p>\n","protected":false},"author":1,"featured_media":7138,"comment_status":"open","ping_status":"open","sticky":false,"template":"","format":"standard","meta":{"_uag_custom_page_level_css":"","footnotes":""},"categories":[27],"tags":[636,3269,3314,3784,4371,4480,4836,6309,8285,8614,9532,10554],"class_list":["post-7137","post","type-post","status-publish","format-standard","has-post-thumbnail","hentry","category-acontece","tag-alunos-desmotivados","tag-curitiba-pr","tag-cursos-universitarios","tag-docentes-em-processo-de-aprendizado-constante","tag-ensino-falido","tag-escolas-modernas-e-eficiente","tag-falencia-da-educacao-do-brasil","tag-investimento-em-pesquisa","tag-novos-modelos","tag-papel-do-professor","tag-professores-motivados-e-qualificados","tag-sala-de-aula-vazia"],"blocksy_meta":[],"spectra_blocks_featured_image_url":[],"spectra_blocks_author_info":{"display_name":"Jornal da Constru\u00e7\u00e3o Civil","avatar_url":"https:\/\/secure.gravatar.com\/avatar\/973c9774fd44ddaceb026973c4962faa70fc512bc4c9da68e8ebb40fecee6540?s=96&d=mm&r=g","author_link":"https:\/\/construcaocivil.siriusmarketingedesign.com.br\/?author=1","description":"Desde de 2013, levando muitas informa\u00e7\u00f5es, lan\u00e7amentos e produtos de qualidade para toda cadeia produtiva da constru\u00e7\u00e3o. O Futuro da constru\u00e7\u00e3o passa por aqui,"},"uagb_featured_image_src":{"full":false,"thumbnail":false,"medium":false,"medium_large":false,"large":false,"1536x1536":false,"2048x2048":false},"uagb_author_info":{"display_name":"Jornal da Constru\u00e7\u00e3o Civil","author_link":"https:\/\/construcaocivil.siriusmarketingedesign.com.br\/?author=1"},"uagb_comment_info":0,"uagb_excerpt":"Psicopedagoga alerta sobre a import\u00e2ncia da constante atualiza\u00e7\u00e3o dos docentes CURITIBA, 11\/08\/2017 &#8211; A forma\u00e7\u00e3o do professor deve ser compreendida como um processo din\u00e2mico, cont\u00ednuo e permanente, tendo como base um conhecimento aprofundado sobre o aprendiz\/aluno. Para Ana Regina Caminha Braga, psicopedagoga e especialista em educa\u00e7\u00e3o especial e em gest\u00e3o escolar, s\u00e3o tr\u00eas os aspectos&hellip;","_links":{"self":[{"href":"https:\/\/construcaocivil.siriusmarketingedesign.com.br\/index.php?rest_route=\/wp\/v2\/posts\/7137","targetHints":{"allow":["GET"]}}],"collection":[{"href":"https:\/\/construcaocivil.siriusmarketingedesign.com.br\/index.php?rest_route=\/wp\/v2\/posts"}],"about":[{"href":"https:\/\/construcaocivil.siriusmarketingedesign.com.br\/index.php?rest_route=\/wp\/v2\/types\/post"}],"author":[{"embeddable":true,"href":"https:\/\/construcaocivil.siriusmarketingedesign.com.br\/index.php?rest_route=\/wp\/v2\/users\/1"}],"replies":[{"embeddable":true,"href":"https:\/\/construcaocivil.siriusmarketingedesign.com.br\/index.php?rest_route=%2Fwp%2Fv2%2Fcomments&post=7137"}],"version-history":[{"count":0,"href":"https:\/\/construcaocivil.siriusmarketingedesign.com.br\/index.php?rest_route=\/wp\/v2\/posts\/7137\/revisions"}],"wp:attachment":[{"href":"https:\/\/construcaocivil.siriusmarketingedesign.com.br\/index.php?rest_route=%2Fwp%2Fv2%2Fmedia&parent=7137"}],"wp:term":[{"taxonomy":"category","embeddable":true,"href":"https:\/\/construcaocivil.siriusmarketingedesign.com.br\/index.php?rest_route=%2Fwp%2Fv2%2Fcategories&post=7137"},{"taxonomy":"post_tag","embeddable":true,"href":"https:\/\/construcaocivil.siriusmarketingedesign.com.br\/index.php?rest_route=%2Fwp%2Fv2%2Ftags&post=7137"}],"curies":[{"name":"wp","href":"https:\/\/api.w.org\/{rel}","templated":true}]}}