{"id":7164,"date":"2017-08-12T12:24:46","date_gmt":"2017-08-12T15:24:46","guid":{"rendered":"http:\/\/www.jornaldaconstrucaocivil.com.br\/?p=7164"},"modified":"2017-08-12T12:24:46","modified_gmt":"2017-08-12T15:24:46","slug":"fr-incorporadora-promove-evento-especial-de-dia-dos-pais-para-colaboradores","status":"publish","type":"post","link":"https:\/\/construcaocivil.siriusmarketingedesign.com.br\/?p=7164","title":{"rendered":"FR Incorporadora promove evento especial de Dia dos Pais para colaboradores"},"content":{"rendered":"<figure id=\"attachment_7165\" aria-describedby=\"caption-attachment-7165\" style=\"width: 300px\" class=\"wp-caption alignleft\"><a href=\"http:\/\/www.jornaldaconstrucaocivil.com.br\/wp-content\/uploads\/2017\/08\/16504911082017_Cafe_da_manha_na_obra_da_FR_Incorporadora__2_.jpeg\"><img loading=\"lazy\" decoding=\"async\" class=\"wp-image-7165 size-medium\" src=\"http:\/\/www.jornaldaconstrucaocivil.com.br\/wp-content\/uploads\/2017\/08\/16504911082017_Cafe_da_manha_na_obra_da_FR_Incorporadora__2_-300x225.jpeg\" width=\"300\" height=\"225\" \/><\/a><figcaption id=\"caption-attachment-7165\" class=\"wp-caption-text\">Caf\u00e9 da manh\u00e3 na obra da FR Incorporadora. Cr\u00e9ditos: Divulga\u00e7\u00e3o<\/figcaption><\/figure>\n<p style=\"text-align: justify;\"><span style=\"color: #000000;\"><span style=\"color: #993300;\">Agosto, 2017<\/span> &#8211; Os colaboradores da FR Incorporadora receberam um caf\u00e9 da manh\u00e3 especial. Como mais de 90% dos colaboradores da obra s\u00e3o homens, e receberam essa singela homenagem pelo Dia dos Pais, que \u00e9 no pr\u00f3ximo domingo, 13\/8. No total s\u00e3o cerca de 170 pessoas em confraternizaram. Al\u00e9m disso, dois cursos aconteceram em obras da empresa durante essa semana, um de seguran\u00e7a na Opera\u00e7\u00e3o de M\u00e1quinas e Equipamentos, Trabalho em Altura e sobre C\u00e2ncer de Pr\u00f3stata .<\/span><\/p>\n<p style=\"text-align: justify;\"><span style=\"color: #000000;\">Para o engenheiro de seguran\u00e7a da Fr Incorporadora, Raphael Chaul, essas a\u00e7\u00f5es s\u00e3o positivas e visam mostrar o quanto os colaboradores s\u00e3o importantes para a institui\u00e7\u00e3o. <em><span style=\"color: #000080;\">\u201c\u00c9 uma forma que encontramos tamb\u00e9m para causar a\u00a0 integra\u00e7\u00e3o entre colaboradores de obra e equipe administrativa. Lembr\u00e1-los que s\u00e3o importantes n\u00e3o s\u00f3 no aspecto profissional, mas tamb\u00e9m como pessoas\u201d<\/span><\/em>, ressalta.\u00a0<\/span><\/p>\n","protected":false},"excerpt":{"rendered":"<p>Agosto, 2017 &#8211; Os colaboradores da FR Incorporadora receberam um caf\u00e9 da manh\u00e3 especial. Como mais de 90% dos colaboradores da obra s\u00e3o homens, e receberam essa singela homenagem pelo Dia dos Pais, que \u00e9 no pr\u00f3ximo domingo, 13\/8. No total s\u00e3o cerca de 170 pessoas em confraternizaram. Al\u00e9m disso, dois cursos aconteceram em obras [&hellip;]<\/p>\n","protected":false},"author":1,"featured_media":7165,"comment_status":"open","ping_status":"open","sticky":false,"template":"","format":"standard","meta":{"_uag_custom_page_level_css":"","footnotes":""},"categories":[37],"tags":[1804,2402,2826,3611,5233,5515,8458],"class_list":["post-7164","post","type-post","status-publish","format-standard","has-post-thumbnail","hentry","category-sustentabilidade","tag-cancer-de-prostata","tag-colaboradores-recebem-homenagem-no-dia-dos-pais","tag-construcao-civil","tag-dia-do-pais","tag-fr-incorporadora","tag-goias","tag-operacao-de-maquinas-pesadas"],"blocksy_meta":[],"spectra_blocks_featured_image_url":[],"spectra_blocks_author_info":{"display_name":"Jornal da Constru\u00e7\u00e3o Civil","avatar_url":"https:\/\/secure.gravatar.com\/avatar\/973c9774fd44ddaceb026973c4962faa70fc512bc4c9da68e8ebb40fecee6540?s=96&d=mm&r=g","author_link":"https:\/\/construcaocivil.siriusmarketingedesign.com.br\/?author=1","description":"Desde de 2013, levando muitas informa\u00e7\u00f5es, lan\u00e7amentos e produtos de qualidade para toda cadeia produtiva da constru\u00e7\u00e3o. O Futuro da constru\u00e7\u00e3o passa por aqui,"},"uagb_featured_image_src":{"full":false,"thumbnail":false,"medium":false,"medium_large":false,"large":false,"1536x1536":false,"2048x2048":false},"uagb_author_info":{"display_name":"Jornal da Constru\u00e7\u00e3o Civil","author_link":"https:\/\/construcaocivil.siriusmarketingedesign.com.br\/?author=1"},"uagb_comment_info":0,"uagb_excerpt":"Agosto, 2017 &#8211; Os colaboradores da FR Incorporadora receberam um caf\u00e9 da manh\u00e3 especial. Como mais de 90% dos colaboradores da obra s\u00e3o homens, e receberam essa singela homenagem pelo Dia dos Pais, que \u00e9 no pr\u00f3ximo domingo, 13\/8. No total s\u00e3o cerca de 170 pessoas em confraternizaram. Al\u00e9m disso, dois cursos aconteceram em obras&hellip;","_links":{"self":[{"href":"https:\/\/construcaocivil.siriusmarketingedesign.com.br\/index.php?rest_route=\/wp\/v2\/posts\/7164","targetHints":{"allow":["GET"]}}],"collection":[{"href":"https:\/\/construcaocivil.siriusmarketingedesign.com.br\/index.php?rest_route=\/wp\/v2\/posts"}],"about":[{"href":"https:\/\/construcaocivil.siriusmarketingedesign.com.br\/index.php?rest_route=\/wp\/v2\/types\/post"}],"author":[{"embeddable":true,"href":"https:\/\/construcaocivil.siriusmarketingedesign.com.br\/index.php?rest_route=\/wp\/v2\/users\/1"}],"replies":[{"embeddable":true,"href":"https:\/\/construcaocivil.siriusmarketingedesign.com.br\/index.php?rest_route=%2Fwp%2Fv2%2Fcomments&post=7164"}],"version-history":[{"count":0,"href":"https:\/\/construcaocivil.siriusmarketingedesign.com.br\/index.php?rest_route=\/wp\/v2\/posts\/7164\/revisions"}],"wp:attachment":[{"href":"https:\/\/construcaocivil.siriusmarketingedesign.com.br\/index.php?rest_route=%2Fwp%2Fv2%2Fmedia&parent=7164"}],"wp:term":[{"taxonomy":"category","embeddable":true,"href":"https:\/\/construcaocivil.siriusmarketingedesign.com.br\/index.php?rest_route=%2Fwp%2Fv2%2Fcategories&post=7164"},{"taxonomy":"post_tag","embeddable":true,"href":"https:\/\/construcaocivil.siriusmarketingedesign.com.br\/index.php?rest_route=%2Fwp%2Fv2%2Ftags&post=7164"}],"curies":[{"name":"wp","href":"https:\/\/api.w.org\/{rel}","templated":true}]}}