{"id":7175,"date":"2017-08-15T17:07:31","date_gmt":"2017-08-15T20:07:31","guid":{"rendered":"http:\/\/www.jornaldaconstrucaocivil.com.br\/?p=7175"},"modified":"2017-08-15T17:07:31","modified_gmt":"2017-08-15T20:07:31","slug":"uso-de-epi-e-sua-importancia-na-prevencao-de-acidentes-de-trabalho","status":"publish","type":"post","link":"https:\/\/construcaocivil.siriusmarketingedesign.com.br\/?p=7175","title":{"rendered":"Uso de EPI e sua import\u00e2ncia na preven\u00e7\u00e3o de acidentes de trabalho"},"content":{"rendered":"<p style=\"text-align: justify;\"><span style=\"color: #000000;\"><span style=\"color: #993300;\">Agosto, 2017<\/span> &#8211; In\u00fameras s\u00e3o as atividades que exigem a utiliza\u00e7\u00e3o de Equipamentos de Prote\u00e7\u00e3o Individual \u2013 EPIs. Botas, m\u00e1scaras, mangotes, capacetes, \u00f3culos, protetores auriculares, luvas, cintos de seguran\u00e7a e tantos outros acess\u00f3rios de prote\u00e7\u00e3o tornam-se indispens\u00e1veis no dia a dia de in\u00fameros profissionais que colocam em risco a pr\u00f3pria vida para desempenhar suas tarefas.<\/span><\/p>\n<p style=\"text-align: justify;\"><span style=\"color: #000000;\">No entanto, somente o fornecimento dos equipamentos de seguran\u00e7a de trabalho n\u00e3o garante que os funcion\u00e1rios estejam protegidos contra acidentes. A utiliza\u00e7\u00e3o inadequada ou a n\u00e3o utiliza\u00e7\u00e3o destes itens implica em riscos e acidentes que poderiam ser evitados com a conscientiza\u00e7\u00e3o e treinamento adequado.<\/span><\/p>\n<p><span style=\"color: #0000ff;\"><strong>Uso de EPI e exig\u00eancia legal<\/strong><\/span><\/p>\n<figure id=\"attachment_7176\" aria-describedby=\"caption-attachment-7176\" style=\"width: 300px\" class=\"wp-caption alignleft\"><a href=\"http:\/\/www.jornaldaconstrucaocivil.com.br\/wp-content\/uploads\/2017\/08\/epi-obras.jpg\"><img loading=\"lazy\" decoding=\"async\" class=\"wp-image-7176 size-medium\" src=\"http:\/\/www.jornaldaconstrucaocivil.com.br\/wp-content\/uploads\/2017\/08\/epi-obras-300x200.jpg\" alt=\"epi-obras\" width=\"300\" height=\"200\" \/><\/a><figcaption id=\"caption-attachment-7176\" class=\"wp-caption-text\">Uso de EPI e sua import\u00e2ncia na preven\u00e7\u00e3o de acidentes de trabalho. Cr\u00e9ditos: Divulga\u00e7\u00e3o<\/figcaption><\/figure>\n<p style=\"text-align: justify;\"><span style=\"color: #000000;\">O uso de equipamentos de prote\u00e7\u00e3o individual \u00e9 regulamentado pela norma t\u00e9cnica chamada NR 6, que estabelece que os itens de prote\u00e7\u00e3o individual devem ser fornecidos gratuitamente ao colaborador para o desempenho das suas fun\u00e7\u00f5es dentro da empresa.<\/span><\/p>\n<p style=\"text-align: justify;\"><span style=\"color: #000000;\">Isso significa que \u00e9 responsabilidade da empresa garantir que os funcion\u00e1rios fa\u00e7am uso adequado dos equipamentos de prote\u00e7\u00e3o individual, utilizando durante todo o per\u00edodo laboral e seguindo todas as especifica\u00e7\u00f5es recomendadas pela empresa.<\/span><\/p>\n<p style=\"text-align: justify;\"><span style=\"color: #000000;\">\u00c9 importante destacar que para cada caso h\u00e1 um tipo de EPI espec\u00edfico, devendo a empresa realizar um estudo dos riscos ocupacionais e direcionar a\u00e7\u00f5es que possam reduzir ou neutralizar os perigos ao qual os funcion\u00e1rios est\u00e3o expostos.<\/span><\/p>\n<p style=\"text-align: justify;\"><span style=\"color: #000000;\">Para trabalhadores que operam em canteiros de obras, por exemplo, principalmente aqueles que realizam suas atividades em grandes alturas, a NR 18 exige o uso de um Sistema de Prote\u00e7\u00e3o contra quedas acidentais, al\u00e9m de outros itens de seguran\u00e7a de trabalho.<\/span><\/p>\n<p style=\"text-align: justify;\"><span style=\"color: #000000;\">A Pashal conta hoje com um Sistema de Prote\u00e7\u00e3o Coletiva composto por grades de 1,80m de comprimento e 1,20m de altura, o que garante a seguran\u00e7a dos funcion\u00e1rios durante toda a execu\u00e7\u00e3o da obra.<\/span><\/p>\n<p style=\"text-align: justify;\"><span style=\"color: #0000ff;\">EPI para garantir a sa\u00fade e a prote\u00e7\u00e3o do trabalhador<\/span><\/p>\n<p style=\"text-align: justify;\"><span style=\"color: #000000;\">O uso adequado do EPI \u00e9 fundamental para garantir a sa\u00fade e a prote\u00e7\u00e3o do colaborador, evitando que riscos e acidentes possam comprometer sua integridade f\u00edsica e capacidade laboral.<\/span><\/p>\n<p style=\"text-align: justify;\"><span style=\"color: #000000;\">No entanto, muito al\u00e9m de garantir a seguran\u00e7a de trabalho, os equipamentos de prote\u00e7\u00e3o individual reduzem ou neutralizam as chances de profissionais desenvolverem doen\u00e7as ocupacionais, comprometendo a capacidade de trabalho durante a fase ativa dentro da empresa.<\/span><\/p>\n<p style=\"text-align: justify;\"><span style=\"color: #000000;\">Assim, com a utiliza\u00e7\u00e3o correta dos EPIs, a empresa pode reduzir os custos com o pagamento de indeniza\u00e7\u00f5es por danos morais ou materiais, visto que o colaborador n\u00e3o estar\u00e1 mais exposto aos riscos existentes.<\/span><\/p>\n<p style=\"text-align: justify;\"><span style=\"color: #000000;\">A NR 6 especifica que os EPIs s\u00e3o um direito e dever dos trabalhadores, podendo ser punidos caso n\u00e3o sigam todas as recomenda\u00e7\u00f5es repassadas durante o treinamento.<\/span><\/p>\n<p style=\"text-align: justify;\">Mais informa\u00e7\u00f5es acesse em\u00a0<span style=\"text-decoration: underline;\"><span style=\"color: #0000ff; text-decoration: underline;\">www.pashal.com<\/span><\/span><\/p>\n<p style=\"text-align: justify;\">\n","protected":false},"excerpt":{"rendered":"<p>Agosto, 2017 &#8211; In\u00fameras s\u00e3o as atividades que exigem a utiliza\u00e7\u00e3o de Equipamentos de Prote\u00e7\u00e3o Individual \u2013 EPIs. Botas, m\u00e1scaras, mangotes, capacetes, \u00f3culos, protetores auriculares, luvas, cintos de seguran\u00e7a e tantos outros acess\u00f3rios de prote\u00e7\u00e3o tornam-se indispens\u00e1veis no dia a dia de in\u00fameros profissionais que colocam em risco a pr\u00f3pria vida para desempenhar suas tarefas. [&hellip;]<\/p>\n","protected":false},"author":1,"featured_media":0,"comment_status":"open","ping_status":"open","sticky":false,"template":"","format":"standard","meta":{"_uag_custom_page_level_css":"","footnotes":""},"categories":[27],"tags":[380,1816,2826,7367,8301,10778,10785,12158,12159],"class_list":["post-7175","post","type-post","status-publish","format-standard","hentry","category-acontece","tag-acidente-de-trabalho","tag-canteiros-de-obras","tag-construcao-civil","tag-material-de-seguranca-para-o-trabalhador","tag-nr-18","tag-seguranca-do-trabalho","tag-seguranca-e-protecao-dos-profissionais","tag-uso-de-epis","tag-uso-de-equipamentos-de-protecao-individual"],"blocksy_meta":[],"spectra_blocks_featured_image_url":null,"spectra_blocks_author_info":{"display_name":"Jornal da Constru\u00e7\u00e3o Civil","avatar_url":"https:\/\/secure.gravatar.com\/avatar\/973c9774fd44ddaceb026973c4962faa70fc512bc4c9da68e8ebb40fecee6540?s=96&d=mm&r=g","author_link":"https:\/\/construcaocivil.siriusmarketingedesign.com.br\/?author=1","description":"Desde de 2013, levando muitas informa\u00e7\u00f5es, lan\u00e7amentos e produtos de qualidade para toda cadeia produtiva da constru\u00e7\u00e3o. O Futuro da constru\u00e7\u00e3o passa por aqui,"},"uagb_featured_image_src":{"full":false,"thumbnail":false,"medium":false,"medium_large":false,"large":false,"1536x1536":false,"2048x2048":false},"uagb_author_info":{"display_name":"Jornal da Constru\u00e7\u00e3o Civil","author_link":"https:\/\/construcaocivil.siriusmarketingedesign.com.br\/?author=1"},"uagb_comment_info":0,"uagb_excerpt":"Agosto, 2017 &#8211; In\u00fameras s\u00e3o as atividades que exigem a utiliza\u00e7\u00e3o de Equipamentos de Prote\u00e7\u00e3o Individual \u2013 EPIs. Botas, m\u00e1scaras, mangotes, capacetes, \u00f3culos, protetores auriculares, luvas, cintos de seguran\u00e7a e tantos outros acess\u00f3rios de prote\u00e7\u00e3o tornam-se indispens\u00e1veis no dia a dia de in\u00fameros profissionais que colocam em risco a pr\u00f3pria vida para desempenhar suas tarefas.&hellip;","_links":{"self":[{"href":"https:\/\/construcaocivil.siriusmarketingedesign.com.br\/index.php?rest_route=\/wp\/v2\/posts\/7175","targetHints":{"allow":["GET"]}}],"collection":[{"href":"https:\/\/construcaocivil.siriusmarketingedesign.com.br\/index.php?rest_route=\/wp\/v2\/posts"}],"about":[{"href":"https:\/\/construcaocivil.siriusmarketingedesign.com.br\/index.php?rest_route=\/wp\/v2\/types\/post"}],"author":[{"embeddable":true,"href":"https:\/\/construcaocivil.siriusmarketingedesign.com.br\/index.php?rest_route=\/wp\/v2\/users\/1"}],"replies":[{"embeddable":true,"href":"https:\/\/construcaocivil.siriusmarketingedesign.com.br\/index.php?rest_route=%2Fwp%2Fv2%2Fcomments&post=7175"}],"version-history":[{"count":0,"href":"https:\/\/construcaocivil.siriusmarketingedesign.com.br\/index.php?rest_route=\/wp\/v2\/posts\/7175\/revisions"}],"wp:attachment":[{"href":"https:\/\/construcaocivil.siriusmarketingedesign.com.br\/index.php?rest_route=%2Fwp%2Fv2%2Fmedia&parent=7175"}],"wp:term":[{"taxonomy":"category","embeddable":true,"href":"https:\/\/construcaocivil.siriusmarketingedesign.com.br\/index.php?rest_route=%2Fwp%2Fv2%2Fcategories&post=7175"},{"taxonomy":"post_tag","embeddable":true,"href":"https:\/\/construcaocivil.siriusmarketingedesign.com.br\/index.php?rest_route=%2Fwp%2Fv2%2Ftags&post=7175"}],"curies":[{"name":"wp","href":"https:\/\/api.w.org\/{rel}","templated":true}]}}