{"id":7182,"date":"2017-08-16T13:41:06","date_gmt":"2017-08-16T16:41:06","guid":{"rendered":"http:\/\/www.jornaldaconstrucaocivil.com.br\/?p=7182"},"modified":"2017-08-16T13:41:06","modified_gmt":"2017-08-16T16:41:06","slug":"seconci-rj-lanca-curso-gratuito-para-estudantes-de-engenharia-e-profissionais-do-setor-de-construcao","status":"publish","type":"post","link":"https:\/\/construcaocivil.siriusmarketingedesign.com.br\/?p=7182","title":{"rendered":"Seconci-RJ lan\u00e7a curso gratuito para estudantes de engenharia e profissionais do setor de constru\u00e7\u00e3o"},"content":{"rendered":"<p><em><span style=\"color: #000080;\">Foco de estudantes de engenharia e profissionais do setor que segue imune \u00e0 crise. Curso acontecem neste m\u00eas de agosto e setembro.\u00a0<\/span><\/em><\/p>\n<figure id=\"attachment_7183\" aria-describedby=\"caption-attachment-7183\" style=\"width: 300px\" class=\"wp-caption alignleft\"><a href=\"http:\/\/www.jornaldaconstrucaocivil.com.br\/wp-content\/uploads\/2017\/08\/NR-35-2.jpg\"><img loading=\"lazy\" decoding=\"async\" class=\"wp-image-7183 size-medium\" src=\"http:\/\/www.jornaldaconstrucaocivil.com.br\/wp-content\/uploads\/2017\/08\/NR-35-2-300x207.jpg\" alt=\"NR 35 (2)\" width=\"300\" height=\"207\" \/><\/a><figcaption id=\"caption-attachment-7183\" class=\"wp-caption-text\">Seconci-RJ promove gratuitamente para profissionais da Constru\u00e7\u00e3o Civil cursos na \u00e1rea de Seguran\u00e7a do Trabalho. Cr\u00e9ditos: Seconci-RJ<\/figcaption><\/figure>\n<p style=\"text-align: justify;\"><span style=\"color: #000000;\"><span style=\"color: #993300;\">Rio, agosto, 2017<\/span> &#8211; No in\u00edcio, era s\u00f3 mais uma obriga\u00e7\u00e3o trabalhista. Com o tempo, as empresas passaram a perceber que cuidar da sa\u00fade e da integridade de seus funcion\u00e1rios, al\u00e9m de contar pontos para a imagem representava uma imensa economia.\u00a0 Hoje, a seguran\u00e7a do trabalho tornou-se um mercado cada vez mais em expans\u00e3o, praticamente imune \u00e0 crise. O setor tem boas oportunidades e sal\u00e1rios atraentes e o curso de Seguran\u00e7a do Trabalho est\u00e1 na lista dos dez mais procurados entre os de segmento t\u00e9cnico, prometendo para o ingressante um emprego promissor com amplas oportunidades.\u00a0 Podem atuar nessa \u00e1rea engenheiros, m\u00e9dicos e enfermeiros que tenham uma especializa\u00e7\u00e3o obtida com cursos de p\u00f3s-gradua\u00e7\u00e3o. H\u00e1 espa\u00e7o tamb\u00e9m para os t\u00e9cnicos de n\u00edvel m\u00e9dio.<\/span><\/p>\n<p style=\"text-align: justify;\"><span style=\"color: #000000;\">O Servi\u00e7o Social da Constru\u00e7\u00e3o Civil do Rio de Janeiro (Seconci \u2013 Rio) est\u00e1 lan\u00e7ando em agosto v\u00e1rios cursos sobre Seguran\u00e7a no Trabalho destinado aos estudantes na \u00e1rea da constru\u00e7\u00e3o civil: NR-35 (Trabalho em Altura), NR-07 (Primeiros Socorros) e NR-05 (Cipa). Uma chance imperd\u00edvel que al\u00e9m de gratuita \u00e9 oferecida justamente nas f\u00e9rias, quando quem trabalha ou est\u00e1 na faculdade n\u00e3o tem tempo de se dedicar a esses estudos t\u00e3o importantes para o futuro da carreira.<\/span><\/p>\n<p style=\"text-align: justify;\"><span style=\"color: #000000;\">Segundo Rodrigo Coelho, T\u00e9cnico em Seguran\u00e7a do Seconci, que ministra a maioria dos cursos, um acidente fatal afeta mais a imagem da empresa do que o atraso na entrega de um produto. Por isso, todos os temas abordados s\u00e3o levados a fundo nas aulas te\u00f3ricas e pr\u00e1ticas, como a torre de 2 metros para treinamento em altura das aulas de NR-35, umas das poucas dispon\u00edveis na cidade para esse fim.<\/span><\/p>\n<p style=\"text-align: justify;\"><span style=\"color: #000000;\">Segue abaixo o calend\u00e1rio das turmas, a serem ministradas no Centro Profissional da Constru\u00e7\u00e3o Civil (Estrada dos Bandeirantes, 4.457 \u2013 Curicica \u2013 Barra da Tijuca. Telefone: 2101-2565). As inscri\u00e7\u00f5es j\u00e1 est\u00e3o abertas.<\/span><\/p>\n<p><span style=\"color: #993300;\"><strong>NR35 \u2013 Trabalho em Altura<\/strong><\/span><\/p>\n<p><span style=\"color: #000000;\">In\u00edcio: dias 22, 14 29 e 31 \/Carga Hor\u00e1ria \u2013 8h \/ Hor\u00e1rio \u2013 das 8h \u00e0s 17h<\/span><\/p>\n<p><span style=\"color: #993300;\"><strong>NR05 &#8211; Comiss\u00e3o Interna de Preven\u00e7\u00e3o de Acidentes (Cipa)<\/strong><\/span><\/p>\n<p><span style=\"color: #000000;\">In\u00edcio: dia 01 de setembro \/ Carga Hor\u00e1ria: 20h \/ Hor\u00e1rio: das 8h \u00e0s 12h<\/span><\/p>\n<p><strong><span style=\"color: #993300;\">NR-07 &#8211; Primeiros Socorros<\/span><\/strong><\/p>\n<p><span style=\"color: #000000;\">In\u00edcio: dia 24\/08 \/\u00a0 Carga Hor\u00e1ria: 4h \/ Hor\u00e1rio: das 8h \u00e0s 12h<\/span><\/p>\n<p>Fonte: Imprensa\/Seconci-RJ<\/p>\n<p>&nbsp;<\/p>\n","protected":false},"excerpt":{"rendered":"<p>Foco de estudantes de engenharia e profissionais do setor que segue imune \u00e0 crise. Curso acontecem neste m\u00eas de agosto e setembro.\u00a0 Rio, agosto, 2017 &#8211; No in\u00edcio, era s\u00f3 mais uma obriga\u00e7\u00e3o trabalhista. Com o tempo, as empresas passaram a perceber que cuidar da sa\u00fade e da integridade de seus funcion\u00e1rios, al\u00e9m de contar [&hellip;]<\/p>\n","protected":false},"author":1,"featured_media":7183,"comment_status":"open","ping_status":"open","sticky":false,"template":"","format":"standard","meta":{"_uag_custom_page_level_css":"","footnotes":""},"categories":[27],"tags":[2130,3306,4618,4633,6157,8302,8303,8305,9539,10733],"class_list":["post-7182","post","type-post","status-publish","format-standard","has-post-thumbnail","hentry","category-acontece","tag-centro-profissional-da-construcao-civil-rj","tag-cursos-gratuitos","tag-estrada-dos-bandeirantes-4457","tag-estudantes-de-engenharia","tag-inscricoes-abertas","tag-nr-05-cipa","tag-nr-07-primeiros-socorros","tag-nr-35-trabalho-em-altura","tag-profissionais-de-area-de-construcao-civil","tag-seconci-rj"],"blocksy_meta":[],"spectra_blocks_featured_image_url":[],"spectra_blocks_author_info":{"display_name":"Jornal da Constru\u00e7\u00e3o Civil","avatar_url":"https:\/\/secure.gravatar.com\/avatar\/973c9774fd44ddaceb026973c4962faa70fc512bc4c9da68e8ebb40fecee6540?s=96&d=mm&r=g","author_link":"https:\/\/construcaocivil.siriusmarketingedesign.com.br\/?author=1","description":"Desde de 2013, levando muitas informa\u00e7\u00f5es, lan\u00e7amentos e produtos de qualidade para toda cadeia produtiva da constru\u00e7\u00e3o. O Futuro da constru\u00e7\u00e3o passa por aqui,"},"uagb_featured_image_src":{"full":false,"thumbnail":false,"medium":false,"medium_large":false,"large":false,"1536x1536":false,"2048x2048":false},"uagb_author_info":{"display_name":"Jornal da Constru\u00e7\u00e3o Civil","author_link":"https:\/\/construcaocivil.siriusmarketingedesign.com.br\/?author=1"},"uagb_comment_info":0,"uagb_excerpt":"Foco de estudantes de engenharia e profissionais do setor que segue imune \u00e0 crise. Curso acontecem neste m\u00eas de agosto e setembro.\u00a0 Rio, agosto, 2017 &#8211; No in\u00edcio, era s\u00f3 mais uma obriga\u00e7\u00e3o trabalhista. Com o tempo, as empresas passaram a perceber que cuidar da sa\u00fade e da integridade de seus funcion\u00e1rios, al\u00e9m de contar&hellip;","_links":{"self":[{"href":"https:\/\/construcaocivil.siriusmarketingedesign.com.br\/index.php?rest_route=\/wp\/v2\/posts\/7182","targetHints":{"allow":["GET"]}}],"collection":[{"href":"https:\/\/construcaocivil.siriusmarketingedesign.com.br\/index.php?rest_route=\/wp\/v2\/posts"}],"about":[{"href":"https:\/\/construcaocivil.siriusmarketingedesign.com.br\/index.php?rest_route=\/wp\/v2\/types\/post"}],"author":[{"embeddable":true,"href":"https:\/\/construcaocivil.siriusmarketingedesign.com.br\/index.php?rest_route=\/wp\/v2\/users\/1"}],"replies":[{"embeddable":true,"href":"https:\/\/construcaocivil.siriusmarketingedesign.com.br\/index.php?rest_route=%2Fwp%2Fv2%2Fcomments&post=7182"}],"version-history":[{"count":0,"href":"https:\/\/construcaocivil.siriusmarketingedesign.com.br\/index.php?rest_route=\/wp\/v2\/posts\/7182\/revisions"}],"wp:attachment":[{"href":"https:\/\/construcaocivil.siriusmarketingedesign.com.br\/index.php?rest_route=%2Fwp%2Fv2%2Fmedia&parent=7182"}],"wp:term":[{"taxonomy":"category","embeddable":true,"href":"https:\/\/construcaocivil.siriusmarketingedesign.com.br\/index.php?rest_route=%2Fwp%2Fv2%2Fcategories&post=7182"},{"taxonomy":"post_tag","embeddable":true,"href":"https:\/\/construcaocivil.siriusmarketingedesign.com.br\/index.php?rest_route=%2Fwp%2Fv2%2Ftags&post=7182"}],"curies":[{"name":"wp","href":"https:\/\/api.w.org\/{rel}","templated":true}]}}