{"id":7194,"date":"2017-08-16T14:14:53","date_gmt":"2017-08-16T17:14:53","guid":{"rendered":"http:\/\/www.jornaldaconstrucaocivil.com.br\/?p=7194"},"modified":"2017-08-16T14:14:53","modified_gmt":"2017-08-16T17:14:53","slug":"como-urbanismo-arquitetura-design-de-interiores-e-moda-se-adequaram-ao-novo-jeito-de-viver-e-de-morar","status":"publish","type":"post","link":"https:\/\/construcaocivil.siriusmarketingedesign.com.br\/?p=7194","title":{"rendered":"Como urbanismo, arquitetura, design de interiores e moda se adequaram ao novo jeito de viver e de morar?"},"content":{"rendered":"<p style=\"text-align: justify;\"><span style=\"color: #000080;\"><strong><em>Bate-papo realizado na \u00faltima semana durante a MADE &#8211; Feira de Mercado, Arte e Design abordou o tema e falou sobre novas tend\u00eancias da vida contempor\u00e2nea<\/em><\/strong><\/span><\/p>\n<p style=\"text-align: justify;\"><span style=\"color: #000000;\"><span style=\"color: #993300;\">Agosto, 2017<\/span> &#8211; Apartamentos cada vez menores, menos tempo dentro de casa, viver um momento em que tudo \u00e9 urgente. Essas caracter\u00edsticas que passaram a ser realidade na vida das pessoas foram abordadas em palestra promovida pela INK Incorporadora na \u00faltima semana. O encontro foi realizado durante a MADE 2017 e teve como palestrantes Louren\u00e7o Gimenes, da FGMF Arquitetos, Carolina Mauro, da Su\u00edte Arquitetos, e Alexandre Won, da Bespoke Couture.<\/span><\/p>\n<figure id=\"attachment_7195\" aria-describedby=\"caption-attachment-7195\" style=\"width: 300px\" class=\"wp-caption alignleft\"><a href=\"http:\/\/www.jornaldaconstrucaocivil.com.br\/wp-content\/uploads\/2017\/08\/imagem_release_1036610-1.jpg\"><img loading=\"lazy\" decoding=\"async\" class=\"wp-image-7195 size-medium\" src=\"http:\/\/www.jornaldaconstrucaocivil.com.br\/wp-content\/uploads\/2017\/08\/imagem_release_1036610-1-300x225.jpg\" width=\"300\" height=\"225\" \/><\/a><figcaption id=\"caption-attachment-7195\" class=\"wp-caption-text\">Alexandre Won, da Bespoke Couture, Carolina Mauro, da Su\u00edte Arquitetos, Waldick Jatob\u00e1, curador da MADE, Gabriela Coelho, da INK, e Louren\u00e7o Gimenes, da FGMF Arquitetos. Cr\u00e9ditos: Divulga\u00e7\u00e3o<\/figcaption><\/figure>\n<p style=\"text-align: justify;\"><span style=\"color: #000000;\"><span style=\"color: #000080;\"><em>\u201cA exposi\u00e7\u00e3o que patrocinamos na MADE tinha o tema <span style=\"color: #993300;\">\u201cTramas\u201d<\/span>, indo totalmente ao encontro de um dos nossos principais pilares: o olhar humano. N\u00f3s acreditamos que tudo est\u00e1 integrado. Quando se fala em<span style=\"color: #993300;\"> \u201cTramas\u201d<\/span>, logo pensamos na trama da cidade e na import\u00e2ncia de se trabalhar pelo micro at\u00e9 o macro urbano\u201d<\/em><\/span>, afirma Gabriela Coelho, arquiteta e s\u00f3cia-diretora da INK.<span style=\"color: #000080;\"> \u201cPor esse motivo, organizamos a palestra<em> <span style=\"color: #993300;\">\u201cTramas Urbanas: tend\u00eancias do morar e do viver\u201d <\/span><\/em>para colocar em discuss\u00e3o todas as mudan\u00e7as pelas quais estamos passando e como isso afeta a vida dentro de casa e nos espa\u00e7os p\u00fablicos\u201d<\/span>, completa.<\/span><\/p>\n<p style=\"text-align: justify;\"><span style=\"color: #000000;\">O primeiro a falar foi Louren\u00e7o Gimenes, da FGMF Arquitetos, abordando o macro urbano. <span style=\"color: #000080;\"><em>\u201cO aumento da renda m\u00e9dia da popula\u00e7\u00e3o fez com que o acesso \u00e0 informa\u00e7\u00e3o tamb\u00e9m aumentasse. Essas informa\u00e7\u00f5es s\u00e3o traduzidas em forma de espa\u00e7o. Podemos transpor espa\u00e7os que vimos em algum lugar para nossa realidade, trazendo-os para o nosso cotidiano e dando significado, uso e prop\u00f3sito\u201d<\/em><\/span>, iniciou Louren\u00e7o. <em><span style=\"color: #000080;\">\u201c\u00c9 importante pensar sempre no todo. Acredito que tudo est\u00e1 integrado: constru\u00e7\u00e3o, arquitetura, interiores. Trata-se de um processo criativo de forma similar em todas as escalas. A leitura segmentada destes itens traz uma s\u00e9rie de v\u00edcios e provoca equ\u00edvocos de abordagem projetual. Moramos em espa\u00e7os menores e por isso a casa precisa ser pr\u00e1tica. No entanto, isso nos leva a pensar com ainda mais cuidado nas \u00e1reas comuns, j\u00e1 que elas precisam oferecer cada vez mais qualidade de vida\u201d<\/span><\/em>, completou.<\/span><\/p>\n<p style=\"text-align: justify;\"><span style=\"color: #000000;\">Em seguida, Carolina Mauro, da Su\u00edte Arquitetos, falou sobre as mudan\u00e7as que tem visto relacionadas a interiores. <em><span style=\"color: #000080;\">\u201cUma das realidades que vivemos hoje e que influencia diretamente no projeto de interiores \u00e9 o valor do metro quadrado. Por isso os apartamentos raramente ultrapassam os 65m\u00b2 e n\u00e3o s\u00e3o mais compartimentados em c\u00f4modos\u201d, iniciou. \u201cHoje em dia tudo \u00e9 urgente, n\u00e3o temos tempo para nada. Por isso, optamos por um espa\u00e7o que d\u00ea conta da nossa falta de tempo e que seja t\u00e3o pr\u00e1tico quanto necessitamos. Ent\u00e3o apostamos na integra\u00e7\u00e3o de espa\u00e7os, os chamados espa\u00e7os e m\u00f3veis multifuncionais. Por exemplo, o m\u00f3vel da TV que pode ter almofadas em cima para servir de banco aos convidados\u201d<\/span><\/em>, apontou.<\/span><\/p>\n<p>&nbsp;<\/p>\n","protected":false},"excerpt":{"rendered":"<p>Bate-papo realizado na \u00faltima semana durante a MADE &#8211; Feira de Mercado, Arte e Design abordou o tema e falou sobre novas tend\u00eancias da vida contempor\u00e2nea Agosto, 2017 &#8211; Apartamentos cada vez menores, menos tempo dentro de casa, viver um momento em que tudo \u00e9 urgente. Essas caracter\u00edsticas que passaram a ser realidade na vida [&hellip;]<\/p>\n","protected":false},"author":1,"featured_media":0,"comment_status":"open","ping_status":"open","sticky":false,"template":"","format":"standard","meta":{"_uag_custom_page_level_css":"","footnotes":""},"categories":[28],"tags":[911,938,3539,5019,6127,7120,7470,7857,8287,11436,12120],"class_list":["post-7194","post","type-post","status-publish","format-standard","hentry","category-arquitetura","tag-arquitetura","tag-arte-e-design-2017","tag-design-de-interiores-e-moda","tag-fgmf-arquitetos","tag-ink-incorporadora","tag-made-feira-de-mercado","tag-mercado","tag-morar-e-viver-com-sustentabilidade","tag-novos-negocios","tag-suite-arquitetos","tag-urbanismo"],"blocksy_meta":[],"spectra_blocks_featured_image_url":null,"spectra_blocks_author_info":{"display_name":"Jornal da Constru\u00e7\u00e3o Civil","avatar_url":"https:\/\/secure.gravatar.com\/avatar\/973c9774fd44ddaceb026973c4962faa70fc512bc4c9da68e8ebb40fecee6540?s=96&d=mm&r=g","author_link":"https:\/\/construcaocivil.siriusmarketingedesign.com.br\/?author=1","description":"Desde de 2013, levando muitas informa\u00e7\u00f5es, lan\u00e7amentos e produtos de qualidade para toda cadeia produtiva da constru\u00e7\u00e3o. O Futuro da constru\u00e7\u00e3o passa por aqui,"},"uagb_featured_image_src":{"full":false,"thumbnail":false,"medium":false,"medium_large":false,"large":false,"1536x1536":false,"2048x2048":false},"uagb_author_info":{"display_name":"Jornal da Constru\u00e7\u00e3o Civil","author_link":"https:\/\/construcaocivil.siriusmarketingedesign.com.br\/?author=1"},"uagb_comment_info":0,"uagb_excerpt":"Bate-papo realizado na \u00faltima semana durante a MADE &#8211; Feira de Mercado, Arte e Design abordou o tema e falou sobre novas tend\u00eancias da vida contempor\u00e2nea Agosto, 2017 &#8211; Apartamentos cada vez menores, menos tempo dentro de casa, viver um momento em que tudo \u00e9 urgente. Essas caracter\u00edsticas que passaram a ser realidade na vida&hellip;","_links":{"self":[{"href":"https:\/\/construcaocivil.siriusmarketingedesign.com.br\/index.php?rest_route=\/wp\/v2\/posts\/7194","targetHints":{"allow":["GET"]}}],"collection":[{"href":"https:\/\/construcaocivil.siriusmarketingedesign.com.br\/index.php?rest_route=\/wp\/v2\/posts"}],"about":[{"href":"https:\/\/construcaocivil.siriusmarketingedesign.com.br\/index.php?rest_route=\/wp\/v2\/types\/post"}],"author":[{"embeddable":true,"href":"https:\/\/construcaocivil.siriusmarketingedesign.com.br\/index.php?rest_route=\/wp\/v2\/users\/1"}],"replies":[{"embeddable":true,"href":"https:\/\/construcaocivil.siriusmarketingedesign.com.br\/index.php?rest_route=%2Fwp%2Fv2%2Fcomments&post=7194"}],"version-history":[{"count":0,"href":"https:\/\/construcaocivil.siriusmarketingedesign.com.br\/index.php?rest_route=\/wp\/v2\/posts\/7194\/revisions"}],"wp:attachment":[{"href":"https:\/\/construcaocivil.siriusmarketingedesign.com.br\/index.php?rest_route=%2Fwp%2Fv2%2Fmedia&parent=7194"}],"wp:term":[{"taxonomy":"category","embeddable":true,"href":"https:\/\/construcaocivil.siriusmarketingedesign.com.br\/index.php?rest_route=%2Fwp%2Fv2%2Fcategories&post=7194"},{"taxonomy":"post_tag","embeddable":true,"href":"https:\/\/construcaocivil.siriusmarketingedesign.com.br\/index.php?rest_route=%2Fwp%2Fv2%2Ftags&post=7194"}],"curies":[{"name":"wp","href":"https:\/\/api.w.org\/{rel}","templated":true}]}}