{"id":7203,"date":"2017-08-17T12:24:53","date_gmt":"2017-08-17T15:24:53","guid":{"rendered":"http:\/\/www.jornaldaconstrucaocivil.com.br\/?p=7203"},"modified":"2017-08-17T12:24:53","modified_gmt":"2017-08-17T15:24:53","slug":"mercado-coeficiente-de-exportacao-recua-08-p-p-para-201-no-2o-tri","status":"publish","type":"post","link":"https:\/\/construcaocivil.siriusmarketingedesign.com.br\/?p=7203","title":{"rendered":"Mercado: Coeficiente de exporta\u00e7\u00e3o recua 0,8 p.p., para 20,1%, no 2\u00ba tri"},"content":{"rendered":"<p style=\"text-align: justify;\"><span style=\"color: #000080;\"><em><strong>No mesmo per\u00edodo, o coeficiente de importa\u00e7\u00e3o teve baixa de 1,3 p.p., para 20,2%<\/strong><\/em><\/span><\/p>\n<p style=\"text-align: justify;\"><span style=\"color: #000000;\"><span style=\"color: #993300;\">Agosto, 2017<\/span> &#8211; O Coeficiente de Exporta\u00e7\u00e3o da Ind\u00fastria de Transforma\u00e7\u00e3o (CE) registrou queda de 0,8 ponto percentual, para 20,1% no segundo trimestre deste ano, na compara\u00e7\u00e3o com os mesmos meses do ano passado. No primeiro trimestre de 2017, a taxa foi de 20,7%. Os dados s\u00e3o do Departamento de Pesquisas e Estudos Econ\u00f4micos (Depecon) e do Departamento de Rela\u00e7\u00f5es Internacionais e Com\u00e9rcio Exterior (Derex) da Fiesp.<\/span><\/p>\n<p style=\"text-align: justify;\"><span style=\"color: #000000;\">Os destaques positivos em exporta\u00e7\u00f5es de abril a junho ficaram com os setores de celulose e papel, que cresceram um ponto percentual, para 35,3% na compara\u00e7\u00e3o anual. Na an\u00e1lise contra o trimestre imediatamente anterior, houve uma retra\u00e7\u00e3o de 2,2 pontos percentuais.<\/span><\/p>\n<p style=\"text-align: justify;\"><span style=\"color: #000000;\">Segundo o estudo, a baixa do coeficiente foi puxada pela diminui\u00e7\u00e3o de 3,3% das exporta\u00e7\u00f5es (em quantum), contra um aumento de 2,8% da produ\u00e7\u00e3o. J\u00e1 os produtos derivados de petr\u00f3leo, biocombust\u00edveis e coque tiveram queda de 1,8 ponto percentual ante o mesmo trimestre em 2016. Passaram de 9,1% no primeiro trimestre para 6,9% na leitura atual.<\/span><\/p>\n<p style=\"text-align: justify;\"><span style=\"color: #000000;\">Do total, tr\u00eas setores apresentaram crescimento no segundo trimestre: produtos t\u00eaxteis (+1,4 p.p.); produtos de madeira (+0,7 p.p.); e m\u00e1quinas, aparelhos e materiais el\u00e9tricos (+0,3 p.p.). Os setores de confec\u00e7\u00e3o de artigos do vestu\u00e1rio e acess\u00f3rios; m\u00f3veis; e ve\u00edculos automotores permaneceram est\u00e1veis.<\/span><\/p>\n<p style=\"text-align: justify;\"><span style=\"color: #993300;\"><strong>Importa\u00e7\u00f5es<\/strong><\/span><\/p>\n<p style=\"text-align: justify;\"><span style=\"color: #000000;\">Com a queda de 5,3% das importa\u00e7\u00f5es (em quantum) e a alta de 0,9% no consumo aparente no segundo trimestre deste ano, o Coeficiente de Importa\u00e7\u00e3o da Ind\u00fastria de Transforma\u00e7\u00e3o (CI) tamb\u00e9m caiu 1,3 ponto percentual, de 21,5% em 2016 para 20,2% em 2017. Quando comparado ao primeiro trimestre deste ano, a contra\u00e7\u00e3o foi de 0,6 ponto percentual.<\/span><\/p>\n<p style=\"text-align: justify;\"><span style=\"color: #000000;\">Dos 20 setores avaliados, dez registraram avan\u00e7os no segundo trimestre frente ao trimestre anterior, com aten\u00e7\u00e3o especial para os produtos t\u00eaxteis; artigos de vestu\u00e1rio; e bebidas. Na contram\u00e3o, outros dez setores tiveram retra\u00e7\u00f5es, principalmente: m\u00e1quinas e equipamentos (-3,4 p.p.); produtos farmoqu\u00edmicos e farmac\u00eauticos (-3,0 p.p.); e derivados de petr\u00f3leo (-2,9 p.p.).<\/span><\/p>\n<p style=\"text-align: justify;\"><span style=\"color: #000000;\">O setor de m\u00e1quinas e equipamentos atingiu 27,1% no segundo trimestre de 2017, uma baixa de 3,4 pontos percentuais contra o trimestre imediatamente anterior. Em rela\u00e7\u00e3o ao mesmo per\u00edodo em 2016, houve crescimento de 12,4 pontos percentuais (39,5%). O setor de produtos farmoqu\u00edmicos e farmac\u00eauticos, por sua vez, passou de 50,9% no primeiro trimestre para 47,9% no segundo trimestre deste ano, uma queda de 3,0 pontos percentuais. Na an\u00e1lise interanual, o coeficiente teve expans\u00e3o de 2,8 pontos percentuais em rela\u00e7\u00e3o aos 45,1% de tr\u00eas meses antes.<\/span><\/p>\n<p style=\"text-align: justify;\"><span style=\"color: #000000;\">Os CE e CI analisam de forma integrada a produ\u00e7\u00e3o industrial brasileira e o com\u00e9rcio exterior. O CE mede a propor\u00e7\u00e3o da produ\u00e7\u00e3o que \u00e9 exportada, enquanto o CI avalia a propor\u00e7\u00e3o dos produtos consumidos internamente que \u00e9 importada.<\/span><\/p>\n<p style=\"text-align: justify;\"><span style=\"color: #000000;\">De acordo com o diretor titular do Derex, Thomaz Zanotto, a queda dos coeficientes \u00e9 marginal. <span style=\"color: #000080;\"><em>\u201cAinda faltam alguns meses para 2017 terminar, e j\u00e1 temos o maior saldo comercial em 28 anos. As exporta\u00e7\u00f5es de manufaturados se recuperaram, principalmente do setor automotivo. A exist\u00eancia de um Plano Nacional de Exporta\u00e7\u00f5es e uma taxa de c\u00e2mbio mais previs\u00edvel foram determinantes para a retomada<\/em><\/span>\u201d, afirmou.<\/span><\/p>\n<p style=\"text-align: justify;\">Fonte: Imprensa\/FIESP<\/p>\n","protected":false},"excerpt":{"rendered":"<p>No mesmo per\u00edodo, o coeficiente de importa\u00e7\u00e3o teve baixa de 1,3 p.p., para 20,2% Agosto, 2017 &#8211; O Coeficiente de Exporta\u00e7\u00e3o da Ind\u00fastria de Transforma\u00e7\u00e3o (CE) registrou queda de 0,8 ponto percentual, para 20,1% no segundo trimestre deste ano, na compara\u00e7\u00e3o com os mesmos meses do ano passado. No primeiro trimestre de 2017, a taxa [&hellip;]<\/p>\n","protected":false},"author":1,"featured_media":0,"comment_status":"open","ping_status":"open","sticky":false,"template":"","format":"standard","meta":{"_uag_custom_page_level_css":"","footnotes":""},"categories":[27],"tags":[4763,5052,7202,7211,7577,8074,9472,9861],"class_list":["post-7203","post","type-post","status-publish","format-standard","hentry","category-acontece","tag-exportacoes-e-importacoes","tag-fiesp","tag-maquinas-aparelhos-e-materiais-eletricos-tiveram-crescimento-nas-exportacoes","tag-maquinas-e-equipamentos-cai-exportacoes","tag-mercado-internacional","tag-negocios","tag-producao-industrial-brasileira","tag-queda-nas-exportacoes"],"blocksy_meta":[],"spectra_blocks_featured_image_url":null,"spectra_blocks_author_info":{"display_name":"Jornal da Constru\u00e7\u00e3o Civil","avatar_url":"https:\/\/secure.gravatar.com\/avatar\/973c9774fd44ddaceb026973c4962faa70fc512bc4c9da68e8ebb40fecee6540?s=96&d=mm&r=g","author_link":"https:\/\/construcaocivil.siriusmarketingedesign.com.br\/?author=1","description":"Desde de 2013, levando muitas informa\u00e7\u00f5es, lan\u00e7amentos e produtos de qualidade para toda cadeia produtiva da constru\u00e7\u00e3o. O Futuro da constru\u00e7\u00e3o passa por aqui,"},"uagb_featured_image_src":{"full":false,"thumbnail":false,"medium":false,"medium_large":false,"large":false,"1536x1536":false,"2048x2048":false},"uagb_author_info":{"display_name":"Jornal da Constru\u00e7\u00e3o Civil","author_link":"https:\/\/construcaocivil.siriusmarketingedesign.com.br\/?author=1"},"uagb_comment_info":0,"uagb_excerpt":"No mesmo per\u00edodo, o coeficiente de importa\u00e7\u00e3o teve baixa de 1,3 p.p., para 20,2% Agosto, 2017 &#8211; O Coeficiente de Exporta\u00e7\u00e3o da Ind\u00fastria de Transforma\u00e7\u00e3o (CE) registrou queda de 0,8 ponto percentual, para 20,1% no segundo trimestre deste ano, na compara\u00e7\u00e3o com os mesmos meses do ano passado. No primeiro trimestre de 2017, a taxa&hellip;","_links":{"self":[{"href":"https:\/\/construcaocivil.siriusmarketingedesign.com.br\/index.php?rest_route=\/wp\/v2\/posts\/7203","targetHints":{"allow":["GET"]}}],"collection":[{"href":"https:\/\/construcaocivil.siriusmarketingedesign.com.br\/index.php?rest_route=\/wp\/v2\/posts"}],"about":[{"href":"https:\/\/construcaocivil.siriusmarketingedesign.com.br\/index.php?rest_route=\/wp\/v2\/types\/post"}],"author":[{"embeddable":true,"href":"https:\/\/construcaocivil.siriusmarketingedesign.com.br\/index.php?rest_route=\/wp\/v2\/users\/1"}],"replies":[{"embeddable":true,"href":"https:\/\/construcaocivil.siriusmarketingedesign.com.br\/index.php?rest_route=%2Fwp%2Fv2%2Fcomments&post=7203"}],"version-history":[{"count":0,"href":"https:\/\/construcaocivil.siriusmarketingedesign.com.br\/index.php?rest_route=\/wp\/v2\/posts\/7203\/revisions"}],"wp:attachment":[{"href":"https:\/\/construcaocivil.siriusmarketingedesign.com.br\/index.php?rest_route=%2Fwp%2Fv2%2Fmedia&parent=7203"}],"wp:term":[{"taxonomy":"category","embeddable":true,"href":"https:\/\/construcaocivil.siriusmarketingedesign.com.br\/index.php?rest_route=%2Fwp%2Fv2%2Fcategories&post=7203"},{"taxonomy":"post_tag","embeddable":true,"href":"https:\/\/construcaocivil.siriusmarketingedesign.com.br\/index.php?rest_route=%2Fwp%2Fv2%2Ftags&post=7203"}],"curies":[{"name":"wp","href":"https:\/\/api.w.org\/{rel}","templated":true}]}}