{"id":7212,"date":"2017-08-17T20:35:03","date_gmt":"2017-08-17T23:35:03","guid":{"rendered":"http:\/\/www.jornaldaconstrucaocivil.com.br\/?p=7212"},"modified":"2017-08-17T20:35:03","modified_gmt":"2017-08-17T23:35:03","slug":"dia-nacional-do-patrimonio-historico-conheca-a-profissao-de-restaurador","status":"publish","type":"post","link":"https:\/\/construcaocivil.siriusmarketingedesign.com.br\/?p=7212","title":{"rendered":"Dia Nacional do Patrim\u00f4nio Hist\u00f3rico: Conhe\u00e7a a profiss\u00e3o de restaurador"},"content":{"rendered":"<p style=\"text-align: justify;\"><span style=\"color: #000080;\"><em>Respons\u00e1vel por identificar, resgatar e preservar bens hist\u00f3ricos, o profissional em restaura\u00e7\u00e3o mant\u00e9m viva a mem\u00f3ria e o legado de lugares e popula\u00e7\u00f5es<\/em><\/span><\/p>\n<figure id=\"attachment_7213\" aria-describedby=\"caption-attachment-7213\" style=\"width: 300px\" class=\"wp-caption alignleft\"><a href=\"http:\/\/www.jornaldaconstrucaocivil.com.br\/wp-content\/uploads\/2017\/08\/Restauro_3.jpg\"><img loading=\"lazy\" decoding=\"async\" class=\"wp-image-7213 size-medium\" src=\"http:\/\/www.jornaldaconstrucaocivil.com.br\/wp-content\/uploads\/2017\/08\/Restauro_3-300x238.jpg\" width=\"300\" height=\"238\" \/><\/a><figcaption id=\"caption-attachment-7213\" class=\"wp-caption-text\">Profissionais de restauro est\u00e3o em alta no mercado. Cr\u00e9ditos: Divulga\u00e7\u00e3o<\/figcaption><\/figure>\n<p style=\"text-align: justify;\"><span style=\"color: #000000;\"><span style=\"color: #993300;\">Curitiba<\/span> \u2013 Nesta quinta-feira, 17 de agosto,\u00a0 \u00e9 comemorado o Dia Nacional do Patrim\u00f4nio Hist\u00f3rico. A celebra\u00e7\u00e3o foi criada em 1998 para homenagear o historiador e primeiro presidente do Instituto do Patrim\u00f4nio Hist\u00f3rico e Art\u00edstico Nacional (Iphan) Rodrigo Melo Franco de Andrade. Deste ent\u00e3o a data refor\u00e7a a import\u00e2ncia de reconhecer e valorizar o patrim\u00f4nio hist\u00f3rico e cultural do pa\u00eds. Neste contexto, o trabalho do conservador e restaurador vem ganhando espa\u00e7o e exigindo profissionais cada vez mais preparados.<\/span><\/p>\n<p style=\"text-align: justify;\"><span style=\"color: #000000;\">O restaurador \u00e9 o profissional respons\u00e1vel por intervir diretamente em obras de arte, edif\u00edcios, livros e demais patrim\u00f4nios hist\u00f3ricos a fim de preservar ou recuperar sua signific\u00e2ncia para a sociedade. Regulamentada em 2013 no Brasil, a profiss\u00e3o exige uma forma\u00e7\u00e3o acad\u00eamica multidisciplinar, baseada em hist\u00f3ria, hist\u00f3ria da arte, f\u00edsica, qu\u00edmica, filosofia, \u00e9tica e est\u00e9tica.<\/span><\/p>\n<figure id=\"attachment_7214\" aria-describedby=\"caption-attachment-7214\" style=\"width: 300px\" class=\"wp-caption alignright\"><a href=\"http:\/\/www.jornaldaconstrucaocivil.com.br\/wp-content\/uploads\/2017\/08\/Restauro_4-e1503012862861.jpg\"><img loading=\"lazy\" decoding=\"async\" class=\"wp-image-7214 size-medium\" src=\"http:\/\/www.jornaldaconstrucaocivil.com.br\/wp-content\/uploads\/2017\/08\/Restauro_4-300x182.jpg\" width=\"300\" height=\"182\" \/><\/a><figcaption id=\"caption-attachment-7214\" class=\"wp-caption-text\">Wooden furniture restoration<\/figcaption><\/figure>\n<p style=\"text-align: justify;\"><span style=\"color: #000000;\">Segundo Rosina Parchen, coordenadora do curso de Restauro e Conserva\u00e7\u00e3o De Edif\u00edcios e Obras de Arte do Centro Europeu, de Curitiba (PR), a forma\u00e7\u00e3o em restauro permite que o profissional atue na elabora\u00e7\u00e3o de projetos de restaura\u00e7\u00e3o e revitaliza\u00e7\u00e3o de constru\u00e7\u00f5es, pain\u00e9is, telas, esculturas e pinturas murais.<span style=\"color: #000080;\"><em> &#8220;O curso garante ao aluno, todo o suporte te\u00f3rico e pr\u00e1tico necess\u00e1rio para que ele reconhe\u00e7a as patologias e desenvolva solu\u00e7\u00f5es de prote\u00e7\u00e3o e de interven\u00e7\u00e3o em bens culturais&#8221;<\/em><\/span>, detalha a especialista.<\/span><\/p>\n<p style=\"text-align: justify;\"><span style=\"color: #000000;\">Embora a profiss\u00e3o apresente um papel social extremamente relevante, s\u00e3o poucos os profissionais habilitados na \u00e1rea. <span style=\"color: #000080;\"><em>&#8220;A falta de especialistas capazes de elaborar um diagn\u00f3stico adequado e de intervir nos elementos hist\u00f3ricos originais com o conhecimento necess\u00e1rio, pode causar danos irrepar\u00e1veis a preserva\u00e7\u00e3o das caracter\u00edsticas importantes dos elementos hist\u00f3ricos e dos conjuntos onde est\u00e3o inseridos&#8221;<\/em><\/span>, afirma Rosina Parchen.<\/span><\/p>\n<p style=\"text-align: justify;\"><strong><span style=\"color: #000000;\">Mercado de trabalho<\/span><\/strong><\/p>\n<p style=\"text-align: justify;\"><span style=\"color: #000000;\">Os principais campos de atua\u00e7\u00e3o destes profissionais s\u00e3o os museus, \u00f3rg\u00e3os oficiais de prote\u00e7\u00e3o ao patrim\u00f4nio e secretarias de cultura e ateliers especializados. Al\u00e9m disso, nos \u00faltimos anos, com a crescente valoriza\u00e7\u00e3o de pr\u00e9dios e objetos hist\u00f3ricos e de grande valor afetivo na arquitetura, design e decora\u00e7\u00e3o o mercado de trabalho tem se expandido tamb\u00e9m para institui\u00e7\u00f5es privadas.<\/span><\/p>\n<p style=\"text-align: justify;\"><span style=\"color: #000000;\"><span style=\"color: #000080;\"><em>&#8220;Os profissionais que atuam nesta \u00e1rea est\u00e3o sendo cada vez mais procurados para restaurarem e adequarem edifica\u00e7\u00f5es hist\u00f3ricas \u00e0 vida contempor\u00e2nea. Muitos s\u00e3o os exemplos de empresas que tem fixado suas instala\u00e7\u00f5es em pr\u00e9dios hist\u00f3ricos, buscando personalidade e ra\u00edzes culturais. Nestes casos a presen\u00e7a de um restaurador \u00e9 imprescind\u00edvel&#8221;<\/em><\/span>, completa Rosina Parchen.<\/span><\/p>\n","protected":false},"excerpt":{"rendered":"<p>Respons\u00e1vel por identificar, resgatar e preservar bens hist\u00f3ricos, o profissional em restaura\u00e7\u00e3o mant\u00e9m viva a mem\u00f3ria e o legado de lugares e popula\u00e7\u00f5es Curitiba \u2013 Nesta quinta-feira, 17 de agosto,\u00a0 \u00e9 comemorado o Dia Nacional do Patrim\u00f4nio Hist\u00f3rico. A celebra\u00e7\u00e3o foi criada em 1998 para homenagear o historiador e primeiro presidente do Instituto do Patrim\u00f4nio [&hellip;]<\/p>\n","protected":false},"author":1,"featured_media":7213,"comment_status":"open","ping_status":"open","sticky":false,"template":"","format":"standard","meta":{"_uag_custom_page_level_css":"","footnotes":""},"categories":[28,31],"tags":[1353,3285,3631,5877,6225,7470,8030,8347,9576,10341],"class_list":["post-7212","post","type-post","status-publish","format-standard","has-post-thumbnail","hentry","category-arquitetura","category-infraestrutura","tag-bens-culturais","tag-curso-de-restauro-e-conservacao-de-edificios-e-obras-de-arte-do-centro-europeu-curitiba","tag-dia-nacional-do-patrimonio-historico","tag-igrejas","tag-instituto-do-patrimonio-historico-e-artistico-nacional-iphan","tag-mercado","tag-museus","tag-obras-de-artes","tag-profissional-restaurador","tag-revitalizacao-de-construcoes-e-paineis"],"blocksy_meta":[],"spectra_blocks_featured_image_url":[],"spectra_blocks_author_info":{"display_name":"Jornal da Constru\u00e7\u00e3o Civil","avatar_url":"https:\/\/secure.gravatar.com\/avatar\/973c9774fd44ddaceb026973c4962faa70fc512bc4c9da68e8ebb40fecee6540?s=96&d=mm&r=g","author_link":"https:\/\/construcaocivil.siriusmarketingedesign.com.br\/?author=1","description":"Desde de 2013, levando muitas informa\u00e7\u00f5es, lan\u00e7amentos e produtos de qualidade para toda cadeia produtiva da constru\u00e7\u00e3o. O Futuro da constru\u00e7\u00e3o passa por aqui,"},"uagb_featured_image_src":{"full":false,"thumbnail":false,"medium":false,"medium_large":false,"large":false,"1536x1536":false,"2048x2048":false},"uagb_author_info":{"display_name":"Jornal da Constru\u00e7\u00e3o Civil","author_link":"https:\/\/construcaocivil.siriusmarketingedesign.com.br\/?author=1"},"uagb_comment_info":0,"uagb_excerpt":"Respons\u00e1vel por identificar, resgatar e preservar bens hist\u00f3ricos, o profissional em restaura\u00e7\u00e3o mant\u00e9m viva a mem\u00f3ria e o legado de lugares e popula\u00e7\u00f5es Curitiba \u2013 Nesta quinta-feira, 17 de agosto,\u00a0 \u00e9 comemorado o Dia Nacional do Patrim\u00f4nio Hist\u00f3rico. A celebra\u00e7\u00e3o foi criada em 1998 para homenagear o historiador e primeiro presidente do Instituto do Patrim\u00f4nio&hellip;","_links":{"self":[{"href":"https:\/\/construcaocivil.siriusmarketingedesign.com.br\/index.php?rest_route=\/wp\/v2\/posts\/7212","targetHints":{"allow":["GET"]}}],"collection":[{"href":"https:\/\/construcaocivil.siriusmarketingedesign.com.br\/index.php?rest_route=\/wp\/v2\/posts"}],"about":[{"href":"https:\/\/construcaocivil.siriusmarketingedesign.com.br\/index.php?rest_route=\/wp\/v2\/types\/post"}],"author":[{"embeddable":true,"href":"https:\/\/construcaocivil.siriusmarketingedesign.com.br\/index.php?rest_route=\/wp\/v2\/users\/1"}],"replies":[{"embeddable":true,"href":"https:\/\/construcaocivil.siriusmarketingedesign.com.br\/index.php?rest_route=%2Fwp%2Fv2%2Fcomments&post=7212"}],"version-history":[{"count":0,"href":"https:\/\/construcaocivil.siriusmarketingedesign.com.br\/index.php?rest_route=\/wp\/v2\/posts\/7212\/revisions"}],"wp:attachment":[{"href":"https:\/\/construcaocivil.siriusmarketingedesign.com.br\/index.php?rest_route=%2Fwp%2Fv2%2Fmedia&parent=7212"}],"wp:term":[{"taxonomy":"category","embeddable":true,"href":"https:\/\/construcaocivil.siriusmarketingedesign.com.br\/index.php?rest_route=%2Fwp%2Fv2%2Fcategories&post=7212"},{"taxonomy":"post_tag","embeddable":true,"href":"https:\/\/construcaocivil.siriusmarketingedesign.com.br\/index.php?rest_route=%2Fwp%2Fv2%2Ftags&post=7212"}],"curies":[{"name":"wp","href":"https:\/\/api.w.org\/{rel}","templated":true}]}}