{"id":7225,"date":"2017-08-18T12:47:39","date_gmt":"2017-08-18T15:47:39","guid":{"rendered":"http:\/\/www.jornaldaconstrucaocivil.com.br\/?p=7225"},"modified":"2017-08-18T12:47:39","modified_gmt":"2017-08-18T15:47:39","slug":"industria-paulista-fecha-2-mil-vagas-de-emprego-em-julho-aponta-fiesp","status":"publish","type":"post","link":"https:\/\/construcaocivil.siriusmarketingedesign.com.br\/?p=7225","title":{"rendered":"Ind\u00fastria paulista fecha 2 mil vagas de emprego em julho, aponta Fiesp"},"content":{"rendered":"<p style=\"text-align: justify;\"><span style=\"color: #000080;\"><em>No acumulado do ano, o saldo est\u00e1 positivo em 8 mil postos de trabalho<\/em><\/span><\/p>\n<p style=\"text-align: justify;\"><span style=\"color: #000000;\"><span style=\"color: #993300;\">Agosto, 2017<\/span> &#8211; A ind\u00fastria paulista fechou o m\u00eas de julho com demiss\u00e3o de 2 mil trabalhadores, queda de 0,08% na compara\u00e7\u00e3o com o m\u00eas anterior, na s\u00e9rie sem ajuste sazonal. Na an\u00e1lise com ajuste, cede 0,10%. O resultado representa estabilidade para o per\u00edodo, avalia Paulo Francini, diretor titular do Departamento de Pesquisas e Estudos Econ\u00f4micos da Fiesp e do Ciesp (Depecon), \u00e1rea respons\u00e1vel pela pesquisa de N\u00edvel de Emprego do Estado de S\u00e3o Paulo divulgada na quarta-feira (16\/8).<\/span><\/p>\n<p style=\"text-align: justify;\"><span style=\"color: #000000;\">No acumulado do ano, o saldo apurado est\u00e1 positivo em 8 mil postos de trabalho (0,37%), sendo esse o melhor resultado desde 2013, quando foram contratados 55,5 mil trabalhadores. <em><span style=\"color: #000080;\">\u201cAlguns setores, como m\u00e1quinas e equipamentos, produtos de borracha e ve\u00edculos automotores surpreenderam com contrata\u00e7\u00f5es, influenciados pelas exporta\u00e7\u00f5es que t\u00eam ganhado f\u00f4lego\u201d<\/span><\/em>, destacou.<\/span><\/p>\n<p style=\"text-align: justify;\"><span style=\"color: #000000;\">Francini argumenta ainda que <span style=\"color: #000080;\"><em>\u201co equil\u00edbrio \u00e9 muito bom para quem vinha em sucessiva queda, mas para quem busca crescimento, ainda n\u00e3o \u00e9\u201d<\/em><\/span>, concluiu.<\/span><\/p>\n<p style=\"text-align: justify;\"><strong><span style=\"color: #000000;\">Setores e regi\u00f5es<\/span><\/strong><\/p>\n<p style=\"text-align: justify;\"><span style=\"color: #000000;\">Entre os 22 setores acompanhados pela pesquisa para o m\u00eas de julho, 9 ficaram positivos, com destaque para o de m\u00e1quinas e equipamentos (1.426); produtos de borracha e de material pl\u00e1stico (1.142); ve\u00edculos automotores, reboque e carrocerias (1.107).<\/span><\/p>\n<p style=\"text-align: justify;\"><span style=\"color: #000000;\">Do outro lado, 11 ficaram no campo negativo, com destaque por conta de produtos aliment\u00edcios, fechamento de 2,07 mil vagas; produtos de metal, exceto m\u00e1quinas e equipamentos (-1,6 mil) e couro e cal\u00e7ados (-1,08 mil). Houve estabilidade em 2 setores.<\/span><\/p>\n<p style=\"text-align: justify;\"><span style=\"color: #000000;\">A pesquisa apura tamb\u00e9m a situa\u00e7\u00e3o de emprego para as grandes regi\u00f5es do estado de S\u00e3o Paulo e em 36 Diretorias Regionais do CIESP. Por grande regi\u00e3o, a varia\u00e7\u00e3o no m\u00eas ficou negativa, al\u00e9m do Estado de S\u00e3o Paulo (-0,08%), tamb\u00e9m no interior paulista (-0,11%) e na Grande S\u00e3o Paulo (-0,03%).<\/span><\/p>\n<p style=\"text-align: justify;\"><span style=\"color: #000000;\">Entre as 36 diretorias regionais, houve varia\u00e7\u00e3o nos resultados. Nas 16 que apontaram altas, destaque por conta de Mat\u00e3o (1,50%), influenciada pelo setor de m\u00e1quinas e equipamentos (2,23%), produtos aliment\u00edcios (0,91%); Piracicaba (1,17%), por m\u00e1quinas e equipamentos (3,40%) e produtos de metal (3,85%) e Cotia (0,79%), por m\u00e1quinas e materiais el\u00e9tricos (7,02%) e ve\u00edculos automotores e autope\u00e7as (5,32%).<\/span><\/p>\n<p style=\"text-align: justify;\"><span style=\"color: #000000;\">J\u00e1 dos 16 negativos, destaque para S\u00e3o Jos\u00e9 do Rio Preto (-1,60%), por produtos aliment\u00edcios (-4,04%) e coque, petr\u00f3leo e biocombust\u00edveis (-0,96%); Sert\u00e3ozinho (-1,39%), influenciado por produtos aliment\u00edcios (-1,42%) e produtos de metal (-4,51%) e Ara\u00e7atuba (-1,13%), por artefatos de couro e cal\u00e7ados (-1,72%) e coque, petr\u00f3leo e biocombust\u00edveis (-1,25%).<\/span><\/p>\n<p style=\"text-align: justify;\">Fonte: Imprensa\/FIESP<\/p>\n","protected":false},"excerpt":{"rendered":"<p>No acumulado do ano, o saldo est\u00e1 positivo em 8 mil postos de trabalho Agosto, 2017 &#8211; A ind\u00fastria paulista fechou o m\u00eas de julho com demiss\u00e3o de 2 mil trabalhadores, queda de 0,08% na compara\u00e7\u00e3o com o m\u00eas anterior, na s\u00e9rie sem ajuste sazonal. Na an\u00e1lise com ajuste, cede 0,10%. O resultado representa estabilidade [&hellip;]<\/p>\n","protected":false},"author":1,"featured_media":0,"comment_status":"open","ping_status":"open","sticky":false,"template":"","format":"standard","meta":{"_uag_custom_page_level_css":"","footnotes":""},"categories":[33],"tags":[3217,4766,5052,6068,6175,7212,7527,8868,10658,10912],"class_list":["post-7225","post","type-post","status-publish","format-standard","hentry","category-mercado","tag-crise-politica","tag-exportacoes-positivas-no-1osemestre","tag-fiesp","tag-industria-paulista-fecha-2-mil-vagas-de-empregos","tag-instabilidade-economica","tag-maquinas-e-equipamentos-contrataram-em-sp","tag-mercado-de-trabalho","tag-petroleo-e-biocombustiveis","tag-sao-jose-do-rio-pretosp","tag-sertaozinhosp"],"blocksy_meta":[],"spectra_blocks_featured_image_url":null,"spectra_blocks_author_info":{"display_name":"Jornal da Constru\u00e7\u00e3o Civil","avatar_url":"https:\/\/secure.gravatar.com\/avatar\/973c9774fd44ddaceb026973c4962faa70fc512bc4c9da68e8ebb40fecee6540?s=96&d=mm&r=g","author_link":"https:\/\/construcaocivil.siriusmarketingedesign.com.br\/?author=1","description":"Desde de 2013, levando muitas informa\u00e7\u00f5es, lan\u00e7amentos e produtos de qualidade para toda cadeia produtiva da constru\u00e7\u00e3o. O Futuro da constru\u00e7\u00e3o passa por aqui,"},"uagb_featured_image_src":{"full":false,"thumbnail":false,"medium":false,"medium_large":false,"large":false,"1536x1536":false,"2048x2048":false},"uagb_author_info":{"display_name":"Jornal da Constru\u00e7\u00e3o Civil","author_link":"https:\/\/construcaocivil.siriusmarketingedesign.com.br\/?author=1"},"uagb_comment_info":0,"uagb_excerpt":"No acumulado do ano, o saldo est\u00e1 positivo em 8 mil postos de trabalho Agosto, 2017 &#8211; A ind\u00fastria paulista fechou o m\u00eas de julho com demiss\u00e3o de 2 mil trabalhadores, queda de 0,08% na compara\u00e7\u00e3o com o m\u00eas anterior, na s\u00e9rie sem ajuste sazonal. Na an\u00e1lise com ajuste, cede 0,10%. O resultado representa estabilidade&hellip;","_links":{"self":[{"href":"https:\/\/construcaocivil.siriusmarketingedesign.com.br\/index.php?rest_route=\/wp\/v2\/posts\/7225","targetHints":{"allow":["GET"]}}],"collection":[{"href":"https:\/\/construcaocivil.siriusmarketingedesign.com.br\/index.php?rest_route=\/wp\/v2\/posts"}],"about":[{"href":"https:\/\/construcaocivil.siriusmarketingedesign.com.br\/index.php?rest_route=\/wp\/v2\/types\/post"}],"author":[{"embeddable":true,"href":"https:\/\/construcaocivil.siriusmarketingedesign.com.br\/index.php?rest_route=\/wp\/v2\/users\/1"}],"replies":[{"embeddable":true,"href":"https:\/\/construcaocivil.siriusmarketingedesign.com.br\/index.php?rest_route=%2Fwp%2Fv2%2Fcomments&post=7225"}],"version-history":[{"count":0,"href":"https:\/\/construcaocivil.siriusmarketingedesign.com.br\/index.php?rest_route=\/wp\/v2\/posts\/7225\/revisions"}],"wp:attachment":[{"href":"https:\/\/construcaocivil.siriusmarketingedesign.com.br\/index.php?rest_route=%2Fwp%2Fv2%2Fmedia&parent=7225"}],"wp:term":[{"taxonomy":"category","embeddable":true,"href":"https:\/\/construcaocivil.siriusmarketingedesign.com.br\/index.php?rest_route=%2Fwp%2Fv2%2Fcategories&post=7225"},{"taxonomy":"post_tag","embeddable":true,"href":"https:\/\/construcaocivil.siriusmarketingedesign.com.br\/index.php?rest_route=%2Fwp%2Fv2%2Ftags&post=7225"}],"curies":[{"name":"wp","href":"https:\/\/api.w.org\/{rel}","templated":true}]}}