{"id":7227,"date":"2017-08-18T13:03:45","date_gmt":"2017-08-18T16:03:45","guid":{"rendered":"http:\/\/www.jornaldaconstrucaocivil.com.br\/?p=7227"},"modified":"2017-08-18T13:03:45","modified_gmt":"2017-08-18T16:03:45","slug":"forum-divulga-carta-aberta-ao-stf-pelo-fim-do-amianto","status":"publish","type":"post","link":"https:\/\/construcaocivil.siriusmarketingedesign.com.br\/?p=7227","title":{"rendered":"F\u00f3rum divulga Carta Aberta ao STF pelo fim do amianto"},"content":{"rendered":"<p style=\"text-align: justify;\"><span style=\"color: #000080;\"><em>Semin\u00e1rio em Bras\u00edlia, com participa\u00e7\u00e3o do MPT, tamb\u00e9m discutir\u00e1 futuro das leis que pro\u00edbem o uso do produto no Brasil<\/em><\/span><\/p>\n<figure id=\"attachment_7228\" aria-describedby=\"caption-attachment-7228\" style=\"width: 300px\" class=\"wp-caption alignleft\"><a href=\"http:\/\/www.jornaldaconstrucaocivil.com.br\/wp-content\/uploads\/2017\/08\/AMIANTO.jpg\"><img loading=\"lazy\" decoding=\"async\" class=\"wp-image-7228 size-medium\" src=\"http:\/\/www.jornaldaconstrucaocivil.com.br\/wp-content\/uploads\/2017\/08\/AMIANTO-300x199.jpg\" alt=\"AMIANTO\" width=\"300\" height=\"199\" \/><\/a><figcaption id=\"caption-attachment-7228\" class=\"wp-caption-text\">TST<\/figcaption><\/figure>\n<p style=\"text-align: justify;\"><span style=\"color: #000000;\"><span style=\"color: #993300;\">Bras\u00edlia, agosto, 2017<\/span> \u00a0&#8211; O F\u00f3rum de Seguran\u00e7a e Sa\u00fade do Estado de Santa Catarina (FSST-SC),\u00a0 o qual o Minist\u00e9rio P\u00fablico do Trabalho (MPT) \u00e9 integrante, divulgou Carta Aberta (leia abaixo) ao Supremo Tribunal Federal (STF) pelo banimento definitivo\u00a0 do amianto,\u00a0 fibra cancer\u00edgena utilizada amplamente no Brasil, principalmente na fabrica\u00e7\u00e3o de telhas e caixas d\u00b4\u00e1gua.\u00a0 O STF dever\u00e1 julgar, esta semana, a constitucionalidade das leis estaduais e municipais que pro\u00edbem o amianto, al\u00e9m da lei federal que \u00e9 mais permissiva e prev\u00ea o uso controlado.<\/span><\/p>\n<p style=\"text-align: justify;\"><span style=\"color: #000000;\">\u00a0Na carta, o f\u00f3rum destaca que mais de 75 pa\u00edses j\u00e1 baniram o amianto em seus territ\u00f3rios.\u00a0 O Brasil admite a extra\u00e7\u00e3o, comercializa\u00e7\u00e3o e o uso do amianto crisotila, contrariando o compromisso assumido junto \u00e0 comunidade internacional pelo banimento, como signat\u00e1rio da Conven\u00e7\u00e3o n\u00ba 162 da Organiza\u00e7\u00e3o Internacional do Trabalho (OIT), legisla\u00e7\u00e3o que ocupa a mesma posi\u00e7\u00e3o hier\u00e1rquica das normas constitucionais.<\/span><\/p>\n<p style=\"text-align: justify;\"><span style=\"color: #000000;\">Na ter\u00e7a-feira (8), o MPT participou de semin\u00e1rio, em Bras\u00edlia,\u00a0 que discutiu com v\u00e1rios especialistas o futuro das leis que pro\u00edbem o uso do amianto no Brasil. O semin\u00e1rio \u00e9 realizado pela\u00a0 Associa\u00e7\u00e3o Brasileira dos Expostos ao Amianto (Abrea) e pelo Departamento Intersindical de Estudos e Pesquisas de Sa\u00fade e dos Ambientes de Trabalho (Diesat) com\u00a0 apoio do MPT e do F\u00f3rum Sa\u00fade e Seguran\u00e7a do Trabalhador no Estado de Santa Catarina.\u00a0 O debate aconteceu no hotel\u00a0 Athos Bulc\u00e3o, setor hoteleiro norte.<\/span><\/p>\n<p style=\"text-align: justify;\"><span style=\"color: #0000ff;\">CARTA ABERTA AO STF PELO BANIMENTO DEFINITIVO\u00a0 DO AMIANTO, RESGUARDANDO O DIREITO CONSTITUCIONAL \u00c0 VIDA E AO TRABALHO SAUD\u00c1VEL<\/span><\/p>\n<p style=\"text-align: justify;\"><span style=\"color: #000000;\">O Amianto ou asbesto \u00e9 uma fibra natural, ainda usada no Brasil, na forma crisotila, apesar da legisla\u00e7\u00e3o brasileira inclui-lo na Lista Nacional de Agentes Cancer\u00edgenos para Humanos \u2013 LINACH, como subst\u00e2ncia reconhecidamente cancer\u00edgena para humanos.<\/span><\/p>\n<p style=\"text-align: justify;\"><span style=\"color: #000000;\">A Organiza\u00e7\u00e3o Mundial de Sa\u00fade \u2013 OMS sustenta que todas as variedades de amianto causam c\u00e2ncer, bem como estima que cerca de 50% das mortes por c\u00e2ncer ocupacional est\u00e3o associadas \u00e0 exposi\u00e7\u00e3o ao amianto, n\u00e3o existindo limite de toler\u00e2ncia seguro para a exposi\u00e7\u00e3o humana.<\/span><\/p>\n<p style=\"text-align: justify;\"><span style=\"color: #993300;\">Mais de 75 (setenta e cinco) pa\u00edses j\u00e1 baniram o amianto em seus territ\u00f3rios.<\/span><\/p>\n<p style=\"text-align: justify;\"><span style=\"color: #000000;\">O Brasil admite a extra\u00e7\u00e3o, comercializa\u00e7\u00e3o e o uso do amianto crisotila,\u00a0 contrariando o compromisso assumido junto \u00e0 comunidade internacional pelo banimento, como signat\u00e1rio da Conven\u00e7\u00e3o n\u00ba 162 da Organiza\u00e7\u00e3o Internacional do Trabalho &#8211; OIT, legisla\u00e7\u00e3o que ocupa a mesma posi\u00e7\u00e3o hier\u00e1rquica das normas constitucionais. O pa\u00eds ainda permite, por exemplo, a produ\u00e7\u00e3o de telhas e caixas d\u2019\u00e1gua com amianto, mesmo que praticamente todas as ind\u00fastrias do setor j\u00e1 possuam produtos livres do amianto, que est\u00e3o sendo, inclusive, adotados pelo mercado consumidor, sem que haja, portanto,\u00a0 preju\u00edzo de postos de trabalho.<\/span><\/p>\n<p style=\"text-align: justify;\"><span style=\"color: #000000;\">Diante desse cen\u00e1rio, em 2012, o Minist\u00e9rio P\u00fablico do Trabalho \u2013 MPT criou o Programa Nacional de Banimento do Amianto, com o objetivo de dar tratamento sistematizado \u00e0 quest\u00e3o envolvendo o amianto no Brasil. Desde a sua cria\u00e7\u00e3o, diversas empresas j\u00e1 firmaram acordos judiciais e Termos de Ajustamento de Conduta \u2013 TAC\u00b4s, contemplando a substitui\u00e7\u00e3o do amianto. Remanescem no Brasil apenas duas empresas que ainda utilizam o amianto crisotila na produ\u00e7\u00e3o de telhas, havendo, para ambas, previs\u00e3o para o ajuizamento de a\u00e7\u00f5es civis p\u00fablicas.<\/span><\/p>\n<p style=\"text-align: justify;\"><span style=\"color: #000000;\">Al\u00e9m disso, o MPT tem incentivado pesquisas cient\u00edficas e pol\u00edticas p\u00fablicas voltadas para o diagn\u00f3stico, registro e identifica\u00e7\u00e3o de trabalhadores adoecidos pela exposi\u00e7\u00e3o ao amianto.<\/span><\/p>\n<p style=\"text-align: justify;\"><span style=\"color: #000000;\">Com a finalidade de resguardar a sa\u00fade dos cidad\u00e3os, v\u00e1rios munic\u00edpios e dez estados brasileiros \u2013 S\u00e3o Paulo, Rio de Janeiro, Rio Grande do Sul, Pernambuco, Mato Grosso, Minas Gerais, Santa Catarina, Par\u00e1, Maranh\u00e3o e Amazonas \u2013 aprovaram leis de restri\u00e7\u00e3o ao uso e comercializa\u00e7\u00e3o do amianto crisotila em seus territ\u00f3rios.<\/span><\/p>\n<p style=\"text-align: justify;\"><span style=\"color: #000000;\">Algumas dessas leis estaduais t\u00eam a\u00e7\u00f5es que discutem sua constitucionalidade, pendentes de julgamento no Supremo Tribunal Federal. \u00c9 grande a expectativa em torno do julgamento que acontecer\u00e1 no dia 10 de agosto no Supremo Tribunal Federal.<\/span><\/p>\n<p style=\"text-align: justify;\"><span style=\"color: #000000;\">O F\u00f3rum de Seguran\u00e7a e Sa\u00fade no Trabalho de Santa Catarina, alinha-se \u00e0 sociedade brasileira no clamor pela manuten\u00e7\u00e3o do banimento do amianto garantido pelas leis estaduais.<\/span><\/p>\n<p style=\"text-align: justify;\"><span style=\"color: #000000;\">Florian\u00f3polis, 04 de agosto de 2017<\/span><\/p>\n<p style=\"text-align: justify;\"><span style=\"color: #000000;\">F\u00f3rum de Seguran\u00e7a e Sa\u00fade do Estado de Santa Catarina\u00a0 &#8211; FSST\/SC<\/span><\/p>\n<p style=\"text-align: justify;\">Fonte: Imprensa\/MPT<\/p>\n","protected":false},"excerpt":{"rendered":"<p>Semin\u00e1rio em Bras\u00edlia, com participa\u00e7\u00e3o do MPT, tamb\u00e9m discutir\u00e1 futuro das leis que pro\u00edbem o uso do produto no Brasil Bras\u00edlia, agosto, 2017 \u00a0&#8211; O F\u00f3rum de Seguran\u00e7a e Sa\u00fade do Estado de Santa Catarina (FSST-SC),\u00a0 o qual o Minist\u00e9rio P\u00fablico do Trabalho (MPT) \u00e9 integrante, divulgou Carta Aberta (leia abaixo) ao Supremo Tribunal Federal [&hellip;]<\/p>\n","protected":false},"author":1,"featured_media":7228,"comment_status":"open","ping_status":"open","sticky":false,"template":"","format":"standard","meta":{"_uag_custom_page_level_css":"","footnotes":""},"categories":[37],"tags":[688,689,4588,4799,5207,7362,7730,8522,9655,11463],"class_list":["post-7227","post","type-post","status-publish","format-standard","has-post-thumbnail","hentry","category-sustentabilidade","tag-amianto-causa-cancer","tag-amianto-mata","tag-estados-aprovam-leis-para-uso-comercial-do-amianto","tag-fabricacao-de-telhas-e-caixas-dagua","tag-forum-de-seguranca-e-saude-do-estado-de-santa-catarina-fsst-sc","tag-material-de-construcao","tag-ministerio-publico-do-trabalho-mpt-criou-o-programa-nacional-de-banimento-do-amianto","tag-organizacao-mundial-de-saude-oms","tag-proibicao-do-amianto-no-brasil","tag-supremo-tribunal-federal-stf"],"blocksy_meta":[],"spectra_blocks_featured_image_url":[],"spectra_blocks_author_info":{"display_name":"Jornal da Constru\u00e7\u00e3o Civil","avatar_url":"https:\/\/secure.gravatar.com\/avatar\/973c9774fd44ddaceb026973c4962faa70fc512bc4c9da68e8ebb40fecee6540?s=96&d=mm&r=g","author_link":"https:\/\/construcaocivil.siriusmarketingedesign.com.br\/?author=1","description":"Desde de 2013, levando muitas informa\u00e7\u00f5es, lan\u00e7amentos e produtos de qualidade para toda cadeia produtiva da constru\u00e7\u00e3o. O Futuro da constru\u00e7\u00e3o passa por aqui,"},"uagb_featured_image_src":{"full":false,"thumbnail":false,"medium":false,"medium_large":false,"large":false,"1536x1536":false,"2048x2048":false},"uagb_author_info":{"display_name":"Jornal da Constru\u00e7\u00e3o Civil","author_link":"https:\/\/construcaocivil.siriusmarketingedesign.com.br\/?author=1"},"uagb_comment_info":0,"uagb_excerpt":"Semin\u00e1rio em Bras\u00edlia, com participa\u00e7\u00e3o do MPT, tamb\u00e9m discutir\u00e1 futuro das leis que pro\u00edbem o uso do produto no Brasil Bras\u00edlia, agosto, 2017 \u00a0&#8211; O F\u00f3rum de Seguran\u00e7a e Sa\u00fade do Estado de Santa Catarina (FSST-SC),\u00a0 o qual o Minist\u00e9rio P\u00fablico do Trabalho (MPT) \u00e9 integrante, divulgou Carta Aberta (leia abaixo) ao Supremo Tribunal Federal&hellip;","_links":{"self":[{"href":"https:\/\/construcaocivil.siriusmarketingedesign.com.br\/index.php?rest_route=\/wp\/v2\/posts\/7227","targetHints":{"allow":["GET"]}}],"collection":[{"href":"https:\/\/construcaocivil.siriusmarketingedesign.com.br\/index.php?rest_route=\/wp\/v2\/posts"}],"about":[{"href":"https:\/\/construcaocivil.siriusmarketingedesign.com.br\/index.php?rest_route=\/wp\/v2\/types\/post"}],"author":[{"embeddable":true,"href":"https:\/\/construcaocivil.siriusmarketingedesign.com.br\/index.php?rest_route=\/wp\/v2\/users\/1"}],"replies":[{"embeddable":true,"href":"https:\/\/construcaocivil.siriusmarketingedesign.com.br\/index.php?rest_route=%2Fwp%2Fv2%2Fcomments&post=7227"}],"version-history":[{"count":0,"href":"https:\/\/construcaocivil.siriusmarketingedesign.com.br\/index.php?rest_route=\/wp\/v2\/posts\/7227\/revisions"}],"wp:attachment":[{"href":"https:\/\/construcaocivil.siriusmarketingedesign.com.br\/index.php?rest_route=%2Fwp%2Fv2%2Fmedia&parent=7227"}],"wp:term":[{"taxonomy":"category","embeddable":true,"href":"https:\/\/construcaocivil.siriusmarketingedesign.com.br\/index.php?rest_route=%2Fwp%2Fv2%2Fcategories&post=7227"},{"taxonomy":"post_tag","embeddable":true,"href":"https:\/\/construcaocivil.siriusmarketingedesign.com.br\/index.php?rest_route=%2Fwp%2Fv2%2Ftags&post=7227"}],"curies":[{"name":"wp","href":"https:\/\/api.w.org\/{rel}","templated":true}]}}