{"id":724,"date":"2016-01-19T14:06:25","date_gmt":"2016-01-19T14:06:25","guid":{"rendered":"http:\/\/www.jornaldaconstrucaocivil.com.br\/?p=724"},"modified":"2016-01-19T14:06:25","modified_gmt":"2016-01-19T14:06:25","slug":"primeira-palestrante-da-19a-feira-do-estudante-expo-ciee-confirmada","status":"publish","type":"post","link":"https:\/\/construcaocivil.siriusmarketingedesign.com.br\/?p=724","title":{"rendered":"PRIMEIRA PALESTRANTE DA 19\u00aa FEIRA DO ESTUDANTE \u2013 EXPO CIEE CONFIRMADA"},"content":{"rendered":"<p><strong><span style=\"color: #000000;\"><em>O maior evento direcionado \u00e0 inclus\u00e3o profissional de estudantes chega \u00e0 d\u00e9cima nona edi\u00e7\u00e3o<\/em><\/span><\/strong><\/p>\n<p><span style=\"color: #000000;\">A primeira palestrante da 19\u00aa Feira do Estudante \u2013 Expo CIEE 2016 j\u00e1 confirmou presente, no evento agendado para ocorrer entre os dias 20 e 22 de maio, no Pavilh\u00e3o da Bienal do Parque do Ibirapuera, na capital paulista, com entrada gratuita. Trata-se de Camila Mabeloop.<\/span><\/p>\n<p><span style=\"color: #000000;\">A jovem, de apenas 20 anos, ministrar\u00e1 a palestra Como um blog pode te ajudar na profiss\u00e3o?, em 22\/5, \u00e0s 14h. Camila \u00e9 a criadora de um blog em que escreve resenhas e recomenda livros, entre outras coisas. Gra\u00e7as ao seu trabalho, foi convidada para uma entrevista exclusiva, em v\u00eddeo, com uma autora norte-americana que admira e foi chamada pela editora a escrever o coment\u00e1rio da contracapa do mais recente lan\u00e7amento dela.<\/span><\/p>\n<p><span style=\"color: #000000;\">Durante os tr\u00eas dias de Expo CIEE ser\u00e3o oferecidas 100 palestras com especialistas das mais diversas \u00e1reas, atividades culturais, oficinas de capacita\u00e7\u00e3o e 80 expositores.<\/span><\/p>\n<table border=\"0\" cellspacing=\"0\" cellpadding=\"0\">\n<tbody>\n<tr>\n<td><span style=\"color: #000000;\"><strong>SERVI\u00c7O<\/strong><\/span><\/td>\n<\/tr>\n<tr>\n<td>\n<div>\n<p><span style=\"color: #000000;\">Local: Pavilh\u00e3o da Bienal do Parque do Ibirapuera<\/span><br \/>\n<span style=\"color: #000000;\"> Endere\u00e7o: Av. Pedro \u00c1lvares Cabral, s\/n &#8211; S\u00e3o Paulo\/SP<\/span><br \/>\n<span style=\"color: #000000;\"> Acesso para pessoas com defici\u00eancia.<\/span><br \/>\n<span style=\"color: #000000;\"> Data: 20 a 22 de maio de 2016.<\/span><br \/>\n<span style=\"color: #000000;\"> Sexta e s\u00e1bado &#8211; 10h \u00e0s 20 h \/ Domingo \u2013 10h \u00e0s 18h.<\/span><br \/>\n<span style=\"color: #000000;\"> ENTRADA FRANCA<\/span><\/p>\n<p><span style=\"color: #000000;\">Site:www.ciee.org.br<\/span><\/p>\n<p><span style=\"color: #000000;\">Fonte: Assessoria de Imprensa CIEE-SP<\/span><\/p>\n<\/div>\n<\/td>\n<\/tr>\n<\/tbody>\n<\/table>\n","protected":false},"excerpt":{"rendered":"<p>O maior evento direcionado \u00e0 inclus\u00e3o profissional de estudantes chega \u00e0 d\u00e9cima nona edi\u00e7\u00e3o A primeira palestrante da 19\u00aa Feira do Estudante \u2013 Expo CIEE 2016 j\u00e1 confirmou presente, no evento agendado para ocorrer entre os dias 20 e 22 de maio, no Pavilh\u00e3o da Bienal do Parque do Ibirapuera, na capital paulista, com entrada [&hellip;]<\/p>\n","protected":false},"author":1,"featured_media":0,"comment_status":"open","ping_status":"open","sticky":false,"template":"","format":"quote","meta":{"_uag_custom_page_level_css":"","footnotes":""},"categories":[27],"tags":[110,2282,4738,8602],"class_list":["post-724","post","type-post","status-publish","format-quote","hentry","category-acontece","tag-19a-feira-do-estudante","tag-ciee-sp","tag-expo-ciee-2016","tag-palestrante","post_format-post-format-quote"],"blocksy_meta":[],"spectra_blocks_featured_image_url":null,"spectra_blocks_author_info":{"display_name":"Jornal da Constru\u00e7\u00e3o Civil","avatar_url":"https:\/\/secure.gravatar.com\/avatar\/973c9774fd44ddaceb026973c4962faa70fc512bc4c9da68e8ebb40fecee6540?s=96&d=mm&r=g","author_link":"https:\/\/construcaocivil.siriusmarketingedesign.com.br\/?author=1","description":"Desde de 2013, levando muitas informa\u00e7\u00f5es, lan\u00e7amentos e produtos de qualidade para toda cadeia produtiva da constru\u00e7\u00e3o. O Futuro da constru\u00e7\u00e3o passa por aqui,"},"uagb_featured_image_src":{"full":false,"thumbnail":false,"medium":false,"medium_large":false,"large":false,"1536x1536":false,"2048x2048":false},"uagb_author_info":{"display_name":"Jornal da Constru\u00e7\u00e3o Civil","author_link":"https:\/\/construcaocivil.siriusmarketingedesign.com.br\/?author=1"},"uagb_comment_info":0,"uagb_excerpt":"O maior evento direcionado \u00e0 inclus\u00e3o profissional de estudantes chega \u00e0 d\u00e9cima nona edi\u00e7\u00e3o A primeira palestrante da 19\u00aa Feira do Estudante \u2013 Expo CIEE 2016 j\u00e1 confirmou presente, no evento agendado para ocorrer entre os dias 20 e 22 de maio, no Pavilh\u00e3o da Bienal do Parque do Ibirapuera, na capital paulista, com entrada&hellip;","_links":{"self":[{"href":"https:\/\/construcaocivil.siriusmarketingedesign.com.br\/index.php?rest_route=\/wp\/v2\/posts\/724","targetHints":{"allow":["GET"]}}],"collection":[{"href":"https:\/\/construcaocivil.siriusmarketingedesign.com.br\/index.php?rest_route=\/wp\/v2\/posts"}],"about":[{"href":"https:\/\/construcaocivil.siriusmarketingedesign.com.br\/index.php?rest_route=\/wp\/v2\/types\/post"}],"author":[{"embeddable":true,"href":"https:\/\/construcaocivil.siriusmarketingedesign.com.br\/index.php?rest_route=\/wp\/v2\/users\/1"}],"replies":[{"embeddable":true,"href":"https:\/\/construcaocivil.siriusmarketingedesign.com.br\/index.php?rest_route=%2Fwp%2Fv2%2Fcomments&post=724"}],"version-history":[{"count":0,"href":"https:\/\/construcaocivil.siriusmarketingedesign.com.br\/index.php?rest_route=\/wp\/v2\/posts\/724\/revisions"}],"wp:attachment":[{"href":"https:\/\/construcaocivil.siriusmarketingedesign.com.br\/index.php?rest_route=%2Fwp%2Fv2%2Fmedia&parent=724"}],"wp:term":[{"taxonomy":"category","embeddable":true,"href":"https:\/\/construcaocivil.siriusmarketingedesign.com.br\/index.php?rest_route=%2Fwp%2Fv2%2Fcategories&post=724"},{"taxonomy":"post_tag","embeddable":true,"href":"https:\/\/construcaocivil.siriusmarketingedesign.com.br\/index.php?rest_route=%2Fwp%2Fv2%2Ftags&post=724"}],"curies":[{"name":"wp","href":"https:\/\/api.w.org\/{rel}","templated":true}]}}