{"id":7243,"date":"2017-08-21T14:29:15","date_gmt":"2017-08-21T17:29:15","guid":{"rendered":"http:\/\/www.jornaldaconstrucaocivil.com.br\/?p=7243"},"modified":"2017-08-21T14:29:15","modified_gmt":"2017-08-21T17:29:15","slug":"artigo-o-discurso-do-odio-alimenta-a-barbarie","status":"publish","type":"post","link":"https:\/\/construcaocivil.siriusmarketingedesign.com.br\/?p=7243","title":{"rendered":"Artigo: O discurso do \u00f3dio alimenta a barb\u00e1rie"},"content":{"rendered":"<p style=\"text-align: justify;\"><em><span style=\"color: #000000;\">Por Reinaldo Dias<\/span><\/em><\/p>\n<p style=\"text-align: justify;\"><span style=\"color: #000000;\"><span style=\"color: #993300;\">Agosto, 2017<\/span> &#8211; As maiores atrocidades ocorridas na hist\u00f3ria da humanidade ocorreram fomentadas pelo discurso do \u00f3dio. Em um passado recente, na segunda guerra mundial, o regime nazista alem\u00e3o promoveu o exterm\u00ednio de 6 milh\u00f5es de judeus e outros grupos considerados inferiores ou que foram perseguidos por motivos pol\u00edticos, ideol\u00f3gicos ou comportamentais. Esse massacre est\u00e1 fartamente documentado e surpreende o seu recrudescimento no mundo atual.<\/span><\/p>\n<p style=\"text-align: justify;\"><span style=\"color: #000000;\">A emerg\u00eancia de grupos supremacistas brancos, xen\u00f3fobos, racistas e neonazistas que utilizam o discurso e a apologia do \u00f3dio aos diferentes, quer sejam negros, hisp\u00e2nicos, homossexuais, imigrantes entre outros mostra que essa ideologia de extrema direita tem encontrado espa\u00e7o para se manifestar e est\u00e1 se tornando cada vez mais agressiva. \u00c9 ilustrativo o recente acontecimento em Charlottesville, no Estado da Virginia, onde um enfrentamento por fanatismo, racismo e uso da viol\u00eancia deixou mortos e feridos. O fato sinaliza para o mundo o perigo representado pelo discurso do \u00f3dio e a necessidade de as democracias enfrentarem com firmeza esse tipo de manifesta\u00e7\u00e3o. \u00c9 uma semente que n\u00e3o pode germinar.<\/span><\/p>\n<p style=\"text-align: justify;\"><span style=\"color: #000000;\">Os Estados Unidos n\u00e3o s\u00e3o um caso isolado. Podemos encontrar, hoje, o surgimento de grupos de extrema direita na Europa e outras partes do mundo. No Brasil, esses grupos est\u00e3o saindo do limbo a que foram relegados durante um tempo e j\u00e1 se sentem \u00e0 vontade para manifestar-se nas redes sociais e nas ruas defendendo ostensivamente posi\u00e7\u00f5es racistas, homof\u00f3bicas e xen\u00f3fobas. Na busca de culpados pelo desemprego, esses grupos apontam para o outro, o rec\u00e9m-chegado imigrante que foge da mis\u00e9ria, da fome, da guerra ou da persegui\u00e7\u00e3o pol\u00edtica. Em diversas partes do pais tem ocorrido situa\u00e7\u00f5es em que imigrantes s\u00e3o agredidos e hostilizados. Esse discurso simplista encontra seguidores em todos os cantos. S\u00e3o pessoas que ignoram que est\u00e3o sendo levadas a apoiar propostas que contrariam d\u00e9cadas de esfor\u00e7os na constru\u00e7\u00e3o dos direitos humanos no mundo. \u00c9 o discurso da viol\u00eancia, do culto a intoler\u00e2ncia, da demoniza\u00e7\u00e3o do imigrante e do diferente.<\/span><\/p>\n<p style=\"text-align: justify;\"><span style=\"color: #000000;\">O acontecimento em Charlottesville n\u00e3o pode ser visto como um fato isolado, mas analisado dentro de um contexto, que \u00e9 semelhante no mundo todo, de intensifica\u00e7\u00e3o da viol\u00eancia pela intoler\u00e2ncia contra o outro sob alega\u00e7\u00f5es diversas e com viola\u00e7\u00f5es de direitos humanos.<\/span><\/p>\n<p style=\"text-align: justify;\"><span style=\"color: #000000;\">No Brasil o discurso do \u00f3dio incentiva a agress\u00e3o \u00e0s mulheres, aos nordestinos, aos mendigos, aos grupos LGBT, aos negros, aos deficientes e aos imigrantes. Depois de muito tempo esses grupos de \u00f3dio t\u00eam agora at\u00e9 um candidato \u00e0 Presid\u00eancia da Rep\u00fablica que compactua com sua ideologia, utilizando a democracia para manifestar sua repulsa \u00e0 diferen\u00e7a, agride as minorias, incentiva a viol\u00eancia contra os estrangeiros e se arroga o direito de manifestar essa ideologia abertamente nas redes sociais.<\/span><\/p>\n<p style=\"text-align: justify;\"><span style=\"color: #000000;\">Os governos, nos mais diversos n\u00edveis de articula\u00e7\u00e3o \u2013 municipal, estadual ou federal \u2013 devem incentivar a\u00e7\u00f5es voltadas para o estabelecimento de pol\u00edticas p\u00fablicas que privilegiem o di\u00e1logo, a conviv\u00eancia, fortalecimento de valores e princ\u00edpios identificados com a toler\u00e2ncia, a busca da equidade, da liberdade e o respeito \u00e0 dignidade humana.<\/span><\/p>\n<p style=\"text-align: justify;\"><span style=\"color: #000000;\">O saldo positivo da emerg\u00eancia desses grupos de \u00f3dio \u00e9 que agora podemos identifica-los \u00e0 luz do dia, e enfrenta-los diretamente com argumentos e fatos para evitar que vicejem e maculem as conquistas que at\u00e9 agora alcan\u00e7amos como sociedade democr\u00e1tica, baseada em institui\u00e7\u00f5es s\u00f3lidas que se consolidaram apesar dos percal\u00e7os que a nossa estrutura pol\u00edtica-administrativa tem passado, originados da incompet\u00eancia, m\u00e1 gest\u00e3o e corrup\u00e7\u00e3o.<\/span><\/p>\n<p style=\"text-align: justify;\"><span style=\"color: #000000;\">Os grupos de \u00f3dio emergem devido a situa\u00e7\u00e3o de anomia que vive o pa\u00eds, com altas taxas de desemprego, levando milh\u00f5es de pessoas ao desespero e sem vislumbrar melhorias num futuro imediato. Nessa popula\u00e7\u00e3o, os incautos e desinformados s\u00e3o presa f\u00e1cil do discurso simplista dos que pregam a intoler\u00e2ncia, assimilando com facilidade suas palavras de ordem e engrossando as fileiras dessa corrente pol\u00edtica-ideol\u00f3gica que tenta se impor cultuando a viol\u00eancia.<\/span><\/p>\n<p style=\"text-align: justify;\"><span style=\"color: #000000;\">Nesse contexto, cabe aos democratas n\u00e3o ca\u00edrem em provoca\u00e7\u00f5es que resultem em viol\u00eancia. O instrumento daqueles que defendem a paz e a democracia \u00e9 a argumenta\u00e7\u00e3o. Vale a pena citar, mais uma vez, como Obama o fez recentemente, a frase de Nelson Mandela que indica o rem\u00e9dio contra o \u00f3dio: <em><span style=\"color: #000080;\">&#8220;Ningu\u00e9m nasce odiando outra pessoa pela cor de sua pele, seu passado ou sua religi\u00e3o&#8230; As pessoas precisam aprender a odiar, e se elas podem aprender a odiar, elas podem ser ensinadas a amar&#8230; Porque o amor chega mais naturalmente no cora\u00e7\u00e3o humano do que seu oposto&#8221;.<\/span><\/em><\/span><\/p>\n<p style=\"text-align: justify;\"><span style=\"color: #000000;\"><span style=\"color: #0000ff;\">Reinaldo Dias<\/span>, <em>Soci\u00f3logo. \u00c9 professor da Universidade Presbiteriana Mackenzie, campus Campinas. Doutor em Ci\u00eancias Sociais e Mestre em Ci\u00eancia Pol\u00edtica pela Unicamp.<\/em><\/span><\/p>\n<p style=\"text-align: justify;\">\n<p>&nbsp;<\/p>\n","protected":false},"excerpt":{"rendered":"<p>Por Reinaldo Dias Agosto, 2017 &#8211; As maiores atrocidades ocorridas na hist\u00f3ria da humanidade ocorreram fomentadas pelo discurso do \u00f3dio. Em um passado recente, na segunda guerra mundial, o regime nazista alem\u00e3o promoveu o exterm\u00ednio de 6 milh\u00f5es de judeus e outros grupos considerados inferiores ou que foram perseguidos por motivos pol\u00edticos, ideol\u00f3gicos ou comportamentais. [&hellip;]<\/p>\n","protected":false},"author":1,"featured_media":0,"comment_status":"open","ping_status":"open","sticky":false,"template":"","format":"standard","meta":{"_uag_custom_page_level_css":"","footnotes":""},"categories":[27],"tags":[2200,3881,4676,5698,5795,7103,7104,8315,10157,11321,12425,12427],"class_list":["post-7243","post","type-post","status-publish","format-standard","hentry","category-acontece","tag-charlottesville-estado-da-virginiaeua","tag-economia-fraca","tag-eua-com-altas-taxas-de-desemprego","tag-grupos-racistas","tag-homofobicas-e-xenofobas-nas-redes-sociais","tag-ma-gestao-e-corrupcao-na-politica","tag-ma-gestao-e-corrupcao-no-setor-privado","tag-o-discurso-do-odio-alimenta-a-barbarie","tag-reinaldo-dias-professor-da-universidade-presbiteriana-mackenzie","tag-solucoes-economicas-imediatas","tag-violencia-contra-negros-hispanicos-e-imigrantes","tag-violencia-entre-povos"],"blocksy_meta":[],"spectra_blocks_featured_image_url":null,"spectra_blocks_author_info":{"display_name":"Jornal da Constru\u00e7\u00e3o Civil","avatar_url":"https:\/\/secure.gravatar.com\/avatar\/973c9774fd44ddaceb026973c4962faa70fc512bc4c9da68e8ebb40fecee6540?s=96&d=mm&r=g","author_link":"https:\/\/construcaocivil.siriusmarketingedesign.com.br\/?author=1","description":"Desde de 2013, levando muitas informa\u00e7\u00f5es, lan\u00e7amentos e produtos de qualidade para toda cadeia produtiva da constru\u00e7\u00e3o. O Futuro da constru\u00e7\u00e3o passa por aqui,"},"uagb_featured_image_src":{"full":false,"thumbnail":false,"medium":false,"medium_large":false,"large":false,"1536x1536":false,"2048x2048":false},"uagb_author_info":{"display_name":"Jornal da Constru\u00e7\u00e3o Civil","author_link":"https:\/\/construcaocivil.siriusmarketingedesign.com.br\/?author=1"},"uagb_comment_info":0,"uagb_excerpt":"Por Reinaldo Dias Agosto, 2017 &#8211; As maiores atrocidades ocorridas na hist\u00f3ria da humanidade ocorreram fomentadas pelo discurso do \u00f3dio. Em um passado recente, na segunda guerra mundial, o regime nazista alem\u00e3o promoveu o exterm\u00ednio de 6 milh\u00f5es de judeus e outros grupos considerados inferiores ou que foram perseguidos por motivos pol\u00edticos, ideol\u00f3gicos ou comportamentais.&hellip;","_links":{"self":[{"href":"https:\/\/construcaocivil.siriusmarketingedesign.com.br\/index.php?rest_route=\/wp\/v2\/posts\/7243","targetHints":{"allow":["GET"]}}],"collection":[{"href":"https:\/\/construcaocivil.siriusmarketingedesign.com.br\/index.php?rest_route=\/wp\/v2\/posts"}],"about":[{"href":"https:\/\/construcaocivil.siriusmarketingedesign.com.br\/index.php?rest_route=\/wp\/v2\/types\/post"}],"author":[{"embeddable":true,"href":"https:\/\/construcaocivil.siriusmarketingedesign.com.br\/index.php?rest_route=\/wp\/v2\/users\/1"}],"replies":[{"embeddable":true,"href":"https:\/\/construcaocivil.siriusmarketingedesign.com.br\/index.php?rest_route=%2Fwp%2Fv2%2Fcomments&post=7243"}],"version-history":[{"count":0,"href":"https:\/\/construcaocivil.siriusmarketingedesign.com.br\/index.php?rest_route=\/wp\/v2\/posts\/7243\/revisions"}],"wp:attachment":[{"href":"https:\/\/construcaocivil.siriusmarketingedesign.com.br\/index.php?rest_route=%2Fwp%2Fv2%2Fmedia&parent=7243"}],"wp:term":[{"taxonomy":"category","embeddable":true,"href":"https:\/\/construcaocivil.siriusmarketingedesign.com.br\/index.php?rest_route=%2Fwp%2Fv2%2Fcategories&post=7243"},{"taxonomy":"post_tag","embeddable":true,"href":"https:\/\/construcaocivil.siriusmarketingedesign.com.br\/index.php?rest_route=%2Fwp%2Fv2%2Ftags&post=7243"}],"curies":[{"name":"wp","href":"https:\/\/api.w.org\/{rel}","templated":true}]}}