{"id":7304,"date":"2017-08-22T21:02:37","date_gmt":"2017-08-23T00:02:37","guid":{"rendered":"http:\/\/www.jornaldaconstrucaocivil.com.br\/?p=7304"},"modified":"2017-08-22T21:02:37","modified_gmt":"2017-08-23T00:02:37","slug":"29-mulheres-se-formam-em-curso-de-pintor-profissional-em-sao-goncalo","status":"publish","type":"post","link":"https:\/\/construcaocivil.siriusmarketingedesign.com.br\/?p=7304","title":{"rendered":"29 mulheres se formam em &#8220;Curso de Pintor Profissional&#8221; em S\u00e3o Gon\u00e7alo"},"content":{"rendered":"<p style=\"text-align: justify;\"><span style=\"color: #000000;\"><span style=\"color: #993300;\">Agosto, 2017<\/span> &#8211; Iniciativa foi realizada pela MRV Engenharia, em parceria com a Associa\u00e7\u00e3o Brasileira dos Fabricantes de Tintas (Abrafati), o Servi\u00e7o Social da Ind\u00fastria da Constru\u00e7\u00e3o do Rio de Janeiro (Seconci-Rio), com o apoio das tintas Suvinil<\/span><\/p>\n<p style=\"text-align: justify;\"><span style=\"color: #000000;\">Se qualificar em busca de uma nova oportunidade de trabalho, esse \u00e9 um dos principais objetivos das 29 mulheres que participaram do &#8220;Curso de Pintor Profissional&#8221; oferecido pela MRV Engenharia, em parceria com a Associa\u00e7\u00e3o Brasileira dos Fabricantes de Tintas (Abrafati), o Servi\u00e7o Social da Ind\u00fastria da Constru\u00e7\u00e3o do Rio de Janeiro (Seconci-Rio), com o apoio das tintas Suvinil. A formatura da turma composta s\u00f3 para mulheres acontece no dia 29 de agosto, na obra Reserva Solare, avenida Lucio Tom\u00e9 Feteira, 312 \u2013 Vila Lage, em S\u00e3o Gon\u00e7alo.<\/span><\/p>\n<p style=\"text-align: justify;\"><span style=\"color: #000000;\">Para a t\u00e9cnica em edifica\u00e7\u00f5es, Fernanda Souza dos Santos, 38 anos, o gosto por atividades ligadas \u00e0 constru\u00e7\u00e3o civil j\u00e1 faz parte a algum tempo da vida dela, o curso somou mais uma qualifica\u00e7\u00e3o \u00e0 sua profiss\u00e3o e tamb\u00e9m ao dia a dia durante as pequenas reformas de casa. <span style=\"color: #000080;\"><em>&#8220;Atualmente estou desempregada, mas sou formada no curso de T\u00e9cnico em Edifica\u00e7\u00f5es e estou em busca de novas oportunidades. Vi o <span style=\"color: #993300;\">&#8220;Curso de Pintor&#8221;<\/span> como algo que ir\u00e1 agregar ao meu curr\u00edculo e quem sabe assim, com mais uma qualifica\u00e7\u00e3o, consigo voltar ao mercado de trabalho. Al\u00e9m disso, ajudo em pequenas reformas na minha casa, tenho certeza que o servi\u00e7o ficar\u00e1 ainda mais bem feito&#8221;<\/em><\/span>, contou.<\/span><\/p>\n<p style=\"text-align: justify;\"><span style=\"color: #000000;\">Durante o curso, as alunas, moradoras de S\u00e3o Gon\u00e7alo, tiveram aulas pr\u00e1ticas e te\u00f3ricas sobre pintura. Para a aplica\u00e7\u00e3o das t\u00e9cnicas aprendidas, os participantes utilizaram os muros e casas da comunidade Vila Lage, levando um colorido a mais para a regi\u00e3o. A estudante de engenharia civil, Danielle Cardoso Chaves, 33 anos, viu a comunidade onde mora ganhar novas cores. <span style=\"color: #000080;\"><em>&#8220;O curso nos ofereceu uma \u00f3tima base te\u00f3rica e as aulas pr\u00e1ticas de pintura foram realizadas nas fachadas dos muros e casas da comunidade. Nos capacitamos e ainda contribu\u00edmos com um novo visual para a regi\u00e3o&#8221;.<\/em><\/span><\/span><\/p>\n<p style=\"text-align: justify;\"><span style=\"color: #000000;\">A atividade faz parte das a\u00e7\u00f5es do projeto Solare Vizinho do Bem, programa de relacionamento entre a MRV e a comunidade local. Segundo diretor executivo da MRV\/MRL Engenharia, Luiz Eduardo Machado, at\u00e9 o final do ano, a iniciativa pretende formar um total de 250 pessoas, oferecendo qualifica\u00e7\u00e3o para a popula\u00e7\u00e3o e melhorias para a regi\u00e3o.<span style=\"color: #000080;\"><em> &#8220;O nosso objetivo com essa a\u00e7\u00e3o \u00e9 levar capacita\u00e7\u00e3o profissional para os moradores e um ambiente com mais qualidade de vida e bem-estar para a comunidade&#8221;<\/em><\/span>.<\/span><\/p>\n<p style=\"text-align: justify;\"><span style=\"color: #000000;\">Com carga hor\u00e1ria de 84 horas, as aulas de pintura abordaram temas como aspectos gerais da profiss\u00e3o, tecnologias de tintas e programas de qualidade, prepara\u00e7\u00e3o de superf\u00edcie (alvenaria, metais e outros), ferramentas, aplica\u00e7\u00e3o de produto, patologia das superf\u00edcies (como solucionar problemas), mecaniza\u00e7\u00e3o de pinturas, percep\u00e7\u00e3o de cores, or\u00e7amento e planejamento da obra, al\u00e9m de meio ambiente, sustentabilidade, sa\u00fade e seguran\u00e7a.<\/span><\/p>\n<p style=\"text-align: justify;\"><span style=\"color: #993300;\">Servi\u00e7o \u2013 Formatura Curso de pintor profissional<\/span><\/p>\n<p style=\"text-align: justify;\"><span style=\"color: #993300;\">Data: 29 de agosto<\/span><\/p>\n<p style=\"text-align: justify;\"><span style=\"color: #993300;\">Local: Obra Reserva Solare, avenida Lucio Tom\u00e9 Feteira, 312 \u2013 Vila Lage, S\u00e3o Gon\u00e7alo<\/span><\/p>\n<p style=\"text-align: justify;\"><span style=\"color: #993300;\">Hor\u00e1rio: 9h<\/span><\/p>\n","protected":false},"excerpt":{"rendered":"<p>Agosto, 2017 &#8211; Iniciativa foi realizada pela MRV Engenharia, em parceria com a Associa\u00e7\u00e3o Brasileira dos Fabricantes de Tintas (Abrafati), o Servi\u00e7o Social da Ind\u00fastria da Constru\u00e7\u00e3o do Rio de Janeiro (Seconci-Rio), com o apoio das tintas Suvinil Se qualificar em busca de uma nova oportunidade de trabalho, esse \u00e9 um dos principais objetivos das [&hellip;]<\/p>\n","protected":false},"author":1,"featured_media":0,"comment_status":"open","ping_status":"open","sticky":false,"template":"","format":"standard","meta":{"_uag_custom_page_level_css":"","footnotes":""},"categories":[27],"tags":[150,1019,2826,3279,7410,7961,9846,10096,10645,10932,11791,12406],"class_list":["post-7304","post","type-post","status-publish","format-standard","hentry","category-acontece","tag-29-mulheres-se-formam-no-curso-de-pintor","tag-associacao-brasileira-dos-fabricantes-de-tintas-abrafati","tag-construcao-civil","tag-curso-de-pintor-profissional","tag-mecanizacao-de-pinturas","tag-mrvmrl-engenharia","tag-qualificacao-profissional","tag-regiao-metropolitana","tag-sao-goncalo-rj","tag-servico-social-da-industria-da-construcao-do-rio-de-janeiro-seconci-rio","tag-tintas-suvinil","tag-vila-lage"],"blocksy_meta":[],"spectra_blocks_featured_image_url":null,"spectra_blocks_author_info":{"display_name":"Jornal da Constru\u00e7\u00e3o Civil","avatar_url":"https:\/\/secure.gravatar.com\/avatar\/973c9774fd44ddaceb026973c4962faa70fc512bc4c9da68e8ebb40fecee6540?s=96&d=mm&r=g","author_link":"https:\/\/construcaocivil.siriusmarketingedesign.com.br\/?author=1","description":"Desde de 2013, levando muitas informa\u00e7\u00f5es, lan\u00e7amentos e produtos de qualidade para toda cadeia produtiva da constru\u00e7\u00e3o. O Futuro da constru\u00e7\u00e3o passa por aqui,"},"uagb_featured_image_src":{"full":false,"thumbnail":false,"medium":false,"medium_large":false,"large":false,"1536x1536":false,"2048x2048":false},"uagb_author_info":{"display_name":"Jornal da Constru\u00e7\u00e3o Civil","author_link":"https:\/\/construcaocivil.siriusmarketingedesign.com.br\/?author=1"},"uagb_comment_info":0,"uagb_excerpt":"Agosto, 2017 &#8211; Iniciativa foi realizada pela MRV Engenharia, em parceria com a Associa\u00e7\u00e3o Brasileira dos Fabricantes de Tintas (Abrafati), o Servi\u00e7o Social da Ind\u00fastria da Constru\u00e7\u00e3o do Rio de Janeiro (Seconci-Rio), com o apoio das tintas Suvinil Se qualificar em busca de uma nova oportunidade de trabalho, esse \u00e9 um dos principais objetivos das&hellip;","_links":{"self":[{"href":"https:\/\/construcaocivil.siriusmarketingedesign.com.br\/index.php?rest_route=\/wp\/v2\/posts\/7304","targetHints":{"allow":["GET"]}}],"collection":[{"href":"https:\/\/construcaocivil.siriusmarketingedesign.com.br\/index.php?rest_route=\/wp\/v2\/posts"}],"about":[{"href":"https:\/\/construcaocivil.siriusmarketingedesign.com.br\/index.php?rest_route=\/wp\/v2\/types\/post"}],"author":[{"embeddable":true,"href":"https:\/\/construcaocivil.siriusmarketingedesign.com.br\/index.php?rest_route=\/wp\/v2\/users\/1"}],"replies":[{"embeddable":true,"href":"https:\/\/construcaocivil.siriusmarketingedesign.com.br\/index.php?rest_route=%2Fwp%2Fv2%2Fcomments&post=7304"}],"version-history":[{"count":0,"href":"https:\/\/construcaocivil.siriusmarketingedesign.com.br\/index.php?rest_route=\/wp\/v2\/posts\/7304\/revisions"}],"wp:attachment":[{"href":"https:\/\/construcaocivil.siriusmarketingedesign.com.br\/index.php?rest_route=%2Fwp%2Fv2%2Fmedia&parent=7304"}],"wp:term":[{"taxonomy":"category","embeddable":true,"href":"https:\/\/construcaocivil.siriusmarketingedesign.com.br\/index.php?rest_route=%2Fwp%2Fv2%2Fcategories&post=7304"},{"taxonomy":"post_tag","embeddable":true,"href":"https:\/\/construcaocivil.siriusmarketingedesign.com.br\/index.php?rest_route=%2Fwp%2Fv2%2Ftags&post=7304"}],"curies":[{"name":"wp","href":"https:\/\/api.w.org\/{rel}","templated":true}]}}