{"id":7319,"date":"2017-08-23T19:28:49","date_gmt":"2017-08-23T22:28:49","guid":{"rendered":"http:\/\/www.jornaldaconstrucaocivil.com.br\/?p=7319"},"modified":"2017-08-23T19:28:49","modified_gmt":"2017-08-23T22:28:49","slug":"knauf-do-brasil-promove-evento-gratuito-para-o-mercado-da-construcao-civil-2","status":"publish","type":"post","link":"https:\/\/construcaocivil.siriusmarketingedesign.com.br\/?p=7319","title":{"rendered":"Knauf do Brasil promove evento gratuito para o mercado da constru\u00e7\u00e3o civil"},"content":{"rendered":"<p style=\"text-align: justify;\"><span style=\"color: #000080;\"><em><strong>&#8220;Dia do Instalador de Drywall&#8221; acontece em 31 de agosto em Mato Grosso<\/strong><\/em><\/span><\/p>\n<p style=\"text-align: justify;\"><span style=\"color: #000000;\"><span style=\"color: #993300;\">Agosto, 2017<\/span> &#8211; A Knauf do Brasil, multinacional alem\u00e3 fabricante de drywall \u2013 popularmente conhecido como gesso acartonado -, promove, no dia 31 de agosto, quinta-feira, em Cuiab\u00e1, o <span style=\"color: #0000ff;\">&#8220;Dia do Instalador de Drywall&#8221;<\/span>. O evento, que \u00e9 gratuito, acontece das 10h \u00e0s 18h, no Hotel Fazenda Mato Grosso, e abordar\u00e1 as boas pr\u00e1ticas para instala\u00e7\u00e3o dos sistemas drywall.<\/span><\/p>\n<p style=\"text-align: justify;\"><a href=\"http:\/\/www.jornaldaconstrucaocivil.com.br\/wp-content\/uploads\/2017\/08\/Foto-Dia-do-Instalador-de-Drywall-Edi\u00e7\u00e3o-Cuiab\u00e1-2017.jpg\"><img loading=\"lazy\" decoding=\"async\" class=\"size-medium wp-image-7328 alignleft\" src=\"http:\/\/www.jornaldaconstrucaocivil.com.br\/wp-content\/uploads\/2017\/08\/Foto-Dia-do-Instalador-de-Drywall-Edi\u00e7\u00e3o-Cuiab\u00e1-2017-300x170.jpg\" alt=\"Foto - Dia do Instalador de Drywall - Edi\u00e7\u00e3o Cuiab\u00e1 2017\" width=\"300\" height=\"170\" \/><\/a><\/p>\n<p style=\"text-align: justify;\"><span style=\"color: #000000;\">O objetivo \u00e9 apresentar, atrav\u00e9s de expositores e brincadeiras, a correta aplica\u00e7\u00e3o dos sistemas e produtos em drywall n\u00e3o s\u00f3 para arquitetos, engenheiros, designers de interiores e estudantes, mas tamb\u00e9m para instaladores de drywall, marceneiros, pintores, instaladores el\u00e9tricos e hidr\u00e1ulicos.<\/span><\/p>\n<p style=\"text-align: justify;\"><span style=\"color: #000000;\">Os participantes ter\u00e3o a chance de conhecer as principais aplica\u00e7\u00f5es dos sistemas em drywall, como tratamento de juntas, fixa\u00e7\u00e3o de carga, aplica\u00e7\u00e3o de revestimentos, instala\u00e7\u00f5es, al\u00e9m de toda linha de produtos Knauf, entre eles as chapas ciment\u00edcias Knauf Aquapanel. Al\u00e9m disso, toda a equipe t\u00e9cnica da Knauf estar\u00e1 presente ao evento para esclarecer as d\u00favidas dos participantes em rela\u00e7\u00e3o \u00e0 instala\u00e7\u00e3o do drywalll.<\/span><\/p>\n<p style=\"text-align: justify;\"><span style=\"color: #000000;\">O evento contar\u00e1 ainda com palestras, que abordar\u00e3o temas como metodologia para c\u00e1lculo de consumo de materiais para drywall; fixa\u00e7\u00e3o de carga em drywall; boas pr\u00e1ticas para correta instala\u00e7\u00e3o do material; tratamento de juntas e pintura em drywall e instala\u00e7\u00e3o de fachadas Aquapanel de 8mm.<\/span><\/p>\n<p style=\"text-align: justify;\"><span style=\"color: #000000;\">Al\u00e9m disso, para os participantes que ficarem at\u00e9 o final do evento, ser\u00e3o sorteados alguns brindes exclusivos, entre eles quatro m\u00e1quinas de fixa\u00e7\u00e3o Finca Pino para Drywall (a p\u00f3lvora ou a g\u00e1s) &#8211; duas cedidas pela empresa \u00c2ncora e duas pela Fischer; duas Parafusadeiras 12V Bi-volt, fornecidas pela Bosch e duas Serras de Broca 9050, cedidas pela Dremel.<\/span><\/p>\n<p style=\"text-align: justify;\"><span style=\"color: #000000;\">O evento acontecer\u00e1 no dia 31 de agosto, quinta-feira, das 10h \u00e0s 18h, no Hotel Fazenda Mato Grosso, que fica Rua Ant\u00f4nio Dorileo 1.100, no bairro Coophema, em Cuiab\u00e1. A participa\u00e7\u00e3o \u00e9 gratuita, mas a Knauf estar\u00e1 aceitando a doa\u00e7\u00e3o de 1 kg de alimento n\u00e3o perec\u00edvel. Os alimentos arrecadados ser\u00e3o doados \u00e0 Funda\u00e7\u00e3o Abrigo do Bom Jesus. As inscri\u00e7\u00f5es devem ser feitas atrav\u00e9s do site<span style=\"text-decoration: underline;\"><span style=\"color: #0000ff; text-decoration: underline;\"> www.knauf.com.br\/diadoinstalador.<\/span><\/span><\/span><\/p>\n","protected":false},"excerpt":{"rendered":"<p>&#8220;Dia do Instalador de Drywall&#8221; acontece em 31 de agosto em Mato Grosso Agosto, 2017 &#8211; A Knauf do Brasil, multinacional alem\u00e3 fabricante de drywall \u2013 popularmente conhecido como gesso acartonado -, promove, no dia 31 de agosto, quinta-feira, em Cuiab\u00e1, o &#8220;Dia do Instalador de Drywall&#8221;. O evento, que \u00e9 gratuito, acontece das 10h [&hellip;]<\/p>\n","protected":false},"author":1,"featured_media":0,"comment_status":"open","ping_status":"open","sticky":false,"template":"","format":"standard","meta":{"_uag_custom_page_level_css":"","footnotes":""},"categories":[27],"tags":[2189,2826,3245,3610,6196,6198,6635,7253,8916,9499],"class_list":["post-7319","post","type-post","status-publish","format-standard","hentry","category-acontece","tag-chapas-cimenticias","tag-construcao-civil","tag-cuiaba-mt","tag-dia-do-instalador-de-drywall","tag-instaladores-de-drywall","tag-instaladores-eletricos-e-hidraulicos","tag-knauf-do-brasil","tag-marceneiros","tag-pintores","tag-produtos-em-drywall"],"blocksy_meta":[],"spectra_blocks_featured_image_url":null,"spectra_blocks_author_info":{"display_name":"Jornal da Constru\u00e7\u00e3o Civil","avatar_url":"https:\/\/secure.gravatar.com\/avatar\/973c9774fd44ddaceb026973c4962faa70fc512bc4c9da68e8ebb40fecee6540?s=96&d=mm&r=g","author_link":"https:\/\/construcaocivil.siriusmarketingedesign.com.br\/?author=1","description":"Desde de 2013, levando muitas informa\u00e7\u00f5es, lan\u00e7amentos e produtos de qualidade para toda cadeia produtiva da constru\u00e7\u00e3o. O Futuro da constru\u00e7\u00e3o passa por aqui,"},"uagb_featured_image_src":{"full":false,"thumbnail":false,"medium":false,"medium_large":false,"large":false,"1536x1536":false,"2048x2048":false},"uagb_author_info":{"display_name":"Jornal da Constru\u00e7\u00e3o Civil","author_link":"https:\/\/construcaocivil.siriusmarketingedesign.com.br\/?author=1"},"uagb_comment_info":0,"uagb_excerpt":"&#8220;Dia do Instalador de Drywall&#8221; acontece em 31 de agosto em Mato Grosso Agosto, 2017 &#8211; A Knauf do Brasil, multinacional alem\u00e3 fabricante de drywall \u2013 popularmente conhecido como gesso acartonado -, promove, no dia 31 de agosto, quinta-feira, em Cuiab\u00e1, o &#8220;Dia do Instalador de Drywall&#8221;. O evento, que \u00e9 gratuito, acontece das 10h&hellip;","_links":{"self":[{"href":"https:\/\/construcaocivil.siriusmarketingedesign.com.br\/index.php?rest_route=\/wp\/v2\/posts\/7319","targetHints":{"allow":["GET"]}}],"collection":[{"href":"https:\/\/construcaocivil.siriusmarketingedesign.com.br\/index.php?rest_route=\/wp\/v2\/posts"}],"about":[{"href":"https:\/\/construcaocivil.siriusmarketingedesign.com.br\/index.php?rest_route=\/wp\/v2\/types\/post"}],"author":[{"embeddable":true,"href":"https:\/\/construcaocivil.siriusmarketingedesign.com.br\/index.php?rest_route=\/wp\/v2\/users\/1"}],"replies":[{"embeddable":true,"href":"https:\/\/construcaocivil.siriusmarketingedesign.com.br\/index.php?rest_route=%2Fwp%2Fv2%2Fcomments&post=7319"}],"version-history":[{"count":0,"href":"https:\/\/construcaocivil.siriusmarketingedesign.com.br\/index.php?rest_route=\/wp\/v2\/posts\/7319\/revisions"}],"wp:attachment":[{"href":"https:\/\/construcaocivil.siriusmarketingedesign.com.br\/index.php?rest_route=%2Fwp%2Fv2%2Fmedia&parent=7319"}],"wp:term":[{"taxonomy":"category","embeddable":true,"href":"https:\/\/construcaocivil.siriusmarketingedesign.com.br\/index.php?rest_route=%2Fwp%2Fv2%2Fcategories&post=7319"},{"taxonomy":"post_tag","embeddable":true,"href":"https:\/\/construcaocivil.siriusmarketingedesign.com.br\/index.php?rest_route=%2Fwp%2Fv2%2Ftags&post=7319"}],"curies":[{"name":"wp","href":"https:\/\/api.w.org\/{rel}","templated":true}]}}