{"id":7354,"date":"2017-08-25T14:53:50","date_gmt":"2017-08-25T17:53:50","guid":{"rendered":"http:\/\/www.jornaldaconstrucaocivil.com.br\/?p=7354"},"modified":"2017-08-25T14:53:50","modified_gmt":"2017-08-25T17:53:50","slug":"rio-sedia-fase-estadual-do-maior-torneio-de-educacao-profissional-da-america-latina","status":"publish","type":"post","link":"https:\/\/construcaocivil.siriusmarketingedesign.com.br\/?p=7354","title":{"rendered":"Rio sedia fase estadual do maior torneio de educa\u00e7\u00e3o profissional da Am\u00e9rica Latina"},"content":{"rendered":"<p style=\"text-align: justify;\"><span style=\"color: #000080;\"><em><strong>Olimp\u00edada do Conhecimento vai consagrar os melhores profissionais t\u00e9cnicos do estado em constru\u00e7\u00e3o civil e em outras \u00e1reas do mercado<\/strong><\/em><\/span><\/p>\n<p style=\"text-align: justify;\"><span style=\"color: #000000;\"><span style=\"color: #993300;\">Agosto, 2017<\/span> &#8211; O Rio de Janeiro vai ser palco da fase estadual da maior competi\u00e7\u00e3o de educa\u00e7\u00e3o profissional da Am\u00e9rica Latina, a Olimp\u00edada do Conhecimento, entre os dias 28 e 30 de agosto. Tr\u00eas unidades do SENAI na capital v\u00e3o receber competidores de todo o estado, que est\u00e3o em busca do t\u00edtulo de melhores profissionais t\u00e9cnicos nas \u00e1reas de constru\u00e7\u00e3o civil, comunica\u00e7\u00e3o visual, TI, jogos digitais, soldagem e web design. Criado para formar profissionais em n\u00edvel de excel\u00eancia para o mercado de trabalho, o torneio ter\u00e1 seis polos espalhados pelo estado do Rio e, no total, quase 140 competidores.<\/span><\/p>\n<figure id=\"attachment_7355\" aria-describedby=\"caption-attachment-7355\" style=\"width: 300px\" class=\"wp-caption alignleft\"><a href=\"http:\/\/www.jornaldaconstrucaocivil.com.br\/wp-content\/uploads\/2017\/08\/Alvenaria-Foto-Renata-Mello_-.jpg\"><img loading=\"lazy\" decoding=\"async\" class=\"wp-image-7355 size-medium\" src=\"http:\/\/www.jornaldaconstrucaocivil.com.br\/wp-content\/uploads\/2017\/08\/Alvenaria-Foto-Renata-Mello_--300x199.jpg\" alt=\"Alvenaria-Foto Renata Mello\" width=\"300\" height=\"199\" \/><\/a><figcaption id=\"caption-attachment-7355\" class=\"wp-caption-text\">Alvenaria-Foto Renata Mello<\/figcaption><\/figure>\n<p style=\"text-align: justify;\"><span style=\"color: #000000;\">Nas provas, os participantes ser\u00e3o desafiados a realizar tarefas semelhantes \u00e0s que enfrentariam em situa\u00e7\u00f5es reais do dia a dia do mundo do trabalho. Na capital, a Olimp\u00edada ser\u00e1 nas unidades Tijuca, Maracan\u00e3 e IST (Instituto Senai de Tecnologia) Solda. A competi\u00e7\u00e3o \u00e9 aberta \u00e0 visita\u00e7\u00e3o do p\u00fablico e ser\u00e1 realizada de 10h \u00e0s 17h, no dia 28; e das 8h \u00e0s 17h, nos dias 29 e 30.<\/span><\/p>\n<p style=\"text-align: justify;\"><span style=\"color: #000000;\">Os estudantes far\u00e3o provas para as ocupa\u00e7\u00f5es: Aplica\u00e7\u00e3o de Revestimentos Cer\u00e2micos, Comunica\u00e7\u00e3o Visual, Constru\u00e7\u00e3o em Alvenaria, Constru\u00e7\u00e3o em Estucagem (Drywall), Gest\u00e3o de Sistemas de Redes TI, Jogos Digitais 3D &#8211; Com foco Industrial, Soldagem, TI &#8211; Solu\u00e7\u00f5es de Software para Neg\u00f3cios e Web Design.<\/span><\/p>\n<p style=\"text-align: justify;\"><span style=\"color: #000000;\">A premia\u00e7\u00e3o ser\u00e1 realizada dia 31, \u00e0s 15h, na sede da Firjan, no Centro do Rio. Os campe\u00f5es estaduais v\u00e3o treinar para, em 2018, participarem da seletiva para a WorldSkills \u2013 etapa internacional da competi\u00e7\u00e3o. Mais informa\u00e7\u00f5es em<span style=\"color: #0000ff;\"> www.cursosenairio.com.br <\/span>.<\/span><\/p>\n<p style=\"text-align: justify;\"><span style=\"color: #000000;\">Evento: Fase Estadual da Olimp\u00edada do Conhecimento<\/span><\/p>\n<p style=\"text-align: justify;\"><span style=\"color: #000000;\">Datas: 28 a 30 de agosto de 2017<\/span><\/p>\n<p style=\"text-align: justify;\"><span style=\"color: #000000;\">Hor\u00e1rio: 10h \u00e0s 17h, dia 28\/08; 8h \u00e0s 17H, nos dias 29 e 30\/08<\/span><\/p>\n<p style=\"text-align: justify;\"><span style=\"color: #000000;\">Locais: SENAI TIJUCA (R. Moraes e Silva, N\u00ba 53), SENAI MARACAN\u00c3 (Rua S\u00e3o Francisco Xavier, N\u00ba 417), IST SOLDA (Rua S\u00e3o Francisco Xavier, N\u00ba 601).<\/span><\/p>\n<p style=\"text-align: justify;\">Fonte: Imprensa\/FIRJAN<\/p>\n","protected":false},"excerpt":{"rendered":"<p>Olimp\u00edada do Conhecimento vai consagrar os melhores profissionais t\u00e9cnicos do estado em constru\u00e7\u00e3o civil e em outras \u00e1reas do mercado Agosto, 2017 &#8211; O Rio de Janeiro vai ser palco da fase estadual da maior competi\u00e7\u00e3o de educa\u00e7\u00e3o profissional da Am\u00e9rica Latina, a Olimp\u00edada do Conhecimento, entre os dias 28 e 30 de agosto. Tr\u00eas [&hellip;]<\/p>\n","protected":false},"author":1,"featured_media":7355,"comment_status":"open","ping_status":"open","sticky":false,"template":"","format":"standard","meta":{"_uag_custom_page_level_css":"","footnotes":""},"categories":[27],"tags":[781,2826,2889,2890,3971,4647,8427,10887,11300,11313,11752,12500,12537],"class_list":["post-7354","post","type-post","status-publish","format-standard","has-post-thumbnail","hentry","category-acontece","tag-aplicacao-de-revestimentos-ceramicos","tag-construcao-civil","tag-construcao-em-alvenaria","tag-construcao-em-estucagem-drywall","tag-educacao-profissional","tag-etapa-rio-olimpiada-do-conhecimento","tag-olimpiada-do-conhecimento","tag-senai-tijuca","tag-soldagem","tag-solucoes-de-software-para-negocios","tag-ti","tag-web-design","tag-worldskills"],"blocksy_meta":[],"spectra_blocks_featured_image_url":[],"spectra_blocks_author_info":{"display_name":"Jornal da Constru\u00e7\u00e3o Civil","avatar_url":"https:\/\/secure.gravatar.com\/avatar\/973c9774fd44ddaceb026973c4962faa70fc512bc4c9da68e8ebb40fecee6540?s=96&d=mm&r=g","author_link":"https:\/\/construcaocivil.siriusmarketingedesign.com.br\/?author=1","description":"Desde de 2013, levando muitas informa\u00e7\u00f5es, lan\u00e7amentos e produtos de qualidade para toda cadeia produtiva da constru\u00e7\u00e3o. O Futuro da constru\u00e7\u00e3o passa por aqui,"},"uagb_featured_image_src":{"full":false,"thumbnail":false,"medium":false,"medium_large":false,"large":false,"1536x1536":false,"2048x2048":false},"uagb_author_info":{"display_name":"Jornal da Constru\u00e7\u00e3o Civil","author_link":"https:\/\/construcaocivil.siriusmarketingedesign.com.br\/?author=1"},"uagb_comment_info":0,"uagb_excerpt":"Olimp\u00edada do Conhecimento vai consagrar os melhores profissionais t\u00e9cnicos do estado em constru\u00e7\u00e3o civil e em outras \u00e1reas do mercado Agosto, 2017 &#8211; O Rio de Janeiro vai ser palco da fase estadual da maior competi\u00e7\u00e3o de educa\u00e7\u00e3o profissional da Am\u00e9rica Latina, a Olimp\u00edada do Conhecimento, entre os dias 28 e 30 de agosto. Tr\u00eas&hellip;","_links":{"self":[{"href":"https:\/\/construcaocivil.siriusmarketingedesign.com.br\/index.php?rest_route=\/wp\/v2\/posts\/7354","targetHints":{"allow":["GET"]}}],"collection":[{"href":"https:\/\/construcaocivil.siriusmarketingedesign.com.br\/index.php?rest_route=\/wp\/v2\/posts"}],"about":[{"href":"https:\/\/construcaocivil.siriusmarketingedesign.com.br\/index.php?rest_route=\/wp\/v2\/types\/post"}],"author":[{"embeddable":true,"href":"https:\/\/construcaocivil.siriusmarketingedesign.com.br\/index.php?rest_route=\/wp\/v2\/users\/1"}],"replies":[{"embeddable":true,"href":"https:\/\/construcaocivil.siriusmarketingedesign.com.br\/index.php?rest_route=%2Fwp%2Fv2%2Fcomments&post=7354"}],"version-history":[{"count":0,"href":"https:\/\/construcaocivil.siriusmarketingedesign.com.br\/index.php?rest_route=\/wp\/v2\/posts\/7354\/revisions"}],"wp:attachment":[{"href":"https:\/\/construcaocivil.siriusmarketingedesign.com.br\/index.php?rest_route=%2Fwp%2Fv2%2Fmedia&parent=7354"}],"wp:term":[{"taxonomy":"category","embeddable":true,"href":"https:\/\/construcaocivil.siriusmarketingedesign.com.br\/index.php?rest_route=%2Fwp%2Fv2%2Fcategories&post=7354"},{"taxonomy":"post_tag","embeddable":true,"href":"https:\/\/construcaocivil.siriusmarketingedesign.com.br\/index.php?rest_route=%2Fwp%2Fv2%2Ftags&post=7354"}],"curies":[{"name":"wp","href":"https:\/\/api.w.org\/{rel}","templated":true}]}}