{"id":7373,"date":"2017-08-28T12:59:09","date_gmt":"2017-08-28T15:59:09","guid":{"rendered":"http:\/\/www.jornaldaconstrucaocivil.com.br\/?p=7373"},"modified":"2017-08-28T12:59:09","modified_gmt":"2017-08-28T15:59:09","slug":"premio-nacional-de-arquitetura-parada-de-onibus-anuncia-os-vencedores","status":"publish","type":"post","link":"https:\/\/construcaocivil.siriusmarketingedesign.com.br\/?p=7373","title":{"rendered":"Pr\u00eamio nacional de arquitetura &#8220;Parada de \u00d4nibus&#8221; anuncia os vencedores"},"content":{"rendered":"<p style=\"text-align: justify;\"><span style=\"color: #000000;\"><span style=\"color: #0000ff;\">Agosto<\/span> &#8211; Na edi\u00e7\u00e3o de 2017, o Concrete Show South America e o portal Projetar.org uniram-se para promover o concurso <span style=\"color: #993300;\">&#8220;Parada de \u00d4nibus&#8221;<\/span> que desafiou estudantes de arquitetura de todo o Pa\u00eds a projetar um abrigo em concreto para parada de \u00f4nibus. Os alunos Matheus Duarte Pardal e Igor Augusto Coimbra de Almeida da Universidade Cat\u00f3lica de Santos (Santos\/SP) conquistaram o 1\u00ba lugar. O 2\u00ba lugar ficou com os estudantes Karine Pazemeckas de Faria, Vinicius Vulpini Zanluti e Gustavo de Almeida Beccari da Universidade Federal do Paran\u00e1 (UFPR) e o 3\u00ba lugar com Vinicius Muller do Valle e Ana Montrucchio Ilkiu da Universidade Positivo &#8211; UP (Curitiba\/PR).<\/span><\/p>\n<p style=\"text-align: justify;\"><span style=\"color: #000000;\">Os tr\u00eas primeiros colocados ter\u00e3o os projetos publicados em revistas e blogs parceiros e receber\u00e3o um certificado de participa\u00e7\u00e3o. A premia\u00e7\u00e3o incluiu tamb\u00e9m uma quantia em dinheiro: 1\u00ba lugar = R$ 2.300,00; 2\u00ba lugar = R$ 1.700,00 e o 3\u00ba lugar = R$ 1.000,00. Al\u00e9m disso, receberam men\u00e7\u00f5es honrosas ex-aequo as equipes de Raquel Moraes Faria e Diego Henrique Pires da Silva da Universidade Federal do Rio Grande do Sul (Porto Alegre\/RS); Carine Mari\u00ea Merizio, Gustavo de Oliveira Minatti, Ariele Mahara Marchi Freitas, Rayssa Grignani, Daniela Veneri do Centro Universit\u00e1rio de Brusque (Brusque\/SC) e Leonardo Fernandes de Campos da Universidade Positivo &#8211; UP (Curitiba\/PR)<\/span><\/p>\n<p style=\"text-align: justify;\"><span style=\"color: #000000;\">Os dois alunos do curso de arquitetura e urbanismo da Unisantos que ganharam em 1\u00ba lugar est\u00e3o no quarto per\u00edodo. <span style=\"color: #000080;\"><em>&#8220;Estamos muito felizes com a premia\u00e7\u00e3o. Pensamos em um abrigo de \u00f4nibus que contribuiria para intermodalidade, por isso destinamos uma \u00e1rea com biciclet\u00e1rio&#8221;<\/em><\/span>, comenta Pardal, seguido pelo companheiro de equipe Igor que completa: &#8220;elaboramos um projeto flex\u00edvel que pode ser adequado para um modelo mais compacto ou expandindo&#8221;. O concurso recebeu 153 projetos de alunos cinco pa\u00edses, o Brasil foi representado em 23 estados.<\/span><\/p>\n<p style=\"text-align: justify;\"><span style=\"color: #000000;\">O an\u00fancio foi realizado na \u00faltima quinta (24), durante o semin\u00e1rio<span style=\"color: #993300;\"> &#8220;Solu\u00e7\u00f5es para Cidades&#8221;<\/span>, organizado pela Associa\u00e7\u00e3o Brasileira de Cimento Portland (ABCP), parte da programa\u00e7\u00e3o do Concrete Congress para estudantes de arquitetura. Os alunos puderam acompanhar palestras dos arquitetos e jurados respons\u00e1veis pela escolha do concurso, Ruy Ohtake, Yuri Vital, Guilherme Takeda e o s\u00f3cio-idealizador do portal Projetar.org Caio Smolarek Dias. Tamb\u00e9m ouviram sobre os trabalhos realizados pela ABCP, da Eng\u00aa \u00c9rika Mota, gerente de Cidades e do Eng. Valter Frigieri Junior, diretor de Planejamento e Mercado, da ABCP.<\/span><\/p>\n<p style=\"text-align: justify;\">Fonte: Imprensa\/Concrete Show 2017<\/p>\n","protected":false},"excerpt":{"rendered":"<p>Agosto &#8211; Na edi\u00e7\u00e3o de 2017, o Concrete Show South America e o portal Projetar.org uniram-se para promover o concurso &#8220;Parada de \u00d4nibus&#8221; que desafiou estudantes de arquitetura de todo o Pa\u00eds a projetar um abrigo em concreto para parada de \u00f4nibus. Os alunos Matheus Duarte Pardal e Igor Augusto Coimbra de Almeida da Universidade [&hellip;]<\/p>\n","protected":false},"author":1,"featured_media":0,"comment_status":"open","ping_status":"open","sticky":false,"template":"","format":"standard","meta":{"_uag_custom_page_level_css":"","footnotes":""},"categories":[28],"tags":[923,989,2656,8623,9338,9658,11334,12249],"class_list":["post-7373","post","type-post","status-publish","format-standard","hentry","category-arquitetura","tag-arquitetura-e-urbanismo","tag-associacao-brasileira-de-cimento-portland-abcp","tag-concrete-show-south-america-2017","tag-parada-de-onibus","tag-premio-nacional-de-arquitetura-parada-de-onibus","tag-projetar-org","tag-solucoes-para-cidades","tag-vencedores-2017-parada-de-onibus"],"blocksy_meta":[],"spectra_blocks_featured_image_url":null,"spectra_blocks_author_info":{"display_name":"Jornal da Constru\u00e7\u00e3o Civil","avatar_url":"https:\/\/secure.gravatar.com\/avatar\/973c9774fd44ddaceb026973c4962faa70fc512bc4c9da68e8ebb40fecee6540?s=96&d=mm&r=g","author_link":"https:\/\/construcaocivil.siriusmarketingedesign.com.br\/?author=1","description":"Desde de 2013, levando muitas informa\u00e7\u00f5es, lan\u00e7amentos e produtos de qualidade para toda cadeia produtiva da constru\u00e7\u00e3o. O Futuro da constru\u00e7\u00e3o passa por aqui,"},"uagb_featured_image_src":{"full":false,"thumbnail":false,"medium":false,"medium_large":false,"large":false,"1536x1536":false,"2048x2048":false},"uagb_author_info":{"display_name":"Jornal da Constru\u00e7\u00e3o Civil","author_link":"https:\/\/construcaocivil.siriusmarketingedesign.com.br\/?author=1"},"uagb_comment_info":0,"uagb_excerpt":"Agosto &#8211; Na edi\u00e7\u00e3o de 2017, o Concrete Show South America e o portal Projetar.org uniram-se para promover o concurso &#8220;Parada de \u00d4nibus&#8221; que desafiou estudantes de arquitetura de todo o Pa\u00eds a projetar um abrigo em concreto para parada de \u00f4nibus. Os alunos Matheus Duarte Pardal e Igor Augusto Coimbra de Almeida da Universidade&hellip;","_links":{"self":[{"href":"https:\/\/construcaocivil.siriusmarketingedesign.com.br\/index.php?rest_route=\/wp\/v2\/posts\/7373","targetHints":{"allow":["GET"]}}],"collection":[{"href":"https:\/\/construcaocivil.siriusmarketingedesign.com.br\/index.php?rest_route=\/wp\/v2\/posts"}],"about":[{"href":"https:\/\/construcaocivil.siriusmarketingedesign.com.br\/index.php?rest_route=\/wp\/v2\/types\/post"}],"author":[{"embeddable":true,"href":"https:\/\/construcaocivil.siriusmarketingedesign.com.br\/index.php?rest_route=\/wp\/v2\/users\/1"}],"replies":[{"embeddable":true,"href":"https:\/\/construcaocivil.siriusmarketingedesign.com.br\/index.php?rest_route=%2Fwp%2Fv2%2Fcomments&post=7373"}],"version-history":[{"count":0,"href":"https:\/\/construcaocivil.siriusmarketingedesign.com.br\/index.php?rest_route=\/wp\/v2\/posts\/7373\/revisions"}],"wp:attachment":[{"href":"https:\/\/construcaocivil.siriusmarketingedesign.com.br\/index.php?rest_route=%2Fwp%2Fv2%2Fmedia&parent=7373"}],"wp:term":[{"taxonomy":"category","embeddable":true,"href":"https:\/\/construcaocivil.siriusmarketingedesign.com.br\/index.php?rest_route=%2Fwp%2Fv2%2Fcategories&post=7373"},{"taxonomy":"post_tag","embeddable":true,"href":"https:\/\/construcaocivil.siriusmarketingedesign.com.br\/index.php?rest_route=%2Fwp%2Fv2%2Ftags&post=7373"}],"curies":[{"name":"wp","href":"https:\/\/api.w.org\/{rel}","templated":true}]}}