{"id":7384,"date":"2017-08-28T16:23:51","date_gmt":"2017-08-28T19:23:51","guid":{"rendered":"http:\/\/www.jornaldaconstrucaocivil.com.br\/?p=7384"},"modified":"2017-08-28T16:23:51","modified_gmt":"2017-08-28T19:23:51","slug":"ultimos-dias-para-adesao-a-conferencia-do-setor-de-servicos-promovida-pela-advb-em-portugal","status":"publish","type":"post","link":"https:\/\/construcaocivil.siriusmarketingedesign.com.br\/?p=7384","title":{"rendered":"\u00daltimos dias para ades\u00e3o \u00e0 Confer\u00eancia do Setor de Servi\u00e7os, promovida pela ADVB, em Portugal"},"content":{"rendered":"<p style=\"text-align: justify;\"><em><strong><span style=\"color: #000000;\">O evento ser\u00e1 realizado em setembro e vai discutir os principais desafios do setor<\/span><\/strong><\/em><\/p>\n<p style=\"text-align: justify;\"><span style=\"color: #000000;\"><span style=\"color: #993300;\">Agosto, 2017<\/span> &#8211; A Associa\u00e7\u00e3o dos Dirigentes de Vendas e Marketing do Brasil (ADVB) promove, de 25 a 27 de setembro, no Hotel Dom Pedro, em Lisboa, Confer\u00eancia Internacional do Setor de Servi\u00e7os Brasil\/Lisboa-Portugal, numa parceria com a Associa\u00e7\u00e3o dos Dirigentes de Vendas e Marketing de Portugal (ADVP).<\/span><\/p>\n<p style=\"text-align: justify;\"><span style=\"color: #000000;\">Os empres\u00e1rios interessados em participar inscrever na viagem de neg\u00f3cios a Lisboa t\u00eam somente at\u00e9 o final de agosto para se inscrever. H\u00e1 valores exclusivos para quem j\u00e1 estiver na Europa em fun\u00e7\u00e3o da WFBSC (World Federation of Building Service Contractors), que ser\u00e1 realizada em Berlim, de 18 a 20 de setembro. O objetivo da Confer\u00eancia \u00e9 discutir a expans\u00e3o do setor, as oportunidades internacionais e o potencial de neg\u00f3cios.<\/span><\/p>\n<p style=\"text-align: justify;\"><span style=\"color: #000000;\">A Confer\u00eancia \u00e9 uma realiza\u00e7\u00e3o da Central Brasileira do Setor de Servi\u00e7os (Cebrasse) e da Confedera\u00e7\u00e3o de Com\u00e9rcio e Servi\u00e7os de Portugal (CCP) visa, ainda, analisar os problemas do setor e buscar solu\u00e7\u00f5es conjuntas para o desenvolvimento deste segmento da economia, que no Brasil representa 60% do PIB nacional e 72%, em Portugal. <span style=\"color: #000080;\"><em>\u201cA ADVB estimula o relacionamento e o fomento de neg\u00f3cios entre as empresas. Esta parceria com a ADVP, CEB<\/em>RASSE e CCP \u00e9 uma oportunidade para inserir as empresas de servi\u00e7os brasileiras no mercado europeu\u201d<\/span>, destaca o presidente da ADVB, Latif Abr\u00e3o J\u00fanior.<\/span><\/p>\n<p style=\"text-align: justify;\"><span style=\"color: #000000;\">A programa\u00e7\u00e3o inclui palestras, assinatura de parceria\/coopera\u00e7\u00e3o entre a Cebrasse e a CCP; visita t\u00e9cnica a empresas de servi\u00e7os selecionadas; abertura de novos contratos comerciais e oportunidades de neg\u00f3cios na Uni\u00e3o Europeia; visita \u00e0 Embaixada do Brasil em Portugal, al\u00e9m de jantar de boas-vindas e almo\u00e7o com ministros de Estado dos dois pa\u00edses. Tamb\u00e9m est\u00e1 prevista programa\u00e7\u00e3o de lazer e turismo para os acompanhantes.<\/span><\/p>\n<p style=\"text-align: justify;\"><span style=\"color: #000000;\">Informa\u00e7\u00f5es sobre a viagem podem ser obtidas pelo telefone <span style=\"color: #0000ff;\">(11) 3287-0000<\/span> ou pelo e-mail <span style=\"text-decoration: underline;\"><span style=\"color: #0000ff; text-decoration: underline;\">presidencia@advb.org<\/span><\/span><\/span><\/p>\n<p style=\"text-align: justify;\">Fonte: <span style=\"color: #000000;\">Imprensa &#8211;<strong>\u00a0<span style=\"font-family: Calibri; font-size: medium;\">ADVB<\/span><\/strong><\/span><\/p>\n","protected":false},"excerpt":{"rendered":"<p>O evento ser\u00e1 realizado em setembro e vai discutir os principais desafios do setor Agosto, 2017 &#8211; A Associa\u00e7\u00e3o dos Dirigentes de Vendas e Marketing do Brasil (ADVB) promove, de 25 a 27 de setembro, no Hotel Dom Pedro, em Lisboa, Confer\u00eancia Internacional do Setor de Servi\u00e7os Brasil\/Lisboa-Portugal, numa parceria com a Associa\u00e7\u00e3o dos Dirigentes [&hellip;]<\/p>\n","protected":false},"author":1,"featured_media":0,"comment_status":"open","ping_status":"open","sticky":false,"template":"","format":"standard","meta":{"_uag_custom_page_level_css":"","footnotes":""},"categories":[27],"tags":[1035,2459,2713,2724,2727,4727,6933,7523,8287,8485,11008],"class_list":["post-7384","post","type-post","status-publish","format-standard","hentry","category-acontece","tag-associacao-dos-dirigentes-de-vendas-e-marketing-do-brasil-advb","tag-comercio-exterior","tag-confederacao-de-comercio-e-servicos-de-portugal-ccp","tag-conferencia-do-setor-de-servicos","tag-conferencia-internacional-do-setor-de-servicos","tag-expansao-do-setor-em-60","tag-lisboa-portugal","tag-mercado-de-servicos","tag-novos-negocios","tag-oportunidades-de-negocios-internacionais","tag-setor-de-servicos"],"blocksy_meta":[],"spectra_blocks_featured_image_url":null,"spectra_blocks_author_info":{"display_name":"Jornal da Constru\u00e7\u00e3o Civil","avatar_url":"https:\/\/secure.gravatar.com\/avatar\/973c9774fd44ddaceb026973c4962faa70fc512bc4c9da68e8ebb40fecee6540?s=96&d=mm&r=g","author_link":"https:\/\/construcaocivil.siriusmarketingedesign.com.br\/?author=1","description":"Desde de 2013, levando muitas informa\u00e7\u00f5es, lan\u00e7amentos e produtos de qualidade para toda cadeia produtiva da constru\u00e7\u00e3o. O Futuro da constru\u00e7\u00e3o passa por aqui,"},"uagb_featured_image_src":{"full":false,"thumbnail":false,"medium":false,"medium_large":false,"large":false,"1536x1536":false,"2048x2048":false},"uagb_author_info":{"display_name":"Jornal da Constru\u00e7\u00e3o Civil","author_link":"https:\/\/construcaocivil.siriusmarketingedesign.com.br\/?author=1"},"uagb_comment_info":0,"uagb_excerpt":"O evento ser\u00e1 realizado em setembro e vai discutir os principais desafios do setor Agosto, 2017 &#8211; A Associa\u00e7\u00e3o dos Dirigentes de Vendas e Marketing do Brasil (ADVB) promove, de 25 a 27 de setembro, no Hotel Dom Pedro, em Lisboa, Confer\u00eancia Internacional do Setor de Servi\u00e7os Brasil\/Lisboa-Portugal, numa parceria com a Associa\u00e7\u00e3o dos Dirigentes&hellip;","_links":{"self":[{"href":"https:\/\/construcaocivil.siriusmarketingedesign.com.br\/index.php?rest_route=\/wp\/v2\/posts\/7384","targetHints":{"allow":["GET"]}}],"collection":[{"href":"https:\/\/construcaocivil.siriusmarketingedesign.com.br\/index.php?rest_route=\/wp\/v2\/posts"}],"about":[{"href":"https:\/\/construcaocivil.siriusmarketingedesign.com.br\/index.php?rest_route=\/wp\/v2\/types\/post"}],"author":[{"embeddable":true,"href":"https:\/\/construcaocivil.siriusmarketingedesign.com.br\/index.php?rest_route=\/wp\/v2\/users\/1"}],"replies":[{"embeddable":true,"href":"https:\/\/construcaocivil.siriusmarketingedesign.com.br\/index.php?rest_route=%2Fwp%2Fv2%2Fcomments&post=7384"}],"version-history":[{"count":0,"href":"https:\/\/construcaocivil.siriusmarketingedesign.com.br\/index.php?rest_route=\/wp\/v2\/posts\/7384\/revisions"}],"wp:attachment":[{"href":"https:\/\/construcaocivil.siriusmarketingedesign.com.br\/index.php?rest_route=%2Fwp%2Fv2%2Fmedia&parent=7384"}],"wp:term":[{"taxonomy":"category","embeddable":true,"href":"https:\/\/construcaocivil.siriusmarketingedesign.com.br\/index.php?rest_route=%2Fwp%2Fv2%2Fcategories&post=7384"},{"taxonomy":"post_tag","embeddable":true,"href":"https:\/\/construcaocivil.siriusmarketingedesign.com.br\/index.php?rest_route=%2Fwp%2Fv2%2Ftags&post=7384"}],"curies":[{"name":"wp","href":"https:\/\/api.w.org\/{rel}","templated":true}]}}