{"id":7390,"date":"2017-08-28T20:51:11","date_gmt":"2017-08-28T23:51:11","guid":{"rendered":"http:\/\/www.jornaldaconstrucaocivil.com.br\/?p=7390"},"modified":"2017-08-28T20:51:11","modified_gmt":"2017-08-28T23:51:11","slug":"xvii-encontro-nacional-de-projetistas-acontece-em-setembro","status":"publish","type":"post","link":"https:\/\/construcaocivil.siriusmarketingedesign.com.br\/?p=7390","title":{"rendered":"XVII Encontro Nacional de Projetistas acontece em setembro"},"content":{"rendered":"<p style=\"text-align: justify;\"><span style=\"color: #000080;\"><em><strong>Evento organizado pelo Departamento Nacional de Empresas Projetistas e Consultores (DNPC), da ABRAVA, tem como tema o ar condicionado em hot\u00e9is<\/strong><\/em><\/span><\/p>\n<p style=\"text-align: justify;\"><span style=\"color: #000000;\"><span style=\"color: #993300;\">Agosto, 2017<\/span> &#8211; Conforto e efici\u00eancia s\u00e3o essenciais quando se fala em climatiza\u00e7\u00e3o de ar, sobretudo em ambientes de hospedagem. \u00c9 por isso que o ar condicionado dentro dos hot\u00e9is \u00e9 o tema central do XVII Encontro Nacional de Projetistas, que ocorre nos dias 12 e 13 de setembro, em S\u00e3o Paulo. O evento \u00e9 organizado pelo DNPC &#8211; Departamento Nacional de Empresas Projetistas e Consultores, que pertence \u00e0 ABRAVA &#8211; Associa\u00e7\u00e3o Brasileira de Refrigera\u00e7\u00e3o, Ar-condicionado, Ventila\u00e7\u00e3o e Aquecimento.<\/span><\/p>\n<p style=\"text-align: justify;\"><span style=\"color: #000000;\">A ABRAVA \u00e9 uma institui\u00e7\u00e3o sem fins lucrativos que congrega empresas nacionais e multinacionais atuantes nas \u00e1reas de ind\u00fastria, com\u00e9rcio e servi\u00e7os ligados ao mercado AVAC-R (aquecimento, ventila\u00e7\u00e3o, ar condicionado e refrigera\u00e7\u00e3o). A organiza\u00e7\u00e3o \u00e9 composta por diversos DNs, (Departamentos Nacionais), cada um sendo respons\u00e1vel por uma parte do mercado. O DNPC atende a necessidade de reunir e integrar empresas dedicadas exclusivamente \u00e0 atividade de projetos.<\/span><\/p>\n<p style=\"text-align: justify;\"><span style=\"color: #000000;\">O evento, que reunir\u00e1 diversos palestrantes, ocorrer\u00e1 dentro da FEBRAVA &#8211; Feira Internacional de Refrigera\u00e7\u00e3o, Ar Condicionado, Ventila\u00e7\u00e3o e Aquecimento, organizado pela ABRAVA. S\u00e3o esperadas cerca de 150 pessoas por dia. &#8220;O Encontro \u00e9 uma oportunidade para se abordar um dos principais ambientes em que se utiliza de climatiza\u00e7\u00e3o, o hoteleiro&#8221;, conta Renato Nogueira de Carvalho, presidente do DNPC.<\/span><\/p>\n<p style=\"text-align: justify;\"><span style=\"color: #000000;\">O XVII Encontro Nacional de Projetistas ocorrer\u00e1 no S\u00e3o Paulo Expo, na Rodovia dos Imigrantes, km 1,5, S\u00e3o Paulo. O cronograma de palestras encontra-se abaixo, e conta com representantes dos principais players do mercado que falar\u00e3o sobre tecnologias e inova\u00e7\u00f5es no setor hoteleiro referentes a climatiza\u00e7\u00e3o.<\/span><\/p>\n<p style=\"text-align: justify;\"><span style=\"color: #000000;\">As vagas s\u00e3o limitadas. Informa\u00e7\u00f5es e inscri\u00e7\u00f5es est\u00e3o dispon\u00edveis no link: <span style=\"text-decoration: underline;\"><span style=\"color: #0000ff; text-decoration: underline;\">https:\/\/www.sympla.com.br\/xvii-encontro-nacional-de-projetistas-e-consultores-abrava__154487<\/span><\/span><\/span><\/p>\n","protected":false},"excerpt":{"rendered":"<p>Evento organizado pelo Departamento Nacional de Empresas Projetistas e Consultores (DNPC), da ABRAVA, tem como tema o ar condicionado em hot\u00e9is Agosto, 2017 &#8211; Conforto e efici\u00eancia s\u00e3o essenciais quando se fala em climatiza\u00e7\u00e3o de ar, sobretudo em ambientes de hospedagem. \u00c9 por isso que o ar condicionado dentro dos hot\u00e9is \u00e9 o tema central [&hellip;]<\/p>\n","protected":false},"author":1,"featured_media":0,"comment_status":"open","ping_status":"open","sticky":false,"template":"","format":"standard","meta":{"_uag_custom_page_level_css":"","footnotes":""},"categories":[27],"tags":[341,837,838,3456,3986,4231,7210,10679,11318,12340,12551],"class_list":["post-7390","post","type-post","status-publish","format-standard","hentry","category-acontece","tag-abrava-associacao-brasileira-de-refrigeracao","tag-ar-condicionado","tag-ar-condicionado-em-hoteis","tag-departamento-nacional-de-empresas-projetistas-e-consultores","tag-eficiencia-energetica","tag-empresas-nacionais-e-multinacionais","tag-maquinas-e-equipamentos","tag-sao-paulo-sp","tag-solucoes-e-inovacoes-para-setores-de-ar-refrigeracao","tag-ventilacao-e-aquecimento","tag-xvii-encontro-nacional-de-projetistas"],"blocksy_meta":[],"spectra_blocks_featured_image_url":null,"spectra_blocks_author_info":{"display_name":"Jornal da Constru\u00e7\u00e3o Civil","avatar_url":"https:\/\/secure.gravatar.com\/avatar\/973c9774fd44ddaceb026973c4962faa70fc512bc4c9da68e8ebb40fecee6540?s=96&d=mm&r=g","author_link":"https:\/\/construcaocivil.siriusmarketingedesign.com.br\/?author=1","description":"Desde de 2013, levando muitas informa\u00e7\u00f5es, lan\u00e7amentos e produtos de qualidade para toda cadeia produtiva da constru\u00e7\u00e3o. O Futuro da constru\u00e7\u00e3o passa por aqui,"},"uagb_featured_image_src":{"full":false,"thumbnail":false,"medium":false,"medium_large":false,"large":false,"1536x1536":false,"2048x2048":false},"uagb_author_info":{"display_name":"Jornal da Constru\u00e7\u00e3o Civil","author_link":"https:\/\/construcaocivil.siriusmarketingedesign.com.br\/?author=1"},"uagb_comment_info":0,"uagb_excerpt":"Evento organizado pelo Departamento Nacional de Empresas Projetistas e Consultores (DNPC), da ABRAVA, tem como tema o ar condicionado em hot\u00e9is Agosto, 2017 &#8211; Conforto e efici\u00eancia s\u00e3o essenciais quando se fala em climatiza\u00e7\u00e3o de ar, sobretudo em ambientes de hospedagem. \u00c9 por isso que o ar condicionado dentro dos hot\u00e9is \u00e9 o tema central&hellip;","_links":{"self":[{"href":"https:\/\/construcaocivil.siriusmarketingedesign.com.br\/index.php?rest_route=\/wp\/v2\/posts\/7390","targetHints":{"allow":["GET"]}}],"collection":[{"href":"https:\/\/construcaocivil.siriusmarketingedesign.com.br\/index.php?rest_route=\/wp\/v2\/posts"}],"about":[{"href":"https:\/\/construcaocivil.siriusmarketingedesign.com.br\/index.php?rest_route=\/wp\/v2\/types\/post"}],"author":[{"embeddable":true,"href":"https:\/\/construcaocivil.siriusmarketingedesign.com.br\/index.php?rest_route=\/wp\/v2\/users\/1"}],"replies":[{"embeddable":true,"href":"https:\/\/construcaocivil.siriusmarketingedesign.com.br\/index.php?rest_route=%2Fwp%2Fv2%2Fcomments&post=7390"}],"version-history":[{"count":0,"href":"https:\/\/construcaocivil.siriusmarketingedesign.com.br\/index.php?rest_route=\/wp\/v2\/posts\/7390\/revisions"}],"wp:attachment":[{"href":"https:\/\/construcaocivil.siriusmarketingedesign.com.br\/index.php?rest_route=%2Fwp%2Fv2%2Fmedia&parent=7390"}],"wp:term":[{"taxonomy":"category","embeddable":true,"href":"https:\/\/construcaocivil.siriusmarketingedesign.com.br\/index.php?rest_route=%2Fwp%2Fv2%2Fcategories&post=7390"},{"taxonomy":"post_tag","embeddable":true,"href":"https:\/\/construcaocivil.siriusmarketingedesign.com.br\/index.php?rest_route=%2Fwp%2Fv2%2Ftags&post=7390"}],"curies":[{"name":"wp","href":"https:\/\/api.w.org\/{rel}","templated":true}]}}