{"id":7421,"date":"2017-08-31T14:54:16","date_gmt":"2017-08-31T17:54:16","guid":{"rendered":"http:\/\/www.jornaldaconstrucaocivil.com.br\/?p=7421"},"modified":"2017-08-31T14:54:16","modified_gmt":"2017-08-31T17:54:16","slug":"irb-brasil-re-realiza-visita-guiada-ao-seu-terraco-jardim-tombado-pelo-iphan-dentro-da-programacao-da-artrio","status":"publish","type":"post","link":"https:\/\/construcaocivil.siriusmarketingedesign.com.br\/?p=7421","title":{"rendered":"IRB Brasil RE realiza visita guiada ao seu terra\u00e7o-jardim,  tombado pelo IPHAN, dentro da programa\u00e7\u00e3o da ArtRio"},"content":{"rendered":"<p style=\"text-align: justify;\"><span style=\"color: #000080;\"><em><strong>Espa\u00e7o tem paisagismo de Burle Marx e obras de Paulo Werneck<\/strong><\/em><\/span><\/p>\n<p style=\"text-align: justify;\"><span style=\"color: #000000;\"><span style=\"color: #993300;\">Rio, agosto, 2017<\/span> &#8211; O IRB Brasil RE vai realizar, no dia 14 de setembro, duas visitas guiadas a um dos tesouros preservados da cidade: o terra\u00e7o jardim de sua sede, tombado pelo Instituto do Patrim\u00f4nio Hist\u00f3rico e Art\u00edstico Nacional \u2013 IPHAN.<\/span><\/p>\n<figure id=\"attachment_7422\" aria-describedby=\"caption-attachment-7422\" style=\"width: 300px\" class=\"wp-caption alignleft\"><a href=\"http:\/\/www.jornaldaconstrucaocivil.com.br\/wp-content\/uploads\/2017\/08\/AA-fleishman_strip_103346_0_full.jpg\"><img loading=\"lazy\" decoding=\"async\" class=\"wp-image-7422 size-medium\" src=\"http:\/\/www.jornaldaconstrucaocivil.com.br\/wp-content\/uploads\/2017\/08\/AA-fleishman_strip_103346_0_full-300x200.jpg\" width=\"300\" height=\"200\" \/><\/a><figcaption id=\"caption-attachment-7422\" class=\"wp-caption-text\">Terra\u00e7o IRB Brasil RE. Cr\u00e9ditos: Divulga\u00e7\u00e3o<\/figcaption><\/figure>\n<p style=\"text-align: justify;\"><span style=\"color: #000000;\">A cobertura de 11.100 m2 conta com jardins do paisagista Roberto Burle Marx e sete pain\u00e9is de mosaico de autoria do artista pl\u00e1stico Paulo Werneck. Respons\u00e1vel pela revitaliza\u00e7\u00e3o dos jardins, o escrit\u00f3rio de Paisagismo Burle Marx seguiu os conceitos originais do projeto modernista da d\u00e9cada de 40. O mesmo ocorreu em rela\u00e7\u00e3o aos pain\u00e9is de Paulo Werneck, em que o escrit\u00f3rio do artista conduziu todo projeto.<\/span><\/p>\n<p style=\"text-align: justify;\"><span style=\"color: #000000;\">A visita guiada que contar\u00e1 com a presen\u00e7a dos respons\u00e1veis pela restaura\u00e7\u00e3o do espa\u00e7o: Isabela Ono e Gustavo Leiras, s\u00f3cios do escrit\u00f3rio de paisagismo de Burle Marx, e Claudia Saldanha, do escrit\u00f3rio de Paulo Werneck.<\/span><\/p>\n<figure id=\"attachment_7423\" aria-describedby=\"caption-attachment-7423\" style=\"width: 300px\" class=\"wp-caption alignright\"><a href=\"http:\/\/www.jornaldaconstrucaocivil.com.br\/wp-content\/uploads\/2017\/08\/AA-2-fleishman_strip_103346_1_full.jpg\"><img loading=\"lazy\" decoding=\"async\" class=\"wp-image-7423 size-medium\" src=\"http:\/\/www.jornaldaconstrucaocivil.com.br\/wp-content\/uploads\/2017\/08\/AA-2-fleishman_strip_103346_1_full-300x200.jpg\" width=\"300\" height=\"200\" \/><\/a><figcaption id=\"caption-attachment-7423\" class=\"wp-caption-text\">Terra\u00e7o jardim IRB Brasil RE. Cr\u00e9ditos: Divulga\u00e7\u00e3o<\/figcaption><\/figure>\n<p style=\"text-align: justify;\"><span style=\"color: #993300;\"><strong>Sobre o pr\u00e9dio:<\/strong><\/span><\/p>\n<p style=\"text-align: justify;\"><span style=\"color: #000000;\">Projetado pelos irm\u00e3os M.M.M. Roberto (Marcelo, Milton e Maur\u00edcio), o pr\u00e9dio do IRB Brasil RE \u00e9 um dos primeiros exemplares da arquitetura moderna desenvolvida no pa\u00eds. Foi constru\u00eddo em 1941 em um novo espa\u00e7o no centro do Rio de Janeiro, que surgiu ap\u00f3s o desmonte do Morro do Castelo. Foi um dos pioneiros a empregar os chamados cinco pontos da arquitetura moderna criados por Le Corbusier: pilotis, janela em fita, estrutura independente, planta livre e terra\u00e7o jardim.<\/span><\/p>\n<p style=\"text-align: justify;\"><span style=\"color: #000000;\">Em 1948, o edif\u00edcio foi reconhecido pelo Royal Institute of British Architects (RIBA) como uma das 20 melhores obras da \u00e9poca.<\/span><\/p>\n<p style=\"text-align: justify;\"><span style=\"color: #800000;\">Visita Guiada<\/span><\/p>\n<p style=\"text-align: justify;\"><span style=\"color: #000000;\">Data: 14 de setembro<\/span><\/p>\n<p style=\"text-align: justify;\"><span style=\"color: #000000;\">Hor\u00e1rio: das 15h \u00e0s 16h30 ou das 17h \u00e0s 18h30<\/span><\/p>\n<p style=\"text-align: justify;\"><span style=\"color: #000000;\">Ponto de encontro: Marina da Gl\u00f3ria. O traslado sair\u00e1 da Marina da Gl\u00f3ria e seguir\u00e1 para o pr\u00e9dio do IRB Brasil RE, no Centro, meia hora antes de cada visita.<\/span><\/p>\n<p style=\"text-align: justify;\"><span style=\"color: #000000;\">Inscri\u00e7\u00e3o: pelo portal da ArtRio\u00a0<span style=\"text-decoration: underline;\"><span style=\"color: #0000ff; text-decoration: underline;\">http:\/\/www.artrio.art.br\/pt-br\/agenda<\/span><\/span><\/span><\/p>\n<p style=\"text-align: justify;\"><span style=\"color: #993300;\"><strong>Sobre a\u00a0<span class=\"il\">ArtRio<\/span><\/strong><\/span><\/p>\n<p style=\"text-align: justify;\"><span style=\"color: #000000;\">Em\u00a0<span class=\"il\">2017<\/span>, a\u00a0<span class=\"il\">ArtRio<\/span>\u00a0estreia em novo endere\u00e7o: a Marina da Gl\u00f3ria. O evento, que acontece de 13 a 17 de setembro, vai reunir importante galerias brasileiras e internacionais. Chegando a sua 7\u00aa edi\u00e7\u00e3o,<em>\u00a0<\/em>a feira tem entre suas metas ser um dos principais eventos mundiais de neg\u00f3cios no segmento da arte.<\/span><\/p>\n<p style=\"text-align: justify;\"><span style=\"color: #000000;\">A\u00a0<span class=\"il\">ArtRio<\/span>\u00a0pode ser considerada uma grande plataforma de arte contemplando, al\u00e9m da feira internacional, a\u00e7\u00f5es diferenciadas e diversificadas com foco em difundir o conceito de arte no pa\u00eds, solidificar o mercado, estimular e possibilitar o crescimento de um novo p\u00fablico oferecendo acesso \u00e0 cultura.<\/span><\/p>\n<p style=\"text-align: justify;\"><span style=\"color: #000000;\">A\u00a0<span class=\"il\">ArtRio<\/span>\u00a0\u00e9 apresentada pelo Bradesco, atrav\u00e9s da Lei de Incentivo \u00e0 Cultura do Minist\u00e9<span class=\"il\">rio\u00a0<\/span>da Cultura. O evento tem patroc\u00ednio da CIELO e Stella Artois, apoio das marcas Minalba, IRB Brasil RE e Pirelli, e apoio institucional da Est\u00e1cio, Klabin e High End.<\/span><\/p>\n<p style=\"text-align: justify;\"><span style=\"color: #993300;\"><strong>SERVI\u00c7O\u00a0<span class=\"il\">ARTRIO<\/span>\u00a0<span class=\"il\">2017<\/span><\/strong><\/span><\/p>\n<p style=\"text-align: justify;\"><span style=\"color: #000000;\">Data: 14 a 17 de setembro (quinta-feira a domingo)<\/span><\/p>\n<p style=\"text-align: justify;\"><span style=\"color: #000000;\">Preview \u2013 13 de setembro (quarta-feira)<\/span><\/p>\n<p style=\"text-align: justify;\"><span style=\"color: #000000;\">Hor\u00e1rios: Dias 14 e 15 \u2013 quinta e sexta-feira \u2013 14h \u00e0s 21h<\/span><\/p>\n<p style=\"text-align: justify;\"><span style=\"color: #000000;\">Dia 16 \u2013 s\u00e1bado \u2013 14h \u00e0s 21h<\/span><\/p>\n<p style=\"text-align: justify;\"><span style=\"color: #000000;\">Dia 17 \u2013 domingo \u2013 14h \u00e0s 19h<\/span><\/p>\n<p style=\"text-align: justify;\"><span style=\"color: #993300;\">Ingressos: R$ 40 \/ R$ 20<\/span><\/p>\n<p style=\"text-align: justify;\"><span style=\"text-decoration: underline;\"><span style=\"color: #0000ff;\"><a style=\"color: #0000ff; text-decoration: underline;\" href=\"http:\/\/www.imcgrupo.com\/link.php?code=bDpodHRwJTNBJTJGJTJGd3d3Lmd1aWNoZXdlYi5jb20uYnIlMkZldmVudG8lMkY2NTE3OjY0NjYyNjI4Mjp3ZWJvYnJhc0BnbWFpbC5jb206NGNiMTBhMjhlZGQ0YWUwMDMzZDE1MmIwM2VhNjBlM2EzYQ==\" target=\"_blank\" data-saferedirecturl=\"https:\/\/www.google.com\/url?hl=pt-PT&amp;q=http:\/\/www.imcgrupo.com\/link.php?code%3DbDpodHRwJTNBJTJGJTJGd3d3Lmd1aWNoZXdlYi5jb20uYnIlMkZldmVudG8lMkY2NTE3OjY0NjYyNjI4Mjp3ZWJvYnJhc0BnbWFpbC5jb206NGNiMTBhMjhlZGQ0YWUwMDMzZDE1MmIwM2VhNjBlM2EzYQ%3D%3D&amp;source=gmail&amp;ust=1504287523877000&amp;usg=AFQjCNGxxkeeck4M-OUwlYHb1ddkq-Djlw\">www.guicheweb.com.br\/evento\/<wbr \/>6517<\/a><\/span><\/span><\/p>\n<p style=\"text-align: justify;\"><span style=\"color: #000000;\">Bilheterias no local nos dias de evento<\/span><\/p>\n<p style=\"text-align: justify;\"><span style=\"color: #000000;\">Local:<strong>\u00a0<\/strong>Marina da Gl\u00f3ria &#8211; Av. Infante Dom Henrique, S\/N \u2013 Gl\u00f3ria<\/span><\/p>\n<p style=\"text-align: justify;\"><span style=\"color: #000000;\">Estacionamento no local<\/span><\/p>\n<p style=\"text-align: justify;\"><span style=\"color: #000000;\">Metr\u00f4 \u2013 Esta\u00e7\u00e3o Gl\u00f3ria \/ Passarela em frente \u00e0 Rua do Russel<\/span><\/p>\n<p style=\"text-align: justify;\">Fonte: Imprensa\/ArtRio 2017<\/p>\n","protected":false},"excerpt":{"rendered":"<p>Espa\u00e7o tem paisagismo de Burle Marx e obras de Paulo Werneck Rio, agosto, 2017 &#8211; O IRB Brasil RE vai realizar, no dia 14 de setembro, duas visitas guiadas a um dos tesouros preservados da cidade: o terra\u00e7o jardim de sua sede, tombado pelo Instituto do Patrim\u00f4nio Hist\u00f3rico e Art\u00edstico Nacional \u2013 IPHAN. A cobertura [&hellip;]<\/p>\n","protected":false},"author":1,"featured_media":7422,"comment_status":"open","ping_status":"open","sticky":false,"template":"","format":"standard","meta":{"_uag_custom_page_level_css":"","footnotes":""},"categories":[27],"tags":[923,952,953,3558,5332,6225,7298,7492],"class_list":["post-7421","post","type-post","status-publish","format-standard","has-post-thumbnail","hentry","category-acontece","tag-arquitetura-e-urbanismo","tag-artrio-principais-eventos-mundiais-de-negocios-no-segmento-da-arte","tag-artrio-2017","tag-designers-modernos","tag-galerias-de-todo-o-mundo","tag-instituto-do-patrimonio-historico-e-artistico-nacional-iphan","tag-marina-da-gloria-rj","tag-mercado-de-designer"],"blocksy_meta":[],"spectra_blocks_featured_image_url":[],"spectra_blocks_author_info":{"display_name":"Jornal da Constru\u00e7\u00e3o Civil","avatar_url":"https:\/\/secure.gravatar.com\/avatar\/973c9774fd44ddaceb026973c4962faa70fc512bc4c9da68e8ebb40fecee6540?s=96&d=mm&r=g","author_link":"https:\/\/construcaocivil.siriusmarketingedesign.com.br\/?author=1","description":"Desde de 2013, levando muitas informa\u00e7\u00f5es, lan\u00e7amentos e produtos de qualidade para toda cadeia produtiva da constru\u00e7\u00e3o. O Futuro da constru\u00e7\u00e3o passa por aqui,"},"uagb_featured_image_src":{"full":false,"thumbnail":false,"medium":false,"medium_large":false,"large":false,"1536x1536":false,"2048x2048":false},"uagb_author_info":{"display_name":"Jornal da Constru\u00e7\u00e3o Civil","author_link":"https:\/\/construcaocivil.siriusmarketingedesign.com.br\/?author=1"},"uagb_comment_info":0,"uagb_excerpt":"Espa\u00e7o tem paisagismo de Burle Marx e obras de Paulo Werneck Rio, agosto, 2017 &#8211; O IRB Brasil RE vai realizar, no dia 14 de setembro, duas visitas guiadas a um dos tesouros preservados da cidade: o terra\u00e7o jardim de sua sede, tombado pelo Instituto do Patrim\u00f4nio Hist\u00f3rico e Art\u00edstico Nacional \u2013 IPHAN. A cobertura&hellip;","_links":{"self":[{"href":"https:\/\/construcaocivil.siriusmarketingedesign.com.br\/index.php?rest_route=\/wp\/v2\/posts\/7421","targetHints":{"allow":["GET"]}}],"collection":[{"href":"https:\/\/construcaocivil.siriusmarketingedesign.com.br\/index.php?rest_route=\/wp\/v2\/posts"}],"about":[{"href":"https:\/\/construcaocivil.siriusmarketingedesign.com.br\/index.php?rest_route=\/wp\/v2\/types\/post"}],"author":[{"embeddable":true,"href":"https:\/\/construcaocivil.siriusmarketingedesign.com.br\/index.php?rest_route=\/wp\/v2\/users\/1"}],"replies":[{"embeddable":true,"href":"https:\/\/construcaocivil.siriusmarketingedesign.com.br\/index.php?rest_route=%2Fwp%2Fv2%2Fcomments&post=7421"}],"version-history":[{"count":0,"href":"https:\/\/construcaocivil.siriusmarketingedesign.com.br\/index.php?rest_route=\/wp\/v2\/posts\/7421\/revisions"}],"wp:attachment":[{"href":"https:\/\/construcaocivil.siriusmarketingedesign.com.br\/index.php?rest_route=%2Fwp%2Fv2%2Fmedia&parent=7421"}],"wp:term":[{"taxonomy":"category","embeddable":true,"href":"https:\/\/construcaocivil.siriusmarketingedesign.com.br\/index.php?rest_route=%2Fwp%2Fv2%2Fcategories&post=7421"},{"taxonomy":"post_tag","embeddable":true,"href":"https:\/\/construcaocivil.siriusmarketingedesign.com.br\/index.php?rest_route=%2Fwp%2Fv2%2Ftags&post=7421"}],"curies":[{"name":"wp","href":"https:\/\/api.w.org\/{rel}","templated":true}]}}