{"id":7431,"date":"2017-08-31T19:52:56","date_gmt":"2017-08-31T22:52:56","guid":{"rendered":"http:\/\/www.jornaldaconstrucaocivil.com.br\/?p=7431"},"modified":"2017-08-31T19:52:56","modified_gmt":"2017-08-31T22:52:56","slug":"atlas-schindler-anuncia-novo-presidente","status":"publish","type":"post","link":"https:\/\/construcaocivil.siriusmarketingedesign.com.br\/?p=7431","title":{"rendered":"Atlas Schindler anuncia novo Presidente"},"content":{"rendered":"<p style=\"text-align: justify;\"><span style=\"color: #000080;\"><em>Flavio Luis da Silva assumir\u00e1 o comando da companhia no Brasil. Andre Inserra permanece como CEO das Am\u00e9ricas<\/em><\/span><\/p>\n<figure id=\"attachment_7432\" aria-describedby=\"caption-attachment-7432\" style=\"width: 148px\" class=\"wp-caption alignleft\"><a href=\"http:\/\/www.jornaldaconstrucaocivil.com.br\/wp-content\/uploads\/2017\/08\/AFLAVIO.png\"><img loading=\"lazy\" decoding=\"async\" class=\"wp-image-7432 size-full\" src=\"http:\/\/www.jornaldaconstrucaocivil.com.br\/wp-content\/uploads\/2017\/08\/AFLAVIO.png\" alt=\"AFLAVIO\" width=\"148\" height=\"152\" \/><\/a><figcaption id=\"caption-attachment-7432\" class=\"wp-caption-text\">Atlas Schindler ter\u00e1 Flavio Luis da Silva, como novo presidente.<\/figcaption><\/figure>\n<p style=\"text-align: justify;\"><span style=\"color: #000000;\"><span style=\"color: #993300;\">Agosto, 2017<\/span> &#8211; \u00c0 frente das opera\u00e7\u00f5es do bra\u00e7o brasileiro do Grupo Schindler desde 2012, e h\u00e1 mais de um ano atuando interinamente tamb\u00e9m como CEO das Am\u00e9ricas, Andre Abboud Inserra d\u00e1 as boas-vindas a Flavio Luis da Silva, que assumir\u00e1 como novo presidente da Elevadores Atlas Schindler a partir de 16 de outubro deste ano.<\/span><\/p>\n<p style=\"text-align: justify;\"><span style=\"color: #000000;\">Para a empresa, l\u00edder em transporte vertical e reconhecida pelo mercado como sin\u00f4nimo de seguran\u00e7a e qualidade, esse \u00e9 um movimento estrat\u00e9gico e fundamental para o crescimento e sustenta\u00e7\u00e3o do neg\u00f3cio, j\u00e1 que o novo executivo se dedicar\u00e1 exclusivamente ao Brasil.<\/span><\/p>\n<p style=\"text-align: justify;\"><span style=\"color: #000000;\">Flavio Luis se reportar\u00e1 diretamente a Andre Inserra, que permanecer\u00e1 como CEO das Am\u00e9ricas no Grupo Schindler.<\/span><\/p>\n","protected":false},"excerpt":{"rendered":"<p>Flavio Luis da Silva assumir\u00e1 o comando da companhia no Brasil. Andre Inserra permanece como CEO das Am\u00e9ricas Agosto, 2017 &#8211; \u00c0 frente das opera\u00e7\u00f5es do bra\u00e7o brasileiro do Grupo Schindler desde 2012, e h\u00e1 mais de um ano atuando interinamente tamb\u00e9m como CEO das Am\u00e9ricas, Andre Abboud Inserra d\u00e1 as boas-vindas a Flavio Luis [&hellip;]<\/p>\n","protected":false},"author":1,"featured_media":0,"comment_status":"open","ping_status":"open","sticky":false,"template":"","format":"standard","meta":{"_uag_custom_page_level_css":"","footnotes":""},"categories":[27],"tags":[1077,3924,4062,4065,5118,7210,7470,7971],"class_list":["post-7431","post","type-post","status-publish","format-standard","hentry","category-acontece","tag-atlas-schindler","tag-edificacoes-inteligentes","tag-elevadores","tag-elevadores-inteligentes","tag-flavio-luis-novo-presidente-da-atlas-schindler-brasil","tag-maquinas-e-equipamentos","tag-mercado","tag-mudancas-na-direcao-da-companhia"],"blocksy_meta":[],"spectra_blocks_featured_image_url":null,"spectra_blocks_author_info":{"display_name":"Jornal da Constru\u00e7\u00e3o Civil","avatar_url":"https:\/\/secure.gravatar.com\/avatar\/973c9774fd44ddaceb026973c4962faa70fc512bc4c9da68e8ebb40fecee6540?s=96&d=mm&r=g","author_link":"https:\/\/construcaocivil.siriusmarketingedesign.com.br\/?author=1","description":"Desde de 2013, levando muitas informa\u00e7\u00f5es, lan\u00e7amentos e produtos de qualidade para toda cadeia produtiva da constru\u00e7\u00e3o. O Futuro da constru\u00e7\u00e3o passa por aqui,"},"uagb_featured_image_src":{"full":false,"thumbnail":false,"medium":false,"medium_large":false,"large":false,"1536x1536":false,"2048x2048":false},"uagb_author_info":{"display_name":"Jornal da Constru\u00e7\u00e3o Civil","author_link":"https:\/\/construcaocivil.siriusmarketingedesign.com.br\/?author=1"},"uagb_comment_info":0,"uagb_excerpt":"Flavio Luis da Silva assumir\u00e1 o comando da companhia no Brasil. Andre Inserra permanece como CEO das Am\u00e9ricas Agosto, 2017 &#8211; \u00c0 frente das opera\u00e7\u00f5es do bra\u00e7o brasileiro do Grupo Schindler desde 2012, e h\u00e1 mais de um ano atuando interinamente tamb\u00e9m como CEO das Am\u00e9ricas, Andre Abboud Inserra d\u00e1 as boas-vindas a Flavio Luis&hellip;","_links":{"self":[{"href":"https:\/\/construcaocivil.siriusmarketingedesign.com.br\/index.php?rest_route=\/wp\/v2\/posts\/7431","targetHints":{"allow":["GET"]}}],"collection":[{"href":"https:\/\/construcaocivil.siriusmarketingedesign.com.br\/index.php?rest_route=\/wp\/v2\/posts"}],"about":[{"href":"https:\/\/construcaocivil.siriusmarketingedesign.com.br\/index.php?rest_route=\/wp\/v2\/types\/post"}],"author":[{"embeddable":true,"href":"https:\/\/construcaocivil.siriusmarketingedesign.com.br\/index.php?rest_route=\/wp\/v2\/users\/1"}],"replies":[{"embeddable":true,"href":"https:\/\/construcaocivil.siriusmarketingedesign.com.br\/index.php?rest_route=%2Fwp%2Fv2%2Fcomments&post=7431"}],"version-history":[{"count":0,"href":"https:\/\/construcaocivil.siriusmarketingedesign.com.br\/index.php?rest_route=\/wp\/v2\/posts\/7431\/revisions"}],"wp:attachment":[{"href":"https:\/\/construcaocivil.siriusmarketingedesign.com.br\/index.php?rest_route=%2Fwp%2Fv2%2Fmedia&parent=7431"}],"wp:term":[{"taxonomy":"category","embeddable":true,"href":"https:\/\/construcaocivil.siriusmarketingedesign.com.br\/index.php?rest_route=%2Fwp%2Fv2%2Fcategories&post=7431"},{"taxonomy":"post_tag","embeddable":true,"href":"https:\/\/construcaocivil.siriusmarketingedesign.com.br\/index.php?rest_route=%2Fwp%2Fv2%2Ftags&post=7431"}],"curies":[{"name":"wp","href":"https:\/\/api.w.org\/{rel}","templated":true}]}}