{"id":7437,"date":"2017-09-01T11:57:15","date_gmt":"2017-09-01T14:57:15","guid":{"rendered":"http:\/\/www.jornaldaconstrucaocivil.com.br\/?p=7437"},"modified":"2017-09-01T11:57:15","modified_gmt":"2017-09-01T14:57:15","slug":"empresarios-da-construcao-estao-menos-pessimistas-em-agosto","status":"publish","type":"post","link":"https:\/\/construcaocivil.siriusmarketingedesign.com.br\/?p=7437","title":{"rendered":"Empres\u00e1rios da constru\u00e7\u00e3o est\u00e3o menos pessimistas em agosto"},"content":{"rendered":"<p style=\"text-align: justify;\"><span style=\"color: #000000;\"><span style=\"color: #993300;\">Setembro, 2017<\/span> &#8211; O \u00cdndice de Confian\u00e7a do Empres\u00e1rio da Ind\u00fastria da Constru\u00e7\u00e3o de Minas Gerais (Iceicon-MG) alcan\u00e7ou 44,9 pontos em agosto, o que representou um aumento de 3,4 pontos em rela\u00e7\u00e3o a julho (41,5 pontos). Apesar de o resultado indicar uma recupera\u00e7\u00e3o parcial sobre a perda de 7,7 pontos nos \u00faltimos dois meses, continuou demonstrando o pessimismo dos empres\u00e1rios do setor, j\u00e1 que os valores est\u00e3o abaixo de 50 pontos. Com o \u00faltimo resultado, o Iceicon-MG retornou ao mesmo patamar de agosto do ano passado. O indicador nacional tamb\u00e9m aumentou na passagem de julho (48,4 pontos) para agosto (50,3 pontos), interrompendo uma trajet\u00f3ria de dois meses consecutivos de queda. O indicador, bem pr\u00f3ximo \u00e0 linha dos 50 pontos, voltou a sinalizar cautela dos empres\u00e1rios.<\/span><\/p>\n<p style=\"text-align: justify;\"><span style=\"color: #000000;\">O \u00edndice de condi\u00e7\u00f5es atuais de neg\u00f3cio avan\u00e7ou 1,0 ponto em agosto (39,5 pontos), frente a julho (38,5 pontos), apontando menor insatisfa\u00e7\u00e3o dos empres\u00e1rios. O indicador foi 5,1 pontos superior ao registrado em igual m\u00eas de 2016 e acumulou expans\u00e3o de 4,3 pontos de janeiro a agosto deste ano.<\/span><\/p>\n<p style=\"text-align: justify;\"><span style=\"color: #000000;\">\u00a0O \u00edndice de expectativas, quesito que mede o grau de otimismo em rela\u00e7\u00e3o \u00e0 situa\u00e7\u00e3o econ\u00f4mica para os seis meses seguintes, foi o que mais contribuiu para a melhora da confian\u00e7a. Apesar de permanecer abaixo dos 50 pontos pelo terceiro m\u00eas sucessivo, sinalizando expectativas negativas, o indicador aumentou 4,6 pontos entre julho (43,1 pontos) e agosto (47,7 pontos), compensando parte da perda de 9,0 pontos ocorrida nos dois meses anteriores. O \u00edndice, contudo, decresceu 2,4 pontos no confronto com agosto de 2016.<\/span><\/p>\n<p style=\"text-align: justify;\"><span style=\"color: #000000;\"><span style=\"color: #993300;\">Sobre o Iceicon<\/span> &#8211; O \u00cdndice de Confian\u00e7a do Empres\u00e1rio da Ind\u00fastria da Constru\u00e7\u00e3o de Minas Gerais (Iceicon \u2013 MG) \u00e9 elaborado pela Ger\u00eancia de Estudos Econ\u00f4micos da Federa\u00e7\u00e3o das Ind\u00fastrias do Estado de Minas Gerais (Fiemg) em conjunto com a Confedera\u00e7\u00e3o Nacional da Ind\u00fastria (CNI) e em parceria com o Sindicato da Ind\u00fastria da Constru\u00e7\u00e3o Civil no Estado de Minas Gerais (Sinduscon-MG). As informa\u00e7\u00f5es solicitadas s\u00e3o de natureza qualitativa e resultam do levantamento direto realizado com base em question\u00e1rio pr\u00f3prio. A amostra considera os portes das empresas. Os indicadores variam no intervalo de 0 a 100, valores acima de 50 pontos indicam empres\u00e1rios otimistas e\/ou confiantes e valores abaixo de 50 pontos indicam empres\u00e1rios pessimistas.<\/span><\/p>\n<p style=\"text-align: justify;\">Fonte: Imprensa\/Iceicon-MG<\/p>\n","protected":false},"excerpt":{"rendered":"<p>Setembro, 2017 &#8211; O \u00cdndice de Confian\u00e7a do Empres\u00e1rio da Ind\u00fastria da Constru\u00e7\u00e3o de Minas Gerais (Iceicon-MG) alcan\u00e7ou 44,9 pontos em agosto, o que representou um aumento de 3,4 pontos em rela\u00e7\u00e3o a julho (41,5 pontos). Apesar de o resultado indicar uma recupera\u00e7\u00e3o parcial sobre a perda de 7,7 pontos nos \u00faltimos dois meses, continuou [&hellip;]<\/p>\n","protected":false},"author":1,"featured_media":0,"comment_status":"open","ping_status":"open","sticky":false,"template":"","format":"standard","meta":{"_uag_custom_page_level_css":"","footnotes":""},"categories":[27],"tags":[2024,2828,6002,6012,7468,10988,11118],"class_list":["post-7437","post","type-post","status-publish","format-standard","hentry","category-acontece","tag-cautela-nos-investimentos","tag-construcao-civil-melhora-somente-em-2018","tag-indicadores-da-economia","tag-indice-de-confianca-do-empresario-da-industria-da-construcao-de-minas-gerais-iceicon-mg","tag-menos-pessimismo-na-construcao","tag-setor-da-construcao-civil","tag-sindicato-da-industria-da-construcao-civil-no-estado-de-minas-gerais-sinduscon-mg"],"blocksy_meta":[],"spectra_blocks_featured_image_url":null,"spectra_blocks_author_info":{"display_name":"Jornal da Constru\u00e7\u00e3o Civil","avatar_url":"https:\/\/secure.gravatar.com\/avatar\/973c9774fd44ddaceb026973c4962faa70fc512bc4c9da68e8ebb40fecee6540?s=96&d=mm&r=g","author_link":"https:\/\/construcaocivil.siriusmarketingedesign.com.br\/?author=1","description":"Desde de 2013, levando muitas informa\u00e7\u00f5es, lan\u00e7amentos e produtos de qualidade para toda cadeia produtiva da constru\u00e7\u00e3o. O Futuro da constru\u00e7\u00e3o passa por aqui,"},"uagb_featured_image_src":{"full":false,"thumbnail":false,"medium":false,"medium_large":false,"large":false,"1536x1536":false,"2048x2048":false},"uagb_author_info":{"display_name":"Jornal da Constru\u00e7\u00e3o Civil","author_link":"https:\/\/construcaocivil.siriusmarketingedesign.com.br\/?author=1"},"uagb_comment_info":0,"uagb_excerpt":"Setembro, 2017 &#8211; O \u00cdndice de Confian\u00e7a do Empres\u00e1rio da Ind\u00fastria da Constru\u00e7\u00e3o de Minas Gerais (Iceicon-MG) alcan\u00e7ou 44,9 pontos em agosto, o que representou um aumento de 3,4 pontos em rela\u00e7\u00e3o a julho (41,5 pontos). Apesar de o resultado indicar uma recupera\u00e7\u00e3o parcial sobre a perda de 7,7 pontos nos \u00faltimos dois meses, continuou&hellip;","_links":{"self":[{"href":"https:\/\/construcaocivil.siriusmarketingedesign.com.br\/index.php?rest_route=\/wp\/v2\/posts\/7437","targetHints":{"allow":["GET"]}}],"collection":[{"href":"https:\/\/construcaocivil.siriusmarketingedesign.com.br\/index.php?rest_route=\/wp\/v2\/posts"}],"about":[{"href":"https:\/\/construcaocivil.siriusmarketingedesign.com.br\/index.php?rest_route=\/wp\/v2\/types\/post"}],"author":[{"embeddable":true,"href":"https:\/\/construcaocivil.siriusmarketingedesign.com.br\/index.php?rest_route=\/wp\/v2\/users\/1"}],"replies":[{"embeddable":true,"href":"https:\/\/construcaocivil.siriusmarketingedesign.com.br\/index.php?rest_route=%2Fwp%2Fv2%2Fcomments&post=7437"}],"version-history":[{"count":0,"href":"https:\/\/construcaocivil.siriusmarketingedesign.com.br\/index.php?rest_route=\/wp\/v2\/posts\/7437\/revisions"}],"wp:attachment":[{"href":"https:\/\/construcaocivil.siriusmarketingedesign.com.br\/index.php?rest_route=%2Fwp%2Fv2%2Fmedia&parent=7437"}],"wp:term":[{"taxonomy":"category","embeddable":true,"href":"https:\/\/construcaocivil.siriusmarketingedesign.com.br\/index.php?rest_route=%2Fwp%2Fv2%2Fcategories&post=7437"},{"taxonomy":"post_tag","embeddable":true,"href":"https:\/\/construcaocivil.siriusmarketingedesign.com.br\/index.php?rest_route=%2Fwp%2Fv2%2Ftags&post=7437"}],"curies":[{"name":"wp","href":"https:\/\/api.w.org\/{rel}","templated":true}]}}