{"id":7466,"date":"2017-09-04T12:39:33","date_gmt":"2017-09-04T15:39:33","guid":{"rendered":"http:\/\/www.jornaldaconstrucaocivil.com.br\/?p=7466"},"modified":"2017-09-04T12:39:33","modified_gmt":"2017-09-04T15:39:33","slug":"sintraconst-rio-produz-serie-de-videos-sobre-a-reforma-trabalhista","status":"publish","type":"post","link":"https:\/\/construcaocivil.siriusmarketingedesign.com.br\/?p=7466","title":{"rendered":"Sintraconst-Rio produz s\u00e9rie de v\u00eddeos sobre a Reforma Trabalhista"},"content":{"rendered":"<p style=\"text-align: justify;\"><span style=\"color: #000080;\"><em><strong>A partir deste m\u00eas de setembro o Sintraconst-Rio come\u00e7a a lan\u00e7ar uma s\u00e9rie de v\u00eddeos com o tema da Reforma Trabalhista.<\/strong><\/em><\/span><\/p>\n<p style=\"text-align: justify;\"><a href=\"http:\/\/www.jornaldaconstrucaocivil.com.br\/wp-content\/uploads\/2017\/09\/Reforma-Trabalhista.jpg\"><img loading=\"lazy\" decoding=\"async\" class=\"size-medium wp-image-7467 alignleft\" src=\"http:\/\/www.jornaldaconstrucaocivil.com.br\/wp-content\/uploads\/2017\/09\/Reforma-Trabalhista-300x144.jpg\" alt=\"Reforma Trabalhista\" width=\"300\" height=\"144\" \/><\/a><\/p>\n<p style=\"text-align: justify;\"><span style=\"color: #000000;\"><span style=\"color: #993300;\">Setembro, 2017<\/span> &#8211; Produzidos pelo Departamento de Comunica\u00e7\u00e3o do Sindicato, os v\u00eddeos tratam das principais mudan\u00e7as na CLT (Consolida\u00e7\u00e3o das Leis do Trabalho), que come\u00e7am a vigorar em novembro, e que afetam diretamente os direitos dos empregados brasileiros.<\/span><\/p>\n<p style=\"text-align: justify;\"><span style=\"color: #000000;\">O primeiro cap\u00edtulo da s\u00e9rie j\u00e1 est\u00e1 no ar e aborda um ponto espec\u00edfico do dispositivo do Negociado sobre o Legislado: a redu\u00e7\u00e3o de 30 minutos para o intervalo do almo\u00e7o.<\/span><\/p>\n<p style=\"text-align: justify;\"><span style=\"color: #000000;\">Os v\u00eddeos tamb\u00e9m s\u00e3o disponibilizados via <span style=\"text-decoration: underline;\"><span style=\"color: #0000ff; text-decoration: underline;\">Facebook<\/span><\/span>, <span style=\"text-decoration: underline;\"><span style=\"color: #0000ff; text-decoration: underline;\">YouTube <\/span><\/span>e <span style=\"color: #0000ff;\">WhatsApp<\/span> do Sindicato<\/span><\/p>\n<p style=\"text-align: justify;\"><span style=\"color: #000000;\"><span style=\"color: #000080;\"><em>&#8220;Come\u00e7amos a produzir esses v\u00eddeos, que tem linguagem clara e direta, para ajudar a tirar as diversas d\u00favidas dos trabalhadores sobre a Reforma Trabalhista. A informa\u00e7\u00e3o \u00e9 fundamental. S\u00e3o v\u00eddeos que a categoria comenta e compartilha entre si&#8221;<\/em><\/span>, destaca o presidente do Sintraconst-Rio, Carlos Antonio.<\/span><\/p>\n<p style=\"text-align: justify;\"><span style=\"color: #000000;\">A abordagem tem como foco principal os trabalhadores da constru\u00e7\u00e3o civil e seu cotidiano de trabalho.<\/span><\/p>\n<p style=\"text-align: justify;\"><span style=\"color: #000000;\">O pr\u00f3ximo cap\u00edtulo da s\u00e9rie ser\u00e1 sobre as mudan\u00e7as em casos de demiss\u00e3o.<\/span><\/p>\n<p style=\"text-align: justify;\"><span style=\"color: #000000;\">Inscreva-se no canal Sintraconst-Rio no <span style=\"text-decoration: underline;\"><span style=\"color: #0000ff;\"><a style=\"color: #0000ff; text-decoration: underline;\" title=\"YouTube\" href=\"https:\/\/www.youtube.com\/user\/sintraconstrio\" target=\"_blank\">YouTube<\/a><\/span><\/span>\u00a0\u00a0para receber as atualiza\u00e7\u00f5es sobre a s\u00e9rie.<\/span><\/p>\n<p style=\"text-align: justify;\">Segue link:\u00a0<span style=\"text-decoration: underline;\"><span style=\"color: #0000ff; text-decoration: underline;\">https:\/\/www.youtube.com\/watch?v=a2QzCc3-LQw<\/span><\/span><\/p>\n<p style=\"text-align: justify;\"><span style=\"color: #993300;\">Fonte: Sintraconst-Rio<\/span><\/p>\n","protected":false},"excerpt":{"rendered":"<p>A partir deste m\u00eas de setembro o Sintraconst-Rio come\u00e7a a lan\u00e7ar uma s\u00e9rie de v\u00eddeos com o tema da Reforma Trabalhista. Setembro, 2017 &#8211; Produzidos pelo Departamento de Comunica\u00e7\u00e3o do Sindicato, os v\u00eddeos tratam das principais mudan\u00e7as na CLT (Consolida\u00e7\u00e3o das Leis do Trabalho), que come\u00e7am a vigorar em novembro, e que afetam diretamente os [&hellip;]<\/p>\n","protected":false},"author":1,"featured_media":7467,"comment_status":"open","ping_status":"open","sticky":false,"template":"","format":"standard","meta":{"_uag_custom_page_level_css":"","footnotes":""},"categories":[27],"tags":[2356,2826,3210,3432,3707,5568,9221,10060,11839],"class_list":["post-7466","post","type-post","status-publish","format-standard","has-post-thumbnail","hentry","category-acontece","tag-clt-consolidacao-das-leis-do-trabalho","tag-construcao-civil","tag-crise-na-construcao-civil-persiste","tag-demissoes-na-construcao-civil","tag-direitos-trabalhistas","tag-governo-paralisado","tag-precarizacao-das-leis-trabalhistas","tag-reforma-trabalhista","tag-trabalhador-da-construcao-civil"],"blocksy_meta":[],"spectra_blocks_featured_image_url":[],"spectra_blocks_author_info":{"display_name":"Jornal da Constru\u00e7\u00e3o Civil","avatar_url":"https:\/\/secure.gravatar.com\/avatar\/973c9774fd44ddaceb026973c4962faa70fc512bc4c9da68e8ebb40fecee6540?s=96&d=mm&r=g","author_link":"https:\/\/construcaocivil.siriusmarketingedesign.com.br\/?author=1","description":"Desde de 2013, levando muitas informa\u00e7\u00f5es, lan\u00e7amentos e produtos de qualidade para toda cadeia produtiva da constru\u00e7\u00e3o. O Futuro da constru\u00e7\u00e3o passa por aqui,"},"uagb_featured_image_src":{"full":false,"thumbnail":false,"medium":false,"medium_large":false,"large":false,"1536x1536":false,"2048x2048":false},"uagb_author_info":{"display_name":"Jornal da Constru\u00e7\u00e3o Civil","author_link":"https:\/\/construcaocivil.siriusmarketingedesign.com.br\/?author=1"},"uagb_comment_info":0,"uagb_excerpt":"A partir deste m\u00eas de setembro o Sintraconst-Rio come\u00e7a a lan\u00e7ar uma s\u00e9rie de v\u00eddeos com o tema da Reforma Trabalhista. Setembro, 2017 &#8211; Produzidos pelo Departamento de Comunica\u00e7\u00e3o do Sindicato, os v\u00eddeos tratam das principais mudan\u00e7as na CLT (Consolida\u00e7\u00e3o das Leis do Trabalho), que come\u00e7am a vigorar em novembro, e que afetam diretamente os&hellip;","_links":{"self":[{"href":"https:\/\/construcaocivil.siriusmarketingedesign.com.br\/index.php?rest_route=\/wp\/v2\/posts\/7466","targetHints":{"allow":["GET"]}}],"collection":[{"href":"https:\/\/construcaocivil.siriusmarketingedesign.com.br\/index.php?rest_route=\/wp\/v2\/posts"}],"about":[{"href":"https:\/\/construcaocivil.siriusmarketingedesign.com.br\/index.php?rest_route=\/wp\/v2\/types\/post"}],"author":[{"embeddable":true,"href":"https:\/\/construcaocivil.siriusmarketingedesign.com.br\/index.php?rest_route=\/wp\/v2\/users\/1"}],"replies":[{"embeddable":true,"href":"https:\/\/construcaocivil.siriusmarketingedesign.com.br\/index.php?rest_route=%2Fwp%2Fv2%2Fcomments&post=7466"}],"version-history":[{"count":0,"href":"https:\/\/construcaocivil.siriusmarketingedesign.com.br\/index.php?rest_route=\/wp\/v2\/posts\/7466\/revisions"}],"wp:attachment":[{"href":"https:\/\/construcaocivil.siriusmarketingedesign.com.br\/index.php?rest_route=%2Fwp%2Fv2%2Fmedia&parent=7466"}],"wp:term":[{"taxonomy":"category","embeddable":true,"href":"https:\/\/construcaocivil.siriusmarketingedesign.com.br\/index.php?rest_route=%2Fwp%2Fv2%2Fcategories&post=7466"},{"taxonomy":"post_tag","embeddable":true,"href":"https:\/\/construcaocivil.siriusmarketingedesign.com.br\/index.php?rest_route=%2Fwp%2Fv2%2Ftags&post=7466"}],"curies":[{"name":"wp","href":"https:\/\/api.w.org\/{rel}","templated":true}]}}