{"id":7469,"date":"2017-09-04T12:51:41","date_gmt":"2017-09-04T15:51:41","guid":{"rendered":"http:\/\/www.jornaldaconstrucaocivil.com.br\/?p=7469"},"modified":"2017-09-04T12:51:41","modified_gmt":"2017-09-04T15:51:41","slug":"vendas-do-varejo-de-material-de-construcao-crescem-4-em-agosto","status":"publish","type":"post","link":"https:\/\/construcaocivil.siriusmarketingedesign.com.br\/?p=7469","title":{"rendered":"Vendas do varejo de material de constru\u00e7\u00e3o crescem 4% em agosto"},"content":{"rendered":"<p style=\"text-align: justify;\"><span style=\"color: #000080;\"><em><strong>Desempenho do setor no ano \u00e9 3% acima do mesmo per\u00edodo do ano passado. Nos \u00faltimos 12 meses, ainda h\u00e1 retra\u00e7\u00e3o de 2%<\/strong><\/em><\/span><\/p>\n<p style=\"text-align: justify;\"><span style=\"color: #000000;\"><span style=\"color: #993300;\">Setembro, 2017<\/span> &#8211; As vendas do varejo de material de constru\u00e7\u00e3o cresceram 4% em agosto, na compara\u00e7\u00e3o com o mesmo per\u00edodo de 2016. Na compara\u00e7\u00e3o com julho de 2017, o \u00edndice se manteve est\u00e1vel no m\u00eas. Os dados s\u00e3o da Pesquisa Tracking mensal da Anamaco, que entrevistou 530 lojistas entre os dias 27 a 31 de agosto.<\/span><\/p>\n<p style=\"text-align: justify;\"><span style=\"color: #000000;\"><span style=\"color: #000080;\"><em>&#8220;Com esses resultados, o volume de vendas no ano apresenta alta de 3%, se comparado ao mesmo per\u00edodo do ano passado. J\u00e1 nos \u00faltimos 12 meses, ainda estamos com retra\u00e7\u00e3o de 2%&#8221;<\/em><\/span>, explica o presidente da Anamaco, Cl\u00e1udio Conz.<\/span><\/p>\n<p style=\"text-align: justify;\"><span style=\"color: #000000;\">Segundo o estudo, o desempenho em agosto foi diferente nas regi\u00f5es do pa\u00eds. No Sudeste, metade das lojas do setor apresentaram desempenho est\u00e1vel no m\u00eas, j\u00e1 no Centro-Oeste e Sul, as lojas retra\u00edram 4% e 2%, respectivamente. No Norte e no Nordeste, no entanto, as vendas tiveram crescimento de 3% e 4% no per\u00edodo.<\/span><\/p>\n<p style=\"text-align: justify;\"><span style=\"color: #000000;\"><em><span style=\"color: #000080;\">&#8220;Os patamares tamb\u00e9m variam de acordo com as categorias pesquisadas. Cimento, por exemplo, ficou est\u00e1vel com rela\u00e7\u00e3o ao m\u00eas anterior, enquanto <span style=\"color: #993300;\">tintas, telhas de fibrocimento e revestimentos retra\u00edram<\/span>. Apesar disso, temos notado um aumento cont\u00ednuo de vendas de materiais b\u00e1sicos, o que indica que o pa\u00eds ainda passa por uma retomada de obras e reformas&#8221;<\/span><\/em>, completa Conz.<span style=\"color: #000080;\"><em> &#8220;As pessoas seguraram os gastos no setor o quanto puderam, mas chega uma hora que \u00e9 preciso retomar a obra parada ou iniciar aquela reforma que elas j\u00e1 vinham planejando h\u00e1 algum tempo. O momento \u00e9 de retomada da confian\u00e7a do consumidor e isso faz com que o nosso setor volte a se movimentar<\/em><\/span>&#8220;, completa.<\/span><\/p>\n<p style=\"text-align: justify;\"><span style=\"color: #000000;\">De acordo com a Anamaco, o segundo semestre, tradicionalmente, corresponde a 65% do volume de vendas no ano e a previs\u00e3o \u00e9 que at\u00e9 o final de 2017 o setor apresente crescimento de 5% sobre 2016. Por conta do<span style=\"color: #993300;\"> &#8220;Bus Tracking&#8221;<\/span>, que \u00e9 a possibilidade de incluir perguntas carona juntamente \u00e0 pesquisa mensal desenvolvida pela Anamaco, 52% dos lojistas responderam que devem fechar o ano com crescimento de at\u00e9 10% na compara\u00e7\u00e3o com o ano passado.<\/span><\/p>\n<p style=\"text-align: justify;\"><span style=\"color: #000000;\"><span style=\"color: #000080;\"><em>&#8220;H\u00e1 um sentimento de forte retomada das vendas em 2017, o que \u00e9 natural depois de termos passado por dois dos piores anos da nossa s\u00e9rie hist\u00f3rica&#8221;<\/em><\/span>, afirma Conz, completando: <span style=\"color: #000080;\"><em>&#8220;Em agosto, a CAIXA anunciou redu\u00e7\u00e3o das taxas de juros do <span style=\"color: #993300;\">Construcard<\/span>, al\u00e9m da disponibiliza\u00e7\u00e3o de novos limites pr\u00e9-aprovados para os clientes. Isso deve influenciar e muito as vendas no setor, pois a linha se torna mais competitiva e faz com que outros bancos tamb\u00e9m melhorem suas taxas de juros, ampliando o acesso ao cr\u00e9dito para o consumidor final, com melhores condi\u00e7\u00f5es de pagamento. Fora isso, at\u00e9 dezembro a CAIXA deve permitir que o cliente contrate o <span style=\"color: #993300;\">Construcard<\/span> na pr\u00f3pria loja, reduzindo a burocracia hoje existente para a libera\u00e7\u00e3o do financiamento e permitindo que o lojista fidelize o cliente que entra na loja buscando mais informa\u00e7\u00f5es sobre a linha&#8221;<\/em><\/span>, ressalta.<\/span><\/p>\n<p style=\"text-align: justify;\"><span style=\"color: #000000;\">Cerca de 1\/3 dos entrevistados pretendem fazer novos investimentos nos pr\u00f3ximos meses, e 12% t\u00eam a inten\u00e7\u00e3o de contatar novos funcion\u00e1rios j\u00e1 no m\u00eas de setembro. A pesquisa da Anamaco tamb\u00e9m indicou que 33% dos lojistas acreditam que ter\u00e3o um aumento no volume de vendas de at\u00e9 10% no m\u00eas de setembro.<\/span><\/p>\n<p style=\"text-align: justify;\"><span style=\"color: #000080;\"><em>A Pesquisa Tracking Anamaco tem o apoio da Anfacer, Abrafati e Instituto Crisotila Brasil.<\/em><\/span><\/p>\n<p style=\"text-align: justify;\">Fonte: Imprensa\/Anamaco<\/p>\n","protected":false},"excerpt":{"rendered":"<p>Desempenho do setor no ano \u00e9 3% acima do mesmo per\u00edodo do ano passado. Nos \u00faltimos 12 meses, ainda h\u00e1 retra\u00e7\u00e3o de 2% Setembro, 2017 &#8211; As vendas do varejo de material de constru\u00e7\u00e3o cresceram 4% em agosto, na compara\u00e7\u00e3o com o mesmo per\u00edodo de 2016. Na compara\u00e7\u00e3o com julho de 2017, o \u00edndice se [&hellip;]<\/p>\n","protected":false},"author":1,"featured_media":0,"comment_status":"open","ping_status":"open","sticky":false,"template":"","format":"standard","meta":{"_uag_custom_page_level_css":"","footnotes":""},"categories":[33],"tags":[705,1679,2827,2906,2991,3171,5076,6851,7005,12270,12293],"class_list":["post-7469","post","type-post","status-publish","format-standard","hentry","category-mercado","tag-anamaco","tag-caixa-economica-federal","tag-construcao-civil-melhora-em-2018","tag-construcard","tag-consumidor-retraido","tag-crescimento-maior-do-que-ano-de-2016","tag-financiamento","tag-liberacao-de-credito","tag-lojas-de-material-de-construcao","tag-vendas-de-cimentotelhastintas","tag-vendas-de-material-de-construcao-ritmo-lento"],"blocksy_meta":[],"spectra_blocks_featured_image_url":null,"spectra_blocks_author_info":{"display_name":"Jornal da Constru\u00e7\u00e3o Civil","avatar_url":"https:\/\/secure.gravatar.com\/avatar\/973c9774fd44ddaceb026973c4962faa70fc512bc4c9da68e8ebb40fecee6540?s=96&d=mm&r=g","author_link":"https:\/\/construcaocivil.siriusmarketingedesign.com.br\/?author=1","description":"Desde de 2013, levando muitas informa\u00e7\u00f5es, lan\u00e7amentos e produtos de qualidade para toda cadeia produtiva da constru\u00e7\u00e3o. O Futuro da constru\u00e7\u00e3o passa por aqui,"},"uagb_featured_image_src":{"full":false,"thumbnail":false,"medium":false,"medium_large":false,"large":false,"1536x1536":false,"2048x2048":false},"uagb_author_info":{"display_name":"Jornal da Constru\u00e7\u00e3o Civil","author_link":"https:\/\/construcaocivil.siriusmarketingedesign.com.br\/?author=1"},"uagb_comment_info":0,"uagb_excerpt":"Desempenho do setor no ano \u00e9 3% acima do mesmo per\u00edodo do ano passado. Nos \u00faltimos 12 meses, ainda h\u00e1 retra\u00e7\u00e3o de 2% Setembro, 2017 &#8211; As vendas do varejo de material de constru\u00e7\u00e3o cresceram 4% em agosto, na compara\u00e7\u00e3o com o mesmo per\u00edodo de 2016. Na compara\u00e7\u00e3o com julho de 2017, o \u00edndice se&hellip;","_links":{"self":[{"href":"https:\/\/construcaocivil.siriusmarketingedesign.com.br\/index.php?rest_route=\/wp\/v2\/posts\/7469","targetHints":{"allow":["GET"]}}],"collection":[{"href":"https:\/\/construcaocivil.siriusmarketingedesign.com.br\/index.php?rest_route=\/wp\/v2\/posts"}],"about":[{"href":"https:\/\/construcaocivil.siriusmarketingedesign.com.br\/index.php?rest_route=\/wp\/v2\/types\/post"}],"author":[{"embeddable":true,"href":"https:\/\/construcaocivil.siriusmarketingedesign.com.br\/index.php?rest_route=\/wp\/v2\/users\/1"}],"replies":[{"embeddable":true,"href":"https:\/\/construcaocivil.siriusmarketingedesign.com.br\/index.php?rest_route=%2Fwp%2Fv2%2Fcomments&post=7469"}],"version-history":[{"count":0,"href":"https:\/\/construcaocivil.siriusmarketingedesign.com.br\/index.php?rest_route=\/wp\/v2\/posts\/7469\/revisions"}],"wp:attachment":[{"href":"https:\/\/construcaocivil.siriusmarketingedesign.com.br\/index.php?rest_route=%2Fwp%2Fv2%2Fmedia&parent=7469"}],"wp:term":[{"taxonomy":"category","embeddable":true,"href":"https:\/\/construcaocivil.siriusmarketingedesign.com.br\/index.php?rest_route=%2Fwp%2Fv2%2Fcategories&post=7469"},{"taxonomy":"post_tag","embeddable":true,"href":"https:\/\/construcaocivil.siriusmarketingedesign.com.br\/index.php?rest_route=%2Fwp%2Fv2%2Ftags&post=7469"}],"curies":[{"name":"wp","href":"https:\/\/api.w.org\/{rel}","templated":true}]}}