{"id":7471,"date":"2017-09-04T17:14:04","date_gmt":"2017-09-04T20:14:04","guid":{"rendered":"http:\/\/www.jornaldaconstrucaocivil.com.br\/?p=7471"},"modified":"2017-09-04T17:14:04","modified_gmt":"2017-09-04T20:14:04","slug":"uberlandia-sera-a-capital-mineira-da-construcao-em-setembro","status":"publish","type":"post","link":"https:\/\/construcaocivil.siriusmarketingedesign.com.br\/?p=7471","title":{"rendered":"Uberl\u00e2ndia ser\u00e1 a capital mineira da constru\u00e7\u00e3o em setembro"},"content":{"rendered":"<p style=\"text-align: justify;\"><span style=\"color: #333399;\"><em><strong>O Minascon 2017, considerado o maior encontro unificado da cadeia produtiva do setor da constru\u00e7\u00e3o em Minas Gerais, ser\u00e1 realizado nos dias 11, 12 e 13 de setembro no Center Convention, em Uberl\u00e2ndia.<\/strong><\/em><\/span><\/p>\n<p style=\"text-align: justify;\"><span style=\"color: #000000;\"><span style=\"color: #993300;\">Setembro, 2017<\/span> &#8211; Durante os tr\u00eas dias, o evento \u2013 fruto da parceria entre Sistema Fiemg, Sebrae Minas, Sicepot-MG, Sinduscon-MG e Sinduscon-TAP \u2013 conta com uma vasta programa\u00e7\u00e3o que traz aos empres\u00e1rios e profissionais da \u00e1rea temas relevantes para o desenvolvimento do setor como tecnologia, inova\u00e7\u00e3o, sustentabilidade e economia, levando em conta o cen\u00e1rio da constru\u00e7\u00e3o e todas as implica\u00e7\u00f5es do assunto.<\/span><\/p>\n<p style=\"text-align: justify;\"><span style=\"color: #000000;\">Dentre os destaques da iniciativa, que tem como foco o conceito de <span style=\"color: #993300;\">&#8220;Construir mais com menos&#8221;<\/span>, est\u00e3o as presen\u00e7as do ministro do Trabalho, Ronaldo Nogueira, que tratar\u00e1 sobre Reforma Trabalhista; do presidente do Conselho de Administra\u00e7\u00e3o da MRV Engenharia, Rubens Menin e da secret\u00e1ria nacional de Habita\u00e7\u00e3o do Minist\u00e9rio das Cidades, Maria Henriqueta Arantes.<\/span><\/p>\n<p style=\"text-align: justify;\"><span style=\"color: #000000;\">O presidente do Sinduscon-TAP, Pedro Spina, ressaltou o objetivo do evento de criar um elo entre toda a cadeia produtiva do setor. Ele comentou que a partir desta edi\u00e7\u00e3o, o Minascon passa a ser itinerante e que \u00e9 um privil\u00e9gio para Uberl\u00e2ndia ser a primeira cidade a sediar a a\u00e7\u00e3o neste novo modelo. <span style=\"color: #000080;\"><em>&#8220;Nosso intuito \u00e9 o de fomentar a troca de experi\u00eancias entre as empresas do segmento, assim como criar um prop\u00f3sito de desenvolvimento e visibilidade para a cidade&#8221;.<\/em><\/span><\/span><\/p>\n<p style=\"text-align: justify;\"><span style=\"color: #000000;\">O presidente da C\u00e2mara da Ind\u00fastria da Constru\u00e7\u00e3o (CIC), Luiz Fernando Pires, enfatizou a maior integra\u00e7\u00e3o promovida pelo novo modelo do evento.<span style=\"color: #000080;\"><em> &#8220;O fato de ser itinerante \u00e9 positivo e gera um movimento em prol do setor em diferentes regi\u00f5es do estado. Al\u00e9m disso, \u00e9 relevante destacar a participa\u00e7\u00e3o da constru\u00e7\u00e3o pesada nesta nova fase,&#8221;<\/em><\/span> disse.<\/span><\/p>\n<p style=\"text-align: justify;\"><span style=\"color: #000000;\">J\u00e1 o presidente da Fiemg Regional Vale do Parana\u00edba, Everton Magalh\u00e3es, destacou o momento \u00edmpar vivido pela regi\u00e3o.<span style=\"color: #000080;\"><em> &#8220;Uberl\u00e2ndia est\u00e1 tendo o privil\u00e9gio de receber dois grandes eventos em um curto espa\u00e7o de tempo, o Cities \u2013 realizado nos dias 09 e 10 de agosto e o Minascon no pr\u00f3ximo m\u00eas. Isso representa a import\u00e2ncia do munic\u00edpio para a ind\u00fastria mineira, assim como do esfor\u00e7o que vem sendo feito aqui pelos nossos sindicatos,&#8221;<\/em><\/span> concluiu.<\/span><\/p>\n<p style=\"text-align: justify;\"><span style=\"color: #000000;\">Confira a programa\u00e7\u00e3o completa\u00a0<span style=\"text-decoration: underline;\"><span style=\"color: #0000ff;\"><a style=\"color: #0000ff;\" href=\"http:\/\/minascon.com.br\/wp-content\/uploads\/2017\/08\/Programa%C3%A7%C3%A3o-MINASCON_16_08.pdf\" target=\"_blank\" rel=\"noreferrer\"><span style=\"font-family: Arial, serif;\"><span style=\"font-size: medium;\">clicando aqui<\/span><\/span><\/a><\/span><\/span><\/span><\/p>\n","protected":false},"excerpt":{"rendered":"<p>O Minascon 2017, considerado o maior encontro unificado da cadeia produtiva do setor da constru\u00e7\u00e3o em Minas Gerais, ser\u00e1 realizado nos dias 11, 12 e 13 de setembro no Center Convention, em Uberl\u00e2ndia. Setembro, 2017 &#8211; Durante os tr\u00eas dias, o evento \u2013 fruto da parceria entre Sistema Fiemg, Sebrae Minas, Sicepot-MG, Sinduscon-MG e Sinduscon-TAP [&hellip;]<\/p>\n","protected":false},"author":1,"featured_media":0,"comment_status":"open","ping_status":"open","sticky":false,"template":"","format":"standard","meta":{"_uag_custom_page_level_css":"","footnotes":""},"categories":[27],"tags":[2826,2926,3856,7677,10758,11169,11470,11591,12020,12021],"class_list":["post-7471","post","type-post","status-publish","format-standard","hentry","category-acontece","tag-construcao-civil","tag-construir-mais-com-menos","tag-economia","tag-minascon-2017","tag-secretaria-nacional-de-habitacao-do-ministerio-das-cidades-maria-henriqueta-arantes","tag-sinduscon-tap","tag-sustentabilidade","tag-tecnologia-e-inovacao","tag-uberlandia-mg","tag-uberlandia-sera-a-capital-mineira-da-construcao"],"blocksy_meta":[],"spectra_blocks_featured_image_url":null,"spectra_blocks_author_info":{"display_name":"Jornal da Constru\u00e7\u00e3o Civil","avatar_url":"https:\/\/secure.gravatar.com\/avatar\/973c9774fd44ddaceb026973c4962faa70fc512bc4c9da68e8ebb40fecee6540?s=96&d=mm&r=g","author_link":"https:\/\/construcaocivil.siriusmarketingedesign.com.br\/?author=1","description":"Desde de 2013, levando muitas informa\u00e7\u00f5es, lan\u00e7amentos e produtos de qualidade para toda cadeia produtiva da constru\u00e7\u00e3o. O Futuro da constru\u00e7\u00e3o passa por aqui,"},"uagb_featured_image_src":{"full":false,"thumbnail":false,"medium":false,"medium_large":false,"large":false,"1536x1536":false,"2048x2048":false},"uagb_author_info":{"display_name":"Jornal da Constru\u00e7\u00e3o Civil","author_link":"https:\/\/construcaocivil.siriusmarketingedesign.com.br\/?author=1"},"uagb_comment_info":0,"uagb_excerpt":"O Minascon 2017, considerado o maior encontro unificado da cadeia produtiva do setor da constru\u00e7\u00e3o em Minas Gerais, ser\u00e1 realizado nos dias 11, 12 e 13 de setembro no Center Convention, em Uberl\u00e2ndia. Setembro, 2017 &#8211; Durante os tr\u00eas dias, o evento \u2013 fruto da parceria entre Sistema Fiemg, Sebrae Minas, Sicepot-MG, Sinduscon-MG e Sinduscon-TAP&hellip;","_links":{"self":[{"href":"https:\/\/construcaocivil.siriusmarketingedesign.com.br\/index.php?rest_route=\/wp\/v2\/posts\/7471","targetHints":{"allow":["GET"]}}],"collection":[{"href":"https:\/\/construcaocivil.siriusmarketingedesign.com.br\/index.php?rest_route=\/wp\/v2\/posts"}],"about":[{"href":"https:\/\/construcaocivil.siriusmarketingedesign.com.br\/index.php?rest_route=\/wp\/v2\/types\/post"}],"author":[{"embeddable":true,"href":"https:\/\/construcaocivil.siriusmarketingedesign.com.br\/index.php?rest_route=\/wp\/v2\/users\/1"}],"replies":[{"embeddable":true,"href":"https:\/\/construcaocivil.siriusmarketingedesign.com.br\/index.php?rest_route=%2Fwp%2Fv2%2Fcomments&post=7471"}],"version-history":[{"count":0,"href":"https:\/\/construcaocivil.siriusmarketingedesign.com.br\/index.php?rest_route=\/wp\/v2\/posts\/7471\/revisions"}],"wp:attachment":[{"href":"https:\/\/construcaocivil.siriusmarketingedesign.com.br\/index.php?rest_route=%2Fwp%2Fv2%2Fmedia&parent=7471"}],"wp:term":[{"taxonomy":"category","embeddable":true,"href":"https:\/\/construcaocivil.siriusmarketingedesign.com.br\/index.php?rest_route=%2Fwp%2Fv2%2Fcategories&post=7471"},{"taxonomy":"post_tag","embeddable":true,"href":"https:\/\/construcaocivil.siriusmarketingedesign.com.br\/index.php?rest_route=%2Fwp%2Fv2%2Ftags&post=7471"}],"curies":[{"name":"wp","href":"https:\/\/api.w.org\/{rel}","templated":true}]}}