{"id":7493,"date":"2017-09-04T17:02:59","date_gmt":"2017-09-04T20:02:59","guid":{"rendered":"http:\/\/www.jornaldaconstrucaocivil.com.br\/?p=7493"},"modified":"2017-09-04T17:02:59","modified_gmt":"2017-09-04T20:02:59","slug":"setor-bueno-recebera-primeiro-residencial-que-reune-painel-solar-pomar-e-horta","status":"publish","type":"post","link":"https:\/\/construcaocivil.siriusmarketingedesign.com.br\/?p=7493","title":{"rendered":"Setor Bueno receber\u00e1 primeiro residencial que re\u00fane painel solar, pomar e horta"},"content":{"rendered":"<p style=\"text-align: justify;\"><span style=\"color: #000000;\"><span style=\"color: #993300;\">Setembro, 2017<\/span> &#8211; Goi\u00e2nia \u00e9 conhecida como uma das capitais com mais \u00e1reas verdes por metro quadrado e por proporcionar a seus moradores um contato constante com a natureza em seus diversos parques e pra\u00e7as. \u00c9 acompanhando essa realidade da capital e com objetivo de levar mais qualidade de vida e sustentabilidade para dentro de casa, que o Setor Bueno receber\u00e1 o primeiro residencial que re\u00fane pomar, horta e painel solar: o Gaia Consciente Home.<\/span><\/p>\n<figure id=\"attachment_7494\" aria-describedby=\"caption-attachment-7494\" style=\"width: 300px\" class=\"wp-caption alignleft\"><a href=\"http:\/\/www.jornaldaconstrucaocivil.com.br\/wp-content\/uploads\/2017\/09\/TETO-VERDE-COM-PAINEL-SOLAR-e1504554985522.jpg\"><img loading=\"lazy\" decoding=\"async\" class=\"wp-image-7494 size-medium\" src=\"http:\/\/www.jornaldaconstrucaocivil.com.br\/wp-content\/uploads\/2017\/09\/TETO-VERDE-COM-PAINEL-SOLAR-300x169.jpg\" alt=\"TETO VERDE COM PAINEL SOLAR\" width=\"300\" height=\"169\" \/><\/a><figcaption id=\"caption-attachment-7494\" class=\"wp-caption-text\">Teto Verde com Painel Solar. Divulga\u00e7\u00e3o<\/figcaption><\/figure>\n<p style=\"text-align: justify;\"><span style=\"color: #000000;\">A proposta, que alia qualidade construtiva, conveni\u00eancias e sustentabilidade \u00e9 da Consciente Construtora e Incorporadora, que entregou em junho deste ano, no Setor Marista, o Botanic Consciente Life, primeiro empreendimento da capital com lago ornamental e bosque privativo. A construtora tem mais de 35 anos de experi\u00eancia no mercado e \u00e9 reconhecida por seus diferenciais como entrega no prazo, responsabilidade socioambiental e qualidade construtiva.<\/span><\/p>\n<p style=\"text-align: justify;\"><span style=\"color: #000000;\">Com lan\u00e7amento programado para setembro, o novo empreendimento ser\u00e1 erguido entre as ruas T-29 e T-44, pr\u00f3ximo a panificadoras, hipermercado, escolas, universidades, ag\u00eancias banc\u00e1rias e famosos restaurantes. O residencial apresentar\u00e1 v\u00e1rios itens de sustentabilidade como capta\u00e7\u00e3o de energia solar, reaproveitamento de \u00e1gua das chuvas, esta\u00e7\u00e3o preparada para separa\u00e7\u00e3o de lixo, ilumina\u00e7\u00e3o em LED nas \u00e1reas comuns e sistema de economia de \u00e1gua nas unidades, irriga\u00e7\u00e3o autom\u00e1tica nas \u00e1reas comuns e sensor de presen\u00e7a nos halls, garagem e caixa de escada.<\/span><\/p>\n<p style=\"text-align: justify;\"><span style=\"color: #000000;\">Totalmente inspirado na natureza, no conv\u00edvio com o verde e no meio ambiente, o Gaia Consciente Home surge para resgatar a naturalidade no dia a dia das pessoas, se adaptando ao estilo de vida das fam\u00edlias e tornando os momentos em casa cada vez mais especiais e \u00fanicos.<\/span><\/p>\n<p style=\"text-align: justify;\"><strong><span style=\"color: #000000;\">Sustentabilidade nas alturas<\/span><\/strong><\/p>\n<p style=\"text-align: justify;\"><span style=\"color: #000000;\">O novo lan\u00e7amento apresenta um diferencial para seus futuros moradores: um teto verde com painel solar e grande variedade de \u00e1rvores frut\u00edferas. As \u00e1rvores frut\u00edferas ser\u00e3o fundamentais para melhorar o microclima da regi\u00e3o e o painel solar, atrav\u00e9s de placas fotovoltaicas, vai captar a luz natural do sol e transformar em energia, proporcionando mais economia ao condom\u00ednio.<\/span><\/p>\n<figure id=\"attachment_7495\" aria-describedby=\"caption-attachment-7495\" style=\"width: 300px\" class=\"wp-caption alignright\"><a href=\"http:\/\/www.jornaldaconstrucaocivil.com.br\/wp-content\/uploads\/2017\/09\/POMAR2-e1504555123982.jpg\"><img loading=\"lazy\" decoding=\"async\" class=\"wp-image-7495 size-medium\" src=\"http:\/\/www.jornaldaconstrucaocivil.com.br\/wp-content\/uploads\/2017\/09\/POMAR2-300x169.jpg\" alt=\"POMAR2\" width=\"300\" height=\"169\" \/><\/a><figcaption id=\"caption-attachment-7495\" class=\"wp-caption-text\">Pomar. Divulga\u00e7\u00e3o<\/figcaption><\/figure>\n<p style=\"text-align: justify;\"><strong><span style=\"color: #000000;\">Natureza na pr\u00e1tica<\/span><\/strong><\/p>\n<p style=\"text-align: justify;\"><span style=\"color: #000000;\">Um pomar particular \u00e9 um dos diferenciais do novo lan\u00e7amento. A vegeta\u00e7\u00e3o ser\u00e1 mesclada com plantas ornamentais e nativas, com \u00e1rvores frut\u00edferas, como laranjeira, tangerina-morgote, lim\u00e3o siciliano, pitangueira, laranja kin-kan, maracuj\u00e1, jabuticabeira, rom\u00e3, ip\u00ea amarelo entre outras. Al\u00e9m disso, os moradores ter\u00e3o \u00e0 disposi\u00e7\u00e3o uma horta que receber\u00e1 diferentes temperos e hortali\u00e7as, a ideia \u00e9 que a fruta e os temperos sejam colhidos direto do p\u00e9, resgatando h\u00e1bitos importantes que muitas vezes se perdem no estilo de vida das grandes capitais.<\/span><\/p>\n<p style=\"text-align: justify;\"><span style=\"color: #000000;\">O paisagismo ser\u00e1 assinado pelo renomado arquiteto Guilherme Takeda, conhecido nacionalmente por desenvolver projetos com foco na sustentabilidade e o objetivo para este novo lan\u00e7amento n\u00e3o foi diferente: levar a natureza na pr\u00e1tica para o dia a dia dos moradores. Segundo o paisagista o projeto instiga o p\u00fablico a refletir sobre o que \u00e9 essencial: um bom conv\u00edvio em fam\u00edlia e a tranquilidade de um ref\u00fagio acolhedor em um conceito muito forte e contempor\u00e2neo: mais que morar, \u00e9 fundamental viver.<\/span><\/p>\n<p style=\"text-align: justify;\"><span style=\"color: #000000;\">De acordo com a designer de interiores e paisagista Jacqueline Adorno, respons\u00e1vel pelo projeto de interiores, o paisagismo do empreendimento traz um conceito de natureza e conviv\u00eancia.<span style=\"color: #000080;\"><em> &#8220;Com plantas frut\u00edferas, horta e pomar, a \u00e1rea de lazer ser\u00e1 o quintal de casa dentro de um condom\u00ednio vertical. A pessoa sai de casa e colhe uma fruta direto do p\u00e9. O mobili\u00e1rio utilizado se envolve com essa ideia, resgatando o conceito de pra\u00e7a e conviv\u00eancia em \u00e1reas externas&#8221;<\/em><\/span>, afirma.<\/span><\/p>\n<figure id=\"attachment_7496\" aria-describedby=\"caption-attachment-7496\" style=\"width: 300px\" class=\"wp-caption alignleft\"><a href=\"http:\/\/www.jornaldaconstrucaocivil.com.br\/wp-content\/uploads\/2017\/09\/CLOSET-SUITE-AMPLIADA-170M-e1504555270191.jpg\"><img loading=\"lazy\" decoding=\"async\" class=\"wp-image-7496 size-medium\" src=\"http:\/\/www.jornaldaconstrucaocivil.com.br\/wp-content\/uploads\/2017\/09\/CLOSET-SUITE-AMPLIADA-170M-300x181.jpg\" width=\"300\" height=\"181\" \/><\/a><figcaption id=\"caption-attachment-7496\" class=\"wp-caption-text\">Closet Suite Ampliada 170M. Divulga\u00e7\u00e3o<\/figcaption><\/figure>\n<p style=\"text-align: justify;\"><strong><span style=\"color: #000000;\">Plantas flex\u00edveis<\/span><\/strong><\/p>\n<p style=\"text-align: justify;\"><span style=\"color: #000000;\">Buscando atender \u00e0s mais diversas exig\u00eancias e se adaptar \u00e0 realidade de cada fam\u00edlia, o Gaia Consciente Home ser\u00e1 apresentado com plantas inteligentes e 3 diferentes metragens de 150,88m\u00b2, 157,59m\u00b2 e 170,98m\u00b2, que poder\u00e3o ser modificadas de acordo com a necessidade de cada cliente.<\/span><\/p>\n<p style=\"text-align: justify;\"><span style=\"color: #000000;\">As op\u00e7\u00f5es de 150 e 157m\u00b2 possuem tr\u00eas su\u00edtes, sendo uma master com closet e banheiro com duas cubas e duas duchas. J\u00e1 a terceira op\u00e7\u00e3o, de 170m\u00b2, apresentar\u00e1 tr\u00eas alternativas de uso do espa\u00e7o: a primeira com quatro quartos, duas su\u00edtes, sendo uma master com closet, sala e varanda; a segunda com tr\u00eas su\u00edtes, uma delas master com closet, sala ampliada e varanda; e a \u00faltima com tr\u00eas su\u00edtes, uma master com closet ampliado, sala e varanda.<\/span><\/p>\n<p style=\"text-align: justify;\"><span style=\"color: #000000;\">Nos apartamentos de 170m\u00b2, os arquitetos Camila In\u00e1cio e Luiz Araujo, respons\u00e1veis pelo projeto, refor\u00e7am a versatilidade das plantas que se adaptam a diferentes usos do mesmo espa\u00e7o. <span style=\"color: #000080;\"><em>&#8220;O futuro morador poder\u00e1, por exemplo, retirar um dos quartos para amplia\u00e7\u00e3o da sala ou closet, conforme a escolha e necessidade de cada um&#8221;, afirma Camila. O destaque vai para a cozinha e \u00e1rea de servi\u00e7o, ambas com ventila\u00e7\u00e3o natural&#8221;<\/em><\/span>, completa.<\/span><\/p>\n<p style=\"text-align: justify;\"><span style=\"color: #000000;\">Entre os diferenciais dos apartamentos, est\u00e3o elevador privativo, lavabo reservado, cozinha e \u00e1rea de servi\u00e7o e banheiros com ventila\u00e7\u00e3o natural, rede frigor\u00edgena para ar condicionado nas su\u00edtes e na sala, banho de servi\u00e7o, varanda gourmet com churrasqueira a carv\u00e3o e bancada com cuba de apoio.<\/span><\/p>\n<p style=\"text-align: justify;\"><span style=\"color: #000000;\">A su\u00edte master ainda ter\u00e1 diferenciais exclusivos como, closet e ampla janela em &#8220;L&#8221; com persiana integrada e automatizada. <span style=\"color: #000080;\"><em>&#8220;As op\u00e7\u00f5es com closet ampliado atendem os casais com necessidade de maior espa\u00e7o para arm\u00e1rios, podendo reverter parte desses arm\u00e1rios para roupeiros ou mantendo todos para o quarto num amplo closet. A grande janela permite vista da cidade e sensa\u00e7\u00e3o de amplitude do ambiente<\/em><\/span>&#8220;, ressalta a arquiteta&#8221;.<\/span><\/p>\n<p style=\"text-align: justify;\"><strong><span style=\"color: #000000;\">Mais itens<\/span><\/strong><\/p>\n<p style=\"text-align: justify;\"><span style=\"color: #000000;\">Ao todo, ser\u00e3o 37.077,48m\u00b2 de \u00e1rea constru\u00edda, em uma torre de 36 pavimentos, 33 deles habit\u00e1veis, com 132 apartamentos no total. O empreendimento ter\u00e1 dois subsolos, t\u00e9rreo, dois mezaninos-garagem, mezanino lazer, \u00e1rea verde de 947,89m\u00b2 e \u00e1rea de lazer total de 1.965,51m\u00b2. Os moradores &#8211; e visitantes &#8211; ser\u00e3o contemplados ainda com port coch\u00e8re (estrutura que facilita o tr\u00e2nsito de ve\u00edculos nas imedia\u00e7\u00f5es) e port\u00f5es independentes para entrada e sa\u00edda de ve\u00edculos. O projeto, segundo os arquitetos, foi elaborado para ser contempor\u00e2neo, com cores neutras e acabamentos que remetem a elementos e tons da natureza, como madeira, pedra e areia.<\/span><\/p>\n<p style=\"text-align: justify;\"><span style=\"color: #000000;\">Com quase 2.000m\u00b2, a \u00e1rea de lazer ser\u00e1 constitu\u00edda por 21 itens, entre eles: \u00e1rea fitness com pilates, varanda fitness, sauna com descanso e duchas, varanda de jogos, lounge gourmet, espa\u00e7o gourmet com churrasqueira, varanda gourmet, sal\u00e3o de festas e sal\u00e3o de festas kids, brinquedoteca e playground. Haver\u00e1 ainda quadra poliesportiva, pomar, piscinas, espa\u00e7o beleza, banho pet e lounge zen.<\/span><\/p>\n<p style=\"text-align: justify;\"><strong><span style=\"color: #000000;\">Localiza\u00e7\u00e3o<\/span><\/strong><\/p>\n<p style=\"text-align: justify;\"><span style=\"color: #000000;\">De acordo com o gerente comercial Rafael Rabelo, al\u00e9m de todos os itens de sustentabilidade e inova\u00e7\u00f5es na \u00e1rea de lazer e nas plantas dos apartamentos, a localiza\u00e7\u00e3o \u00e9 outro ponto forte do empreendimento. &#8220;Morando no Setor Bueno, estamos perto de toda a rede de servi\u00e7os da cidade. S\u00e3o escolas, supermercados, feiras, hospitais, restaurantes, bares, cursos. A poucos minutos de deslocamento \u00e9 poss\u00edvel ter acesso a tudo que se utiliza no dia a dia, como panificadores e hipermercado, por exemplo. \u00c9 isso que encontramos na regi\u00e3o da T-29. Isso torna a localiza\u00e7\u00e3o mais atraente n\u00e3o s\u00f3 para quem quer morar, mas para quem deseja investir e pensa na revenda&#8221;, destaca o gerente.<\/span><\/p>\n<p style=\"text-align: justify;\"><span style=\"color: #000000;\">Al\u00e9m dessas conveni\u00eancias, o empreendimento estar\u00e1 a poucos passos das principais vias de acesso da cidade como as avenidas T-1, T-2, Mutir\u00e3o e T-7.<\/span><\/p>\n","protected":false},"excerpt":{"rendered":"<p>Setembro, 2017 &#8211; Goi\u00e2nia \u00e9 conhecida como uma das capitais com mais \u00e1reas verdes por metro quadrado e por proporcionar a seus moradores um contato constante com a natureza em seus diversos parques e pra\u00e7as. \u00c9 acompanhando essa realidade da capital e com objetivo de levar mais qualidade de vida e sustentabilidade para dentro de [&hellip;]<\/p>\n","protected":false},"author":1,"featured_media":7494,"comment_status":"open","ping_status":"open","sticky":false,"template":"","format":"standard","meta":{"_uag_custom_page_level_css":"","footnotes":""},"categories":[30],"tags":[2764,2917,4139,4305,4315,5514,5927,7443,7563,8969,11028,11736],"class_list":["post-7493","post","type-post","status-publish","format-standard","has-post-thumbnail","hentry","category-imoveis","tag-consciente-construtora-e-incorporadora","tag-construcoes-sustentaveis","tag-empreendimentos-imobiliarios","tag-energia-limpa","tag-energia-solar","tag-goiania-go","tag-imoveis-e-casas","tag-meio-ambiente-e-sustentabilidade","tag-mercado-imobiliario","tag-placas-fotovoltaicas","tag-setor-marista","tag-teto-solar"],"blocksy_meta":[],"spectra_blocks_featured_image_url":[],"spectra_blocks_author_info":{"display_name":"Jornal da Constru\u00e7\u00e3o Civil","avatar_url":"https:\/\/secure.gravatar.com\/avatar\/973c9774fd44ddaceb026973c4962faa70fc512bc4c9da68e8ebb40fecee6540?s=96&d=mm&r=g","author_link":"https:\/\/construcaocivil.siriusmarketingedesign.com.br\/?author=1","description":"Desde de 2013, levando muitas informa\u00e7\u00f5es, lan\u00e7amentos e produtos de qualidade para toda cadeia produtiva da constru\u00e7\u00e3o. O Futuro da constru\u00e7\u00e3o passa por aqui,"},"uagb_featured_image_src":{"full":false,"thumbnail":false,"medium":false,"medium_large":false,"large":false,"1536x1536":false,"2048x2048":false},"uagb_author_info":{"display_name":"Jornal da Constru\u00e7\u00e3o Civil","author_link":"https:\/\/construcaocivil.siriusmarketingedesign.com.br\/?author=1"},"uagb_comment_info":0,"uagb_excerpt":"Setembro, 2017 &#8211; Goi\u00e2nia \u00e9 conhecida como uma das capitais com mais \u00e1reas verdes por metro quadrado e por proporcionar a seus moradores um contato constante com a natureza em seus diversos parques e pra\u00e7as. \u00c9 acompanhando essa realidade da capital e com objetivo de levar mais qualidade de vida e sustentabilidade para dentro de&hellip;","_links":{"self":[{"href":"https:\/\/construcaocivil.siriusmarketingedesign.com.br\/index.php?rest_route=\/wp\/v2\/posts\/7493","targetHints":{"allow":["GET"]}}],"collection":[{"href":"https:\/\/construcaocivil.siriusmarketingedesign.com.br\/index.php?rest_route=\/wp\/v2\/posts"}],"about":[{"href":"https:\/\/construcaocivil.siriusmarketingedesign.com.br\/index.php?rest_route=\/wp\/v2\/types\/post"}],"author":[{"embeddable":true,"href":"https:\/\/construcaocivil.siriusmarketingedesign.com.br\/index.php?rest_route=\/wp\/v2\/users\/1"}],"replies":[{"embeddable":true,"href":"https:\/\/construcaocivil.siriusmarketingedesign.com.br\/index.php?rest_route=%2Fwp%2Fv2%2Fcomments&post=7493"}],"version-history":[{"count":0,"href":"https:\/\/construcaocivil.siriusmarketingedesign.com.br\/index.php?rest_route=\/wp\/v2\/posts\/7493\/revisions"}],"wp:attachment":[{"href":"https:\/\/construcaocivil.siriusmarketingedesign.com.br\/index.php?rest_route=%2Fwp%2Fv2%2Fmedia&parent=7493"}],"wp:term":[{"taxonomy":"category","embeddable":true,"href":"https:\/\/construcaocivil.siriusmarketingedesign.com.br\/index.php?rest_route=%2Fwp%2Fv2%2Fcategories&post=7493"},{"taxonomy":"post_tag","embeddable":true,"href":"https:\/\/construcaocivil.siriusmarketingedesign.com.br\/index.php?rest_route=%2Fwp%2Fv2%2Ftags&post=7493"}],"curies":[{"name":"wp","href":"https:\/\/api.w.org\/{rel}","templated":true}]}}