{"id":7511,"date":"2017-09-05T19:41:48","date_gmt":"2017-09-05T22:41:48","guid":{"rendered":"http:\/\/www.jornaldaconstrucaocivil.com.br\/?p=7511"},"modified":"2017-09-05T19:41:48","modified_gmt":"2017-09-05T22:41:48","slug":"copcbic-alerta-que-nao-e-o-pac-que-esta-em-extincao-mas-as-empresas-que-estao-definhando-e-a-sociedade-sem-saneamento-e-transportes","status":"publish","type":"post","link":"https:\/\/construcaocivil.siriusmarketingedesign.com.br\/?p=7511","title":{"rendered":"COP\/CBIC alerta que n\u00e3o \u00e9 o PAC que est\u00e1 em extin\u00e7\u00e3o, mas as empresas que est\u00e3o definhando e a sociedade sem saneamento e transportes"},"content":{"rendered":"<p style=\"text-align: justify;\"><span style=\"color: #000000;\"><span style=\"color: #993300;\"><a href=\"http:\/\/www.jornaldaconstrucaocivil.com.br\/wp-content\/uploads\/2017\/09\/PAC-CRISE.jpg\"><img loading=\"lazy\" decoding=\"async\" class=\"size-medium wp-image-7512 alignleft\" src=\"http:\/\/www.jornaldaconstrucaocivil.com.br\/wp-content\/uploads\/2017\/09\/PAC-CRISE-300x145.jpg\" alt=\"PAC CRISE\" width=\"300\" height=\"145\" \/><\/a>Setembro, 2017<\/span> &#8211; Em Comunicado COP\/CBIC enviado nesta ter\u00e7a-feira (05\/09), o presidente da Comiss\u00e3o de Infraestrutura (COP) da CBIC, Carlos Eduardo Lima Jorge, questiona o que as tr\u00eas manchetes acima, publicadas nos \u00faltimos dias nos jornais Folha de S.Paulo e Valor Econ\u00f4mico t\u00eam em comum? Segundo Carlos Eduardo, primeiro, a discreta comemora\u00e7\u00e3o do aumento de 0,2% do PIB no segundo trimestre, puxado pelo setor de servi\u00e7os. <span style=\"color: #0000ff;\">A ind\u00fastria recuou 0,5%, afetada principalmente pelo recuo de 2% da ind\u00fastria da constru\u00e7\u00e3o (sexto tombo consecutivo)<\/span> Em segundo lugar, o consenso de que a recupera\u00e7\u00e3o mais vigorosa da economia, passa necessariamente pelos investimentos em infraestrutura.<\/span><\/p>\n<p style=\"text-align: justify;\"><span style=\"color: #000000;\">Consenso que, na pr\u00e1tica, segundo ele, cai por terra quando vamos para a manchete <span style=\"color: #993300;\">&#8220;PAC em extin\u00e7\u00e3o&#8221;<\/span>. Carlos Eduardo continua: semana passada, respondendo pergunta de jornalista da Folha de S.Paulo sobre a p\u00edfia reserva de R$ 2 bilh\u00f5es para o PAC no or\u00e7amento de 2018, disparei a falar \u2013 e acho que falei tanto que rendeu o editorial publicado hoje na Folha. (\u00cdntegra da mat\u00e9ria). Disse ao jornalista que entend\u00edamos perfeitamente as restri\u00e7\u00f5es or\u00e7ament\u00e1rias a que o pa\u00eds est\u00e1 submetido, fruto de pol\u00edticas econ\u00f4micas irrespons\u00e1veis do passado mais recente. Mas que diante desse quadro, ao lado das iniciativas para impulsionar as Concess\u00f5es e PPPs, o governo teria como prioridade a melhoria na gest\u00e3o dos recursos, buscando a melhor efici\u00eancia poss\u00edvel nos seus limitados investimentos.<\/span><\/p>\n<figure id=\"attachment_7513\" aria-describedby=\"caption-attachment-7513\" style=\"width: 300px\" class=\"wp-caption alignright\"><a href=\"http:\/\/www.jornaldaconstrucaocivil.com.br\/wp-content\/uploads\/2017\/09\/Petrobras-Azul-e1504650980577.jpg\"><img loading=\"lazy\" decoding=\"async\" class=\"wp-image-7513 size-medium\" src=\"http:\/\/www.jornaldaconstrucaocivil.com.br\/wp-content\/uploads\/2017\/09\/Petrobras-Azul-300x225.jpg\" alt=\"Petrobras Azul\" width=\"300\" height=\"225\" \/><\/a><figcaption id=\"caption-attachment-7513\" class=\"wp-caption-text\">Protesto trabalhadores da Constru\u00e7\u00e3o Civil &#8211; COMPERJ. Cr\u00e9ditos: JCC<\/figcaption><\/figure>\n<p style=\"text-align: justify;\"><span style=\"color: #000000;\">E como pensar em melhoria na gest\u00e3o, quando o que predomina no setor p\u00fablico ainda \u00e9 o <span style=\"color: #993300;\">&#8220;toma l\u00e1, d\u00e1 c\u00e1&#8221;<\/span> do balc\u00e3o de apoio parlamentar ao programa de governo? A realidade que nos \u00e9 percebida \u00e9 que ao parlamento interessa um governo enfraquecido, para poder precificar seu apoio. Onde fica o chamado<span style=\"color: #993300;\"> &#8220;esp\u00edrito republicano&#8221;?<\/span> N\u00e3o \u00e9 o PAC que est\u00e1 em extin\u00e7\u00e3o. S\u00e3o nossas empresas que est\u00e3o definhando. E a sociedade que fica sem saneamento, sem transportes, entre outras car\u00eancias.<\/span><\/p>\n<p style=\"text-align: justify;\"><span style=\"color: #000000;\">Devemos sim cobrar urg\u00eancia do Executivo nos programas e projetos de Concess\u00f5es e PPPs, em especial daqueles que envolvem os munic\u00edpios. Mas devemos tamb\u00e9m cobrar dos nossos parlamentares, o m\u00ednimo de preocupa\u00e7\u00e3o com os destinos do pa\u00eds, de nossas empresas, de nossos trabalhadores. E que parem de agir e de decidir pautados apenas pelas condicionantes eleitorais que interessam a cada um.<\/span><\/p>\n<p style=\"text-align: justify;\"><span style=\"color: #993300;\">Fonte: Boletim CBIC\u00a0<\/span><\/p>\n","protected":false},"excerpt":{"rendered":"<p>Setembro, 2017 &#8211; Em Comunicado COP\/CBIC enviado nesta ter\u00e7a-feira (05\/09), o presidente da Comiss\u00e3o de Infraestrutura (COP) da CBIC, Carlos Eduardo Lima Jorge, questiona o que as tr\u00eas manchetes acima, publicadas nos \u00faltimos dias nos jornais Folha de S.Paulo e Valor Econ\u00f4mico t\u00eam em comum? Segundo Carlos Eduardo, primeiro, a discreta comemora\u00e7\u00e3o do aumento de [&hellip;]<\/p>\n","protected":false},"author":1,"featured_media":7512,"comment_status":"open","ping_status":"open","sticky":false,"template":"","format":"standard","meta":{"_uag_custom_page_level_css":"","footnotes":""},"categories":[27],"tags":[1852,2385,2483,3070,3889,4542,6326,8563,9957],"class_list":["post-7511","post","type-post","status-publish","format-standard","has-post-thumbnail","hentry","category-acontece","tag-carlos-eduardo-lima-jorge-presidente-da-cop-comissao-de-infraestrutura-da-cbic","tag-cobrar-urgente-programas-e-projetos-de-concessoes-e-ppps","tag-comissao-de-infraestrutura-cop","tag-copcbic-alerta-construcao-civil-em-perigo","tag-economia-nao-tem-nada-para-comemorar","tag-espirito-republicano","tag-investimentos-em-infraestrutura","tag-pac-em-extincao","tag-recuo-de-2-da-industria-da-construcao"],"blocksy_meta":[],"spectra_blocks_featured_image_url":[],"spectra_blocks_author_info":{"display_name":"Jornal da Constru\u00e7\u00e3o Civil","avatar_url":"https:\/\/secure.gravatar.com\/avatar\/973c9774fd44ddaceb026973c4962faa70fc512bc4c9da68e8ebb40fecee6540?s=96&d=mm&r=g","author_link":"https:\/\/construcaocivil.siriusmarketingedesign.com.br\/?author=1","description":"Desde de 2013, levando muitas informa\u00e7\u00f5es, lan\u00e7amentos e produtos de qualidade para toda cadeia produtiva da constru\u00e7\u00e3o. O Futuro da constru\u00e7\u00e3o passa por aqui,"},"uagb_featured_image_src":{"full":false,"thumbnail":false,"medium":false,"medium_large":false,"large":false,"1536x1536":false,"2048x2048":false},"uagb_author_info":{"display_name":"Jornal da Constru\u00e7\u00e3o Civil","author_link":"https:\/\/construcaocivil.siriusmarketingedesign.com.br\/?author=1"},"uagb_comment_info":0,"uagb_excerpt":"Setembro, 2017 &#8211; Em Comunicado COP\/CBIC enviado nesta ter\u00e7a-feira (05\/09), o presidente da Comiss\u00e3o de Infraestrutura (COP) da CBIC, Carlos Eduardo Lima Jorge, questiona o que as tr\u00eas manchetes acima, publicadas nos \u00faltimos dias nos jornais Folha de S.Paulo e Valor Econ\u00f4mico t\u00eam em comum? Segundo Carlos Eduardo, primeiro, a discreta comemora\u00e7\u00e3o do aumento de&hellip;","_links":{"self":[{"href":"https:\/\/construcaocivil.siriusmarketingedesign.com.br\/index.php?rest_route=\/wp\/v2\/posts\/7511","targetHints":{"allow":["GET"]}}],"collection":[{"href":"https:\/\/construcaocivil.siriusmarketingedesign.com.br\/index.php?rest_route=\/wp\/v2\/posts"}],"about":[{"href":"https:\/\/construcaocivil.siriusmarketingedesign.com.br\/index.php?rest_route=\/wp\/v2\/types\/post"}],"author":[{"embeddable":true,"href":"https:\/\/construcaocivil.siriusmarketingedesign.com.br\/index.php?rest_route=\/wp\/v2\/users\/1"}],"replies":[{"embeddable":true,"href":"https:\/\/construcaocivil.siriusmarketingedesign.com.br\/index.php?rest_route=%2Fwp%2Fv2%2Fcomments&post=7511"}],"version-history":[{"count":0,"href":"https:\/\/construcaocivil.siriusmarketingedesign.com.br\/index.php?rest_route=\/wp\/v2\/posts\/7511\/revisions"}],"wp:attachment":[{"href":"https:\/\/construcaocivil.siriusmarketingedesign.com.br\/index.php?rest_route=%2Fwp%2Fv2%2Fmedia&parent=7511"}],"wp:term":[{"taxonomy":"category","embeddable":true,"href":"https:\/\/construcaocivil.siriusmarketingedesign.com.br\/index.php?rest_route=%2Fwp%2Fv2%2Fcategories&post=7511"},{"taxonomy":"post_tag","embeddable":true,"href":"https:\/\/construcaocivil.siriusmarketingedesign.com.br\/index.php?rest_route=%2Fwp%2Fv2%2Ftags&post=7511"}],"curies":[{"name":"wp","href":"https:\/\/api.w.org\/{rel}","templated":true}]}}