{"id":7518,"date":"2017-09-06T15:45:58","date_gmt":"2017-09-06T18:45:58","guid":{"rendered":"http:\/\/www.jornaldaconstrucaocivil.com.br\/?p=7518"},"modified":"2017-09-06T15:45:58","modified_gmt":"2017-09-06T18:45:58","slug":"sil-realiza-treinamento-na-feira-de-eletrica-leroy-merlin","status":"publish","type":"post","link":"https:\/\/construcaocivil.siriusmarketingedesign.com.br\/?p=7518","title":{"rendered":"SIL realiza treinamento na Feira de El\u00e9trica Leroy Merlin"},"content":{"rendered":"<p style=\"text-align: justify;\"><span style=\"color: #000080;\"><em>Nos treinamentos da empresa, os colaboradores das lojas agregam mais conhecimento sobre os Cabos FlexSil e AtoxSil<\/em><\/span><\/p>\n<figure id=\"attachment_7519\" aria-describedby=\"caption-attachment-7519\" style=\"width: 300px\" class=\"wp-caption alignleft\"><a href=\"http:\/\/www.jornaldaconstrucaocivil.com.br\/wp-content\/uploads\/2017\/09\/SIL-e1504723276744.jpg\"><img loading=\"lazy\" decoding=\"async\" class=\"wp-image-7519 size-medium\" src=\"http:\/\/www.jornaldaconstrucaocivil.com.br\/wp-content\/uploads\/2017\/09\/SIL-300x225.jpg\" alt=\"SIL\" width=\"300\" height=\"225\" \/><\/a><figcaption id=\"caption-attachment-7519\" class=\"wp-caption-text\">Sil realiza treinamento na Feira de El\u00e9trica Leroy Merlin. Divulga\u00e7\u00e3o<\/figcaption><\/figure>\n<p style=\"text-align: justify;\"><span style=\"color: #000000;\"><span style=\"color: #993300;\">Setembro, 2017<\/span> &#8211; A SIL Fios e Cabos El\u00e9tricos est\u00e1 participando de agosto a outubro da Feira de El\u00e9trica Leroy Merlin, promovida pela Universidade Leroy Merlin, que percorrer\u00e1 o Brasil e atingir\u00e1 todas as lojas do home center. Como abordagem principal, todos recebem informa\u00e7\u00f5es t\u00e9cnicas sobre os produtos que comercializam nas lojas, a forma correta de utiliz\u00e1-los e seus diferenciais. O primeiro treinamento, do qual participaram colaboradores do setor el\u00e9trico das lojas da Grande S\u00e3o Paulo e do Interior, aconteceu na loja da Raposo Tavares, em S\u00e3o Paulo (SP), nos dias 15, 16 e 17 de agosto.<\/span><\/p>\n<p style=\"text-align: justify;\"><span style=\"color: #000000;\">No espa\u00e7o da SIL os treinandos v\u00e3o conhecer, reciclar e tirar todas as d\u00favidas sobre fios, cabos e cabos flex\u00edveis. O conte\u00fado apresentado \u00e9 o B\u00e1sico I &#8211; Condutores El\u00e9tricos de Baixa Tens\u00e3o, acrescentado de parte do B\u00e1sico II &#8211; Aspectos Gerais de uma Instala\u00e7\u00e3o El\u00e9trica, com abordagem, principalmente, para os cabos FlexSil 750V e AtoxSil 750V, para demonstrar a diferen\u00e7a entre os dois.<\/span><\/p>\n<p style=\"text-align: justify;\"><span style=\"color: #000000;\">Nelson Volyk, gerente de Engenharia de Produto da SIL e o respons\u00e1vel da empresa durante os treinamentos, exalta a import\u00e2ncia da iniciativa da Leroy Merlin uma vez que o entendimento dos produtos e suas formas de instala\u00e7\u00e3o facilitam o correto apoio aos consumidores, al\u00e9m do conhecimento adquirido sobre a qualidade dos produtos SIL e o problema daqueles fora de norma encontrados no mercado e que colocam em risco a seguran\u00e7a de todos: <span style=\"color: #000080;\"><em>\u201cN\u00e3o por outro motivo a SIL n\u00e3o se cansa de refor\u00e7ar em todas as oportunidades a import\u00e2ncia de se ter uma instala\u00e7\u00e3o el\u00e9trica bem feita e de sempre se preocupar em utilizar materiais normatizados e de qualidade. Por isso, n\u00e3o poder\u00edamos ficar de fora desta grande a\u00e7\u00e3o com a Universidade Leroy Merlin. \u00c9 uma atitude louv\u00e1vel em prol do consumo consciente e respons\u00e1vel\u201d<\/em><\/span>.<\/span><\/p>\n","protected":false},"excerpt":{"rendered":"<p>Nos treinamentos da empresa, os colaboradores das lojas agregam mais conhecimento sobre os Cabos FlexSil e AtoxSil Setembro, 2017 &#8211; A SIL Fios e Cabos El\u00e9tricos est\u00e1 participando de agosto a outubro da Feira de El\u00e9trica Leroy Merlin, promovida pela Universidade Leroy Merlin, que percorrer\u00e1 o Brasil e atingir\u00e1 todas as lojas do home center. [&hellip;]<\/p>\n","protected":false},"author":1,"featured_media":7519,"comment_status":"open","ping_status":"open","sticky":false,"template":"","format":"standard","meta":{"_uag_custom_page_level_css":"","footnotes":""},"categories":[27],"tags":[1312,1646,4031,6844,7022,7370,9561,11087],"class_list":["post-7518","post","type-post","status-publish","format-standard","has-post-thumbnail","hentry","category-acontece","tag-basico-i-condutores-eletricos-de-baixa-tensao","tag-cabos-e-fios-eletricos","tag-eletricista","tag-leroy-merlin","tag-lojistas-de-todo-o-brasil","tag-material-eletrico","tag-profissionais-e-tecnicos","tag-sil-realiza-treinamento-na-feira-de-eletrica-leroy-merlin"],"blocksy_meta":[],"spectra_blocks_featured_image_url":[],"spectra_blocks_author_info":{"display_name":"Jornal da Constru\u00e7\u00e3o Civil","avatar_url":"https:\/\/secure.gravatar.com\/avatar\/973c9774fd44ddaceb026973c4962faa70fc512bc4c9da68e8ebb40fecee6540?s=96&d=mm&r=g","author_link":"https:\/\/construcaocivil.siriusmarketingedesign.com.br\/?author=1","description":"Desde de 2013, levando muitas informa\u00e7\u00f5es, lan\u00e7amentos e produtos de qualidade para toda cadeia produtiva da constru\u00e7\u00e3o. O Futuro da constru\u00e7\u00e3o passa por aqui,"},"uagb_featured_image_src":{"full":false,"thumbnail":false,"medium":false,"medium_large":false,"large":false,"1536x1536":false,"2048x2048":false},"uagb_author_info":{"display_name":"Jornal da Constru\u00e7\u00e3o Civil","author_link":"https:\/\/construcaocivil.siriusmarketingedesign.com.br\/?author=1"},"uagb_comment_info":0,"uagb_excerpt":"Nos treinamentos da empresa, os colaboradores das lojas agregam mais conhecimento sobre os Cabos FlexSil e AtoxSil Setembro, 2017 &#8211; A SIL Fios e Cabos El\u00e9tricos est\u00e1 participando de agosto a outubro da Feira de El\u00e9trica Leroy Merlin, promovida pela Universidade Leroy Merlin, que percorrer\u00e1 o Brasil e atingir\u00e1 todas as lojas do home center.&hellip;","_links":{"self":[{"href":"https:\/\/construcaocivil.siriusmarketingedesign.com.br\/index.php?rest_route=\/wp\/v2\/posts\/7518","targetHints":{"allow":["GET"]}}],"collection":[{"href":"https:\/\/construcaocivil.siriusmarketingedesign.com.br\/index.php?rest_route=\/wp\/v2\/posts"}],"about":[{"href":"https:\/\/construcaocivil.siriusmarketingedesign.com.br\/index.php?rest_route=\/wp\/v2\/types\/post"}],"author":[{"embeddable":true,"href":"https:\/\/construcaocivil.siriusmarketingedesign.com.br\/index.php?rest_route=\/wp\/v2\/users\/1"}],"replies":[{"embeddable":true,"href":"https:\/\/construcaocivil.siriusmarketingedesign.com.br\/index.php?rest_route=%2Fwp%2Fv2%2Fcomments&post=7518"}],"version-history":[{"count":0,"href":"https:\/\/construcaocivil.siriusmarketingedesign.com.br\/index.php?rest_route=\/wp\/v2\/posts\/7518\/revisions"}],"wp:attachment":[{"href":"https:\/\/construcaocivil.siriusmarketingedesign.com.br\/index.php?rest_route=%2Fwp%2Fv2%2Fmedia&parent=7518"}],"wp:term":[{"taxonomy":"category","embeddable":true,"href":"https:\/\/construcaocivil.siriusmarketingedesign.com.br\/index.php?rest_route=%2Fwp%2Fv2%2Fcategories&post=7518"},{"taxonomy":"post_tag","embeddable":true,"href":"https:\/\/construcaocivil.siriusmarketingedesign.com.br\/index.php?rest_route=%2Fwp%2Fv2%2Ftags&post=7518"}],"curies":[{"name":"wp","href":"https:\/\/api.w.org\/{rel}","templated":true}]}}