{"id":752,"date":"2016-01-23T20:10:15","date_gmt":"2016-01-23T20:10:15","guid":{"rendered":"http:\/\/www.jornaldaconstrucaocivil.com.br\/?p=752"},"modified":"2016-01-23T20:10:15","modified_gmt":"2016-01-23T20:10:15","slug":"tendencia-em-moveis","status":"publish","type":"post","link":"https:\/\/construcaocivil.siriusmarketingedesign.com.br\/?p=752","title":{"rendered":"Tend\u00eancia em m\u00f3veis"},"content":{"rendered":"<figure id=\"attachment_753\" aria-describedby=\"caption-attachment-753\" style=\"width: 300px\" class=\"wp-caption alignleft\"><a href=\"http:\/\/www.jornaldaconstrucaocivil.com.br\/wp-content\/uploads\/2016\/01\/MOVEIS.jpg\"><img loading=\"lazy\" decoding=\"async\" class=\"wp-image-753 size-medium\" src=\"http:\/\/www.jornaldaconstrucaocivil.com.br\/wp-content\/uploads\/2016\/01\/MOVEIS-300x200.jpg\" alt=\"MOVEIS\" width=\"300\" height=\"200\" \/><\/a><figcaption id=\"caption-attachment-753\" class=\"wp-caption-text\"><span style=\"color: #ff0000;\">Foto: Divulga\u00e7\u00e3o<\/span><\/figcaption><\/figure>\n<p><span style=\"color: #000080;\"><strong><em>A arquiteta e designer Katalin Stammer auxilia na escolha entre planejado, sob medida ou solto para compor um lar com mais funcionalidade e beleza<\/em><\/strong><\/span><span style=\"color: #000000;\">Existe uma forte tend\u00eancia em utilizar m\u00f3veis soltos novamente nos ambientes, principalmente se for um produto assinado ou com algum valor agregado. Mas os m\u00f3veis sob medida ou planejados ainda n\u00e3o sa\u00edram de moda. No momento de misturar as tr\u00eas formas, \u00e9 importante garantir uma composi\u00e7\u00e3o harmoniosa.<\/span><\/p>\n<p><span style=\"color: #000000;\">\u201cGeralmente o uso de v\u00e1rios tons amadeirados correm o risco de sobrecarregar no efeito do conjunto, mas se essa for a inten\u00e7\u00e3o nada impede de utiliz\u00e1-los\u201d, comenta a arquiteta e designer Katalin Stammer, supervisora dos cursos de Design de Interiores, Decora\u00e7\u00e3o de Ambientes e Design de Jardins do Centro Europeu de Curitiba, uma das principais escolas de profiss\u00f5es da Am\u00e9rica Latina.<\/span><\/p>\n<p>&nbsp;<\/p>\n<p><span style=\"color: #000000;\">H\u00e1 diferen\u00e7a entre os modelos. O m\u00f3vel planejado \u00e9 geralmente realizado pelas lojas por meio de uma modula\u00e7\u00e3o pr\u00e9-estabelecida pela f\u00e1brica, ou seja, acaba tendo algumas limita\u00e7\u00f5es quanto a tamanhos de m\u00f3dulos. Sob medida \u00e9 geralmente executado pelas marcenarias, e seguem com maior fidelidade o projeto original no sentido de n\u00e3o sofrer adapta\u00e7\u00f5es por causa dos m\u00f3dulos. Os dois tipos de fabrica\u00e7\u00e3o s\u00e3o focados numa solu\u00e7\u00e3o personalizada.<\/span><\/p>\n<figure id=\"attachment_755\" aria-describedby=\"caption-attachment-755\" style=\"width: 200px\" class=\"wp-caption alignright\"><a href=\"http:\/\/www.jornaldaconstrucaocivil.com.br\/wp-content\/uploads\/2016\/01\/Katalin1.jpg\"><img loading=\"lazy\" decoding=\"async\" class=\"wp-image-755 size-medium\" src=\"http:\/\/www.jornaldaconstrucaocivil.com.br\/wp-content\/uploads\/2016\/01\/Katalin1-200x300.jpg\" alt=\"Katalin\" width=\"200\" height=\"300\" \/><\/a><figcaption id=\"caption-attachment-755\" class=\"wp-caption-text\"><span style=\"color: #ff0000;\">Arquiteta e designer Katalin Stammer, supervisora dos cursos de Design de Interiores, Centro Europeu de Curitiba, uma das principais escolas de profiss\u00f5es da Am\u00e9rica Latina. Foto: Divulga\u00e7\u00e3o <\/span><\/figcaption><\/figure>\n<p><span style=\"color: #000000;\">\u201cQuando o m\u00f3vel segue uma exig\u00eancia quanto \u00e0s medidas exatas, ou tem de possuir detalhes mais complexos, como por exemplo nichos diagonais de adega ou formatos org\u00e2nicos (mais arredondados), indica-se o uso do m\u00f3vel sob medida. Para todos os outros usos, o m\u00f3vel planejado adequa-se muito bem\u201d, opina Katalin.<\/span><\/p>\n<p>&nbsp;<\/p>\n<p><span style=\"color: #000000;\">O design de m\u00f3veis est\u00e1 intensificado pela valoriza\u00e7\u00e3o do uso de pe\u00e7as soltas, principalmente as assinadas por profissionais reconhecidos. \u201cEles est\u00e3o se remodelando para atender novas escalas de moradia. As casas reduziram de tamanho e ter espa\u00e7o \u2018sobrando\u2019 \u00e9 um luxo. O m\u00f3vel solto d\u00e1 ainda mais essa sensa\u00e7\u00e3o din\u00e2mica ao ambiente. Quando eles v\u00eam com uma proposta multifuncional est\u00e3o sendo bem recebidos pelos usu\u00e1rios\u201d, finaliza a profissional.<\/span><\/p>\n","protected":false},"excerpt":{"rendered":"<p>A arquiteta e designer Katalin Stammer auxilia na escolha entre planejado, sob medida ou solto para compor um lar com mais funcionalidade e belezaExiste uma forte tend\u00eancia em utilizar m\u00f3veis soltos novamente nos ambientes, principalmente se for um produto assinado ou com algum valor agregado. Mas os m\u00f3veis sob medida ou planejados ainda n\u00e3o sa\u00edram [&hellip;]<\/p>\n","protected":false},"author":1,"featured_media":753,"comment_status":"open","ping_status":"open","sticky":false,"template":"","format":"standard","meta":{"_uag_custom_page_level_css":"","footnotes":""},"categories":[28],"tags":[2119,3542,6617,7909,11665],"class_list":["post-752","post","type-post","status-publish","format-standard","has-post-thumbnail","hentry","category-arquitetura","tag-centro-europeu-de-curitiba","tag-designer","tag-katalin-stammer","tag-moveis","tag-tendencia"],"blocksy_meta":[],"spectra_blocks_featured_image_url":[],"spectra_blocks_author_info":{"display_name":"Jornal da Constru\u00e7\u00e3o Civil","avatar_url":"https:\/\/secure.gravatar.com\/avatar\/973c9774fd44ddaceb026973c4962faa70fc512bc4c9da68e8ebb40fecee6540?s=96&d=mm&r=g","author_link":"https:\/\/construcaocivil.siriusmarketingedesign.com.br\/?author=1","description":"Desde de 2013, levando muitas informa\u00e7\u00f5es, lan\u00e7amentos e produtos de qualidade para toda cadeia produtiva da constru\u00e7\u00e3o. O Futuro da constru\u00e7\u00e3o passa por aqui,"},"uagb_featured_image_src":{"full":false,"thumbnail":false,"medium":false,"medium_large":false,"large":false,"1536x1536":false,"2048x2048":false},"uagb_author_info":{"display_name":"Jornal da Constru\u00e7\u00e3o Civil","author_link":"https:\/\/construcaocivil.siriusmarketingedesign.com.br\/?author=1"},"uagb_comment_info":0,"uagb_excerpt":"A arquiteta e designer Katalin Stammer auxilia na escolha entre planejado, sob medida ou solto para compor um lar com mais funcionalidade e belezaExiste uma forte tend\u00eancia em utilizar m\u00f3veis soltos novamente nos ambientes, principalmente se for um produto assinado ou com algum valor agregado. Mas os m\u00f3veis sob medida ou planejados ainda n\u00e3o sa\u00edram&hellip;","_links":{"self":[{"href":"https:\/\/construcaocivil.siriusmarketingedesign.com.br\/index.php?rest_route=\/wp\/v2\/posts\/752","targetHints":{"allow":["GET"]}}],"collection":[{"href":"https:\/\/construcaocivil.siriusmarketingedesign.com.br\/index.php?rest_route=\/wp\/v2\/posts"}],"about":[{"href":"https:\/\/construcaocivil.siriusmarketingedesign.com.br\/index.php?rest_route=\/wp\/v2\/types\/post"}],"author":[{"embeddable":true,"href":"https:\/\/construcaocivil.siriusmarketingedesign.com.br\/index.php?rest_route=\/wp\/v2\/users\/1"}],"replies":[{"embeddable":true,"href":"https:\/\/construcaocivil.siriusmarketingedesign.com.br\/index.php?rest_route=%2Fwp%2Fv2%2Fcomments&post=752"}],"version-history":[{"count":0,"href":"https:\/\/construcaocivil.siriusmarketingedesign.com.br\/index.php?rest_route=\/wp\/v2\/posts\/752\/revisions"}],"wp:attachment":[{"href":"https:\/\/construcaocivil.siriusmarketingedesign.com.br\/index.php?rest_route=%2Fwp%2Fv2%2Fmedia&parent=752"}],"wp:term":[{"taxonomy":"category","embeddable":true,"href":"https:\/\/construcaocivil.siriusmarketingedesign.com.br\/index.php?rest_route=%2Fwp%2Fv2%2Fcategories&post=752"},{"taxonomy":"post_tag","embeddable":true,"href":"https:\/\/construcaocivil.siriusmarketingedesign.com.br\/index.php?rest_route=%2Fwp%2Fv2%2Ftags&post=752"}],"curies":[{"name":"wp","href":"https:\/\/api.w.org\/{rel}","templated":true}]}}