{"id":7538,"date":"2017-09-08T18:06:49","date_gmt":"2017-09-08T21:06:49","guid":{"rendered":"http:\/\/www.jornaldaconstrucaocivil.com.br\/?p=7538"},"modified":"2017-09-08T18:06:49","modified_gmt":"2017-09-08T21:06:49","slug":"dira-paes-e-a-convidada-do-espelho-da-segunda-dia-11","status":"publish","type":"post","link":"https:\/\/construcaocivil.siriusmarketingedesign.com.br\/?p=7538","title":{"rendered":"Dira Paes \u00e9 a convidada do &#8216;Espelho&#8217; da segunda, dia 11"},"content":{"rendered":"<p><strong><span style=\"color: #000080;\"><em>Convidada do <span style=\"color: #993300;\">&#8216;Espelho&#8217;<\/span>, Dira Paes fala sobre pol\u00edtica, \/carreira e suas ra\u00edzes paraenses<span style=\"color: #993300;\">&#8220;\u00c9 um Brasil que o Brasil n\u00e3o conhece&#8221;.<\/span>\u00a0<\/em><\/span><\/strong><\/p>\n<figure id=\"attachment_7539\" aria-describedby=\"caption-attachment-7539\" style=\"width: 300px\" class=\"wp-caption alignleft\"><a href=\"http:\/\/www.jornaldaconstrucaocivil.com.br\/wp-content\/uploads\/2017\/09\/DIRA.jpg\"><img loading=\"lazy\" decoding=\"async\" class=\"wp-image-7539 size-medium\" src=\"http:\/\/www.jornaldaconstrucaocivil.com.br\/wp-content\/uploads\/2017\/09\/DIRA-300x200.jpg\" alt=\"DIRA\" width=\"300\" height=\"200\" \/><\/a><figcaption id=\"caption-attachment-7539\" class=\"wp-caption-text\">Dira Paes \u00e9 a entrevistada no programa Espelho, do dia 11, no Canal Brasil. Divulga\u00e7\u00e3o<\/figcaption><\/figure>\n<p><span style=\"color: #0000ff;\">Setembro, 2017 <\/span>&#8211; Convidada do <span style=\"color: #0000ff;\">&#8220;Espelho&#8221;<\/span> da pr\u00f3xima segunda-feira, dia 11, \u00e0s 21h30, a atriz Dira Paes come\u00e7a a entrevista contando que j\u00e1 se arrependeu de n\u00e3o ter seguido a carreira como engenheira civil. <span style=\"color: #333399;\"><em>&#8220;\u00c9 um outro caminho menos exposto, sua vida fica mais guardada para voc\u00ea, e tamb\u00e9m \u00e9 um lado mais concreto&#8230; Dois mais dois s\u00e3o quatro, eu gosto (risos). E na nossa profiss\u00e3o dois mais dois s\u00e3o cinco, cinco e meio&#8221;<\/em><\/span>, compara.<\/p>\n<p style=\"text-align: justify;\"><span style=\"color: #000000;\">Ao longo da conversa, a paraense enaltece suas ra\u00edzes, comenta a prof\u00edcua carreira no cinema, mostra a sua vis\u00e3o pol\u00edtica e revela que pretende morar fora. A seguir, leia trechos da conversa.<\/span><\/p>\n<p style=\"text-align: justify;\"><strong>Par\u00e1:<\/strong><span style=\"color: #000000;\"><em> &#8220;O Par\u00e1 faz parte da minha exist\u00eancia como um todo, o Norte \u00e9 muito esquecido. Geralmente se fala do Norte pensando num Nordeste. O Norte \u00e9 uma Amaz\u00f4nia inteira, que trago nos meus bra\u00e7os. \u00c9 inevit\u00e1vel falar das minhas origens e eu gosto de falar, lembrar que a Amaz\u00f4nia existe. Gosto de ser representante deste lugar que eu venho, das minhas ra\u00edzes&#8221;<\/em><\/span><\/p>\n<p style=\"text-align: justify;\">(<span style=\"color: #993300;\">ao fim da entrevista<\/span>)<span style=\"color: #000000;\"><em> &#8220;\u00c9 uma regi\u00e3o linda, um Brasil que o Brasil n\u00e3o conhece. As pessoas n\u00e3o t\u00eam ideia desse Brasil maravilhoso e plural e l\u00e1 voc\u00ea tem as ra\u00edzes. O Par\u00e1 ainda se mant\u00e9m vivo na culin\u00e1ria, nos perfumes de como era h\u00e1 500 anos atr\u00e1s. O Par\u00e1 \u00e9 muito o Brasil primeiro. Eu gosto muito das palavras \u00fanicas que existem l\u00e1, da heran\u00e7a dos \u00edndios e das lendas, e dessa Amaz\u00f4nia encantada. Amo ser paraense&#8221;.<\/em><\/span><\/p>\n<p><strong><span style=\"color: #000000;\">Limita\u00e7\u00e3o pelo tipo f\u00edsico:<\/span><\/strong><span style=\"color: #000000;\"> <em>&#8220;Num primeiro momento da minha vida, assim, eu comecei muito jovem, com 15 anos. Eu n\u00e3o tinha dimens\u00e3o e nem preocupa\u00e7\u00e3o sobre o que isso quer dizer, mas ao longo da carreira, achei que seria pris\u00e3o, meu tipo f\u00edsico. Voc\u00ea tem essa caracter\u00edstica brasileira e s\u00f3 pode fazer tais personagens, depois eu vi que isso me trazia os bons personagens&#8221;.<\/em><\/span><\/p>\n<p style=\"text-align: justify;\"><strong>Frequ\u00eancia no cinema:<\/strong> <em><span style=\"color: #000000;\">&#8220;Quando o cinema brasileiro come\u00e7ou a enfraquecer com a perda da Embrafilme, durante a d\u00e9cada de 90, eu j\u00e1 tinha entendido que o cinema era um nicho especial pra mim. Ent\u00e3o, eu tenho uma felicidade de ter dado cr\u00e9dito pra isso na vida, de ter acreditado no cinema brasileiro. Eu tinha orgulho de fazer cinema brasileiro quando era mega-alternativo, quando isso n\u00e3o era chique. Hoje a gente tem um reconhecimento, pelo menos da classe art\u00edstica, que fazer cinema \u00e9 um privil\u00e9gio&#8221;.<\/span><\/em><\/p>\n<p style=\"text-align: justify;\"><strong>&#8220;2 Filhos de Francisco&#8221;:<\/strong>\u00a0 <span style=\"color: #000000;\"><em>&#8220;Tem uma particularidade que acho interessante a gente falar sobre, que \u00e9 contracenar com crian\u00e7a. Eu n\u00e3o era m\u00e3e na \u00e9poca, e tinha que contracenar com as crian\u00e7as, brilhantes. Crian\u00e7a geralmente \u00e9 brilhante na sua espontaneidade, troquei muito com o esperar o que vinha das delas pra que isso me tocasse. Como n\u00e3o era m\u00e3e, e era louca pra ser m\u00e3e, aquilo me comovia muito, eu n\u00e3o sabia se seria m\u00e3e ou n\u00e3o. Dona Helena \u00e9 a m\u00e3e universal e eu n\u00e3o queria me inspirar na m\u00e3e verdadeira, mas a vida \u00e9 t\u00e3o curiosa que nos \u00faltimos dias de filmagem ela foi visitar o set e\u00a0 eu n\u00e3o a conhecia, s\u00f3 de foto. N\u00f3s nos encontramos, demos um abra\u00e7o e ela falou: &#8216;Eu era assim mesmo&#8217;, a\u00ed puxou a filha e falou: &#8216;Eu era assim&#8217;, e a gente estava com o mesmo penteado. Nos abra\u00e7amos e caminhamos at\u00e9 o Breno Silveira, o diretor, que estava longe fazendo outro take, e quando viu n\u00f3s duas chegando teve uma como\u00e7\u00e3o. Ali a gente percebeu que a gente sente essa alquimia de uma energia, que t\u00e1 acontecendo, de alguma coisa legal, essa alquimia vem pra equipe toda que est\u00e1 filmando, e isso \u00e9 muito bom quando pinta no set&#8221;.<\/em><\/span><\/p>\n<p style=\"text-align: justify;\"><span style=\"color: #000000;\"><em><strong>Saudade da inf\u00e2ncia:<\/strong> &#8220;Essa rela\u00e7\u00e3o com a natureza, com a rua, essa liberdade da inf\u00e2ncia, esse sentimento do desprendimento, quando eu fecho os olhos e lembro da inf\u00e2ncia me vem os cheiros, sensa\u00e7\u00e3o maravilhosa de que eu era dona do meu lugar. E tenho saudade da nossa \u00e9poca n\u00e3o informatizada, n\u00e3o acho que deva voltar, mas acho que a gente tem que contemporizar a nossa exist\u00eancia tecnol\u00f3gica com a nossa exist\u00eancia real, palp\u00e1vel, concreta, de cotidiano de vida. Eu tento equilibrar esses dois lados, e eu voltei muito a ligar pras pessoas, de repente \u00e9 at\u00e9 falta de educa\u00e7\u00e3o ligar pra algu\u00e9m, mas eu voltei a ligar, e isso tem me feito bem. Acho que a gente anda pra frente, sim, mas tinha um glamour, uma exist\u00eancia mais pr\u00f3xima do humano que gosto mais&#8221;.<\/em><\/span><\/p>\n<p style=\"text-align: justify;\"><span style=\"color: #000000;\"><strong>Representatividade feminina:<\/strong> <em>&#8220;Estamos caminhando pra dar uma mudan\u00e7a geral do que \u00e9 uma postura do feminismo no dia de hoje, vivemos num mundo de desigualdade, pensando por que a mulher do s\u00e9culo XXI ainda vive \u00e0 sombra. A gente ainda falar de igualdade de g\u00eanero, isso \u00e9 t\u00e3o atrasado e antigo isso. O filme &#8220;Mulheres no Poder&#8221; \u00e9 um grande deboche, o mundo \u00e9 todo dominado pelas mulheres, tem uma s\u00e1tira sobre isso, mas ao mesmo tempo a gente mostra que a desonestidade e a corrup\u00e7\u00e3o independem de g\u00eanero.<\/em><\/span><\/p>\n<p style=\"text-align: justify;\"><span style=\"color: #000000;\"><strong>Existe algo que \u00e9 fato:<\/strong><em> n\u00f3s precisamos ser os guardi\u00f5es dessa problem\u00e1tica, n\u00e3o s\u00e3o os pol\u00edticos, somos n\u00f3s, n\u00f3s como cidad\u00e3os precisamos ter a no\u00e7\u00e3o de que s\u00f3 n\u00f3s conseguiremos o m\u00ednimo de idoneidade pra come\u00e7ar a reorganizar a estrutura pol\u00edtica do Brasil, nenhuma reforma foi feita e estamos sofrendo todos os percal\u00e7os. O que vejo? Mais do que nunca , apesar que sinto que a tend\u00eancia \u00e9 cada vez mais manipular com a facilidade tecnol\u00f3gica a opini\u00e3o publica, e fazer com que as invers\u00f5es de valores fiquem perdidas ent\u00e3o as pessoas n\u00e3o sabem quem \u00e9 quem o que \u00e9 o qu\u00ea, \u00e9 nos restabelecermos como cidad\u00e3os a vigil\u00e2ncia. Eu s\u00f3 confio no povo a partir dessa consci\u00eancia pol\u00edtica de que n\u00f3s somos os guardi\u00f5es; eu n\u00e3o sou pessimista, mas acho que sem isso a gente n\u00e3o sai do lugar como deveria&#8221;.<\/em><\/span><\/p>\n<p style=\"text-align: justify;\"><span style=\"color: #000000;\"><strong>Cidadania:<\/strong><em> &#8220;O que me tira da in\u00e9rcia \u00e9 o coletivo, a necessidade como cidad\u00e3 que eu quero participar e colaborar com uma mudan\u00e7a radical no nosso comportamento social. O que me mobiliza \u00e9 o humano que existe em n\u00f3s, o mais humano, as rea\u00e7\u00f5es mais espont\u00e2neas, isso \u00e9 impressionante, isso te sacode, voc\u00ea est\u00e1 viva, os sentimentos est\u00e3o a\u00ed , voc\u00ea consegue se emocionar com as coisas, n\u00e3o virou uma pedra como julgava que voc\u00ea era . Eu quero manter essa no\u00e7\u00e3o espont\u00e2nea de me emocionar com as m\u00ednimas coisas da vida, mas ao mesmo tempo ter uma consci\u00eancia grande que s\u00f3 quando voc\u00ea se restabelece dentro dessas emo\u00e7\u00f5es \u00e9 que voc\u00ea consegue fazer alguma coisa\u00a0 de fato concreta por algu\u00e9m, ou por v\u00e1rias pessoas&#8221;.<\/em><\/span><\/p>\n<p style=\"text-align: justify;\"><span style=\"color: #000000;\"><strong>Morar fora:<\/strong><em> &#8220;Pra voltar a ser uma cidad\u00e3 do povo sem ser reconhecida nas ruas, \u00e9 um exerc\u00edcio que a gente precisa. Eu tenho consci\u00eancia da minha profiss\u00e3o que \u00e9 com o p\u00fablico, n\u00e3o tenho nenhuma neura, mas essa experi\u00eancia de voc\u00ea ser um cidad\u00e3o, sem os olhares pra voc\u00ea, \u00e9 uma coisa que alimenta uma normalidade da vida que faz bem, ent\u00e3o estou planejamento at\u00e9 mesmo pras crian\u00e7as terem.. passar uma experi\u00eancia num lugar do mundo onde eu seja uma pessoa normal&#8221;.<\/em><\/span><\/p>\n","protected":false},"excerpt":{"rendered":"<p>Convidada do &#8216;Espelho&#8217;, Dira Paes fala sobre pol\u00edtica, \/carreira e suas ra\u00edzes paraenses&#8220;\u00c9 um Brasil que o Brasil n\u00e3o conhece&#8221;.\u00a0 Setembro, 2017 &#8211; Convidada do &#8220;Espelho&#8221; da pr\u00f3xima segunda-feira, dia 11, \u00e0s 21h30, a atriz Dira Paes come\u00e7a a entrevista contando que j\u00e1 se arrependeu de n\u00e3o ter seguido a carreira como engenheira civil. &#8220;\u00c9 [&hellip;]<\/p>\n","protected":false},"author":1,"featured_media":7539,"comment_status":"open","ping_status":"open","sticky":false,"template":"","format":"standard","meta":{"_uag_custom_page_level_css":"","footnotes":""},"categories":[27],"tags":[1792,2297,3700,4351,6755,7990,8172,8620,8621],"class_list":["post-7538","post","type-post","status-publish","format-standard","has-post-thumbnail","hentry","category-acontece","tag-canal-brasil","tag-cinema-brasileiro","tag-dira-paes-no-programa-espelho","tag-engenheira-civil","tag-lazaro-ramos","tag-mulheres-no-poder","tag-norte-do-brasil","tag-para","tag-para-norte-e-uma-amazonia-inteira"],"blocksy_meta":[],"spectra_blocks_featured_image_url":[],"spectra_blocks_author_info":{"display_name":"Jornal da Constru\u00e7\u00e3o Civil","avatar_url":"https:\/\/secure.gravatar.com\/avatar\/973c9774fd44ddaceb026973c4962faa70fc512bc4c9da68e8ebb40fecee6540?s=96&d=mm&r=g","author_link":"https:\/\/construcaocivil.siriusmarketingedesign.com.br\/?author=1","description":"Desde de 2013, levando muitas informa\u00e7\u00f5es, lan\u00e7amentos e produtos de qualidade para toda cadeia produtiva da constru\u00e7\u00e3o. O Futuro da constru\u00e7\u00e3o passa por aqui,"},"uagb_featured_image_src":{"full":false,"thumbnail":false,"medium":false,"medium_large":false,"large":false,"1536x1536":false,"2048x2048":false},"uagb_author_info":{"display_name":"Jornal da Constru\u00e7\u00e3o Civil","author_link":"https:\/\/construcaocivil.siriusmarketingedesign.com.br\/?author=1"},"uagb_comment_info":0,"uagb_excerpt":"Convidada do &#8216;Espelho&#8217;, Dira Paes fala sobre pol\u00edtica, \/carreira e suas ra\u00edzes paraenses&#8220;\u00c9 um Brasil que o Brasil n\u00e3o conhece&#8221;.\u00a0 Setembro, 2017 &#8211; Convidada do &#8220;Espelho&#8221; da pr\u00f3xima segunda-feira, dia 11, \u00e0s 21h30, a atriz Dira Paes come\u00e7a a entrevista contando que j\u00e1 se arrependeu de n\u00e3o ter seguido a carreira como engenheira civil. &#8220;\u00c9&hellip;","_links":{"self":[{"href":"https:\/\/construcaocivil.siriusmarketingedesign.com.br\/index.php?rest_route=\/wp\/v2\/posts\/7538","targetHints":{"allow":["GET"]}}],"collection":[{"href":"https:\/\/construcaocivil.siriusmarketingedesign.com.br\/index.php?rest_route=\/wp\/v2\/posts"}],"about":[{"href":"https:\/\/construcaocivil.siriusmarketingedesign.com.br\/index.php?rest_route=\/wp\/v2\/types\/post"}],"author":[{"embeddable":true,"href":"https:\/\/construcaocivil.siriusmarketingedesign.com.br\/index.php?rest_route=\/wp\/v2\/users\/1"}],"replies":[{"embeddable":true,"href":"https:\/\/construcaocivil.siriusmarketingedesign.com.br\/index.php?rest_route=%2Fwp%2Fv2%2Fcomments&post=7538"}],"version-history":[{"count":0,"href":"https:\/\/construcaocivil.siriusmarketingedesign.com.br\/index.php?rest_route=\/wp\/v2\/posts\/7538\/revisions"}],"wp:attachment":[{"href":"https:\/\/construcaocivil.siriusmarketingedesign.com.br\/index.php?rest_route=%2Fwp%2Fv2%2Fmedia&parent=7538"}],"wp:term":[{"taxonomy":"category","embeddable":true,"href":"https:\/\/construcaocivil.siriusmarketingedesign.com.br\/index.php?rest_route=%2Fwp%2Fv2%2Fcategories&post=7538"},{"taxonomy":"post_tag","embeddable":true,"href":"https:\/\/construcaocivil.siriusmarketingedesign.com.br\/index.php?rest_route=%2Fwp%2Fv2%2Ftags&post=7538"}],"curies":[{"name":"wp","href":"https:\/\/api.w.org\/{rel}","templated":true}]}}