{"id":7543,"date":"2017-09-08T18:17:10","date_gmt":"2017-09-08T21:17:10","guid":{"rendered":"http:\/\/www.jornaldaconstrucaocivil.com.br\/?p=7543"},"modified":"2017-09-08T18:17:10","modified_gmt":"2017-09-08T21:17:10","slug":"macae-convention-visitors-bureau-e-homenageado-pela-petrobras","status":"publish","type":"post","link":"https:\/\/construcaocivil.siriusmarketingedesign.com.br\/?p=7543","title":{"rendered":"Maca\u00e9 Convention &#038; Visitors Bureau \u00e9 homenageado pela Petrobras"},"content":{"rendered":"<p style=\"text-align: justify;\"><span style=\"color: #000000;\"><span style=\"color: #993300;\">Setembro, 2017<\/span> &#8211; O Maca\u00e9 Convention &amp; Visitors Bureau foi homenageado na semana passada pela Petrobras, durante a solenidade comemorativa dos 40 anos de produ\u00e7\u00e3o na Bacia de Campos, juntamente com 41 entidades p\u00fablicas e privadas, entre elas Associa\u00e7\u00e3o Comercial e Industrial de Maca\u00e9 &#8211; ACIM e Rede Petro BC.<\/span><\/p>\n<figure id=\"attachment_7544\" aria-describedby=\"caption-attachment-7544\" style=\"width: 300px\" class=\"wp-caption alignleft\"><a href=\"http:\/\/www.jornaldaconstrucaocivil.com.br\/wp-content\/uploads\/2017\/09\/Homenagem_Francisco-Agostinho-Firjan_-Emerson-Esteves-ACIM_-Guilherme-de-Abreu-Mac\u00e9-Convention-Bureau_-Vitor-Silva-Rede-Petro.jpg\"><img loading=\"lazy\" decoding=\"async\" class=\"wp-image-7544 size-medium\" src=\"http:\/\/www.jornaldaconstrucaocivil.com.br\/wp-content\/uploads\/2017\/09\/Homenagem_Francisco-Agostinho-Firjan_-Emerson-Esteves-ACIM_-Guilherme-de-Abreu-Mac\u00e9-Convention-Bureau_-Vitor-Silva-Rede-Petro-300x169.jpg\" width=\"300\" height=\"169\" \/><\/a><figcaption id=\"caption-attachment-7544\" class=\"wp-caption-text\">Homenagem Francisco Agostinho, Firjan_ Emerson Esteves, ACIM_ Guilherme de Abreu, Mac\u00e9 Convention Bureau e Vitor Silva, Rede Petro.<\/figcaption><\/figure>\n<p style=\"text-align: justify;\"><span style=\"color: #000000;\">A homenagem veio em reconhecimento da import\u00e2ncia e parceria da institui\u00e7\u00e3o com a estatal em sua hist\u00f3ria e conquistas que impulsionaram o desenvolvimento socioecon\u00f4mico da cidade. A cerim\u00f4nia aconteceu na base de Imbetiba, da Petrobras.<\/span><\/p>\n<p style=\"text-align: justify;\"><span style=\"color: #000000;\">Para Guilherme Braga de Abreu, presidente do Maca\u00e9 Convention Bureau, \u00e9 uma satisfa\u00e7\u00e3o receber esta homenagem em nome da institui\u00e7\u00e3o. <span style=\"color: #333399;\"><em>\u201cO Convention vem trabalhando em parceria com diversas institui\u00e7\u00f5es em prol do desenvolvimento econ\u00f4mico de Maca\u00e9. Somos respons\u00e1veis por fomentar a ind\u00fastria do turismo na cidade, e este reconhecimento, nos faz ter certeza de que estamos no caminho certo\u201d<\/em><\/span>, disse.<\/span><\/p>\n<p style=\"text-align: justify;\"><span style=\"color: #000000;\">Na ocasi\u00e3o, tamb\u00e9m foi lan\u00e7ado, um selo e um carimbo comemorativo dos Correios. O selo ficar\u00e1 exposto na ag\u00eancia dos Correios de Maca\u00e9, localizada \u00e0 <span style=\"text-decoration: underline;\"><span style=\"color: #0000ff; text-decoration: underline;\">\u00a0<a style=\"color: #0000ff; text-decoration: underline;\" href=\"https:\/\/maps.google.com\/?q=Rua+Teixeira+de+Gouveia,+712&amp;entry=gmail&amp;source=g\">Rua Teixeira de Gouveia, 712<\/a><\/span><\/span>, no Centro, e alguns exemplares estar\u00e3o dispon\u00edveis para cess\u00e3o aos interessados e colecionadores. J\u00e1 o carimbo comemorativo ficar\u00e1 dispon\u00edvel por 30 dias na referida ag\u00eancia e, ap\u00f3s esse per\u00edodo, ser\u00e1 recolhido e enviado para o Museu Postal, localizado em Bras\u00edlia, que incluir\u00e1 a pe\u00e7a no acervo. O carimbo traz a marca dos 40 anos de produ\u00e7\u00e3o da Petrobras na Bacia de Campos.<\/span><\/p>\n<p style=\"text-align: justify;\">Mais informa\u00e7\u00f5es da associa\u00e7\u00e3o podem ser obtidas pelo site\u00a0<span style=\"text-decoration: underline;\"><span style=\"color: #0000ff; text-decoration: underline;\"><a style=\"color: #0000ff; text-decoration: underline;\" href=\"http:\/\/www.macaecvb.com.br\/\" target=\"_blank\" data-saferedirecturl=\"https:\/\/www.google.com\/url?hl=pt-PT&amp;q=http:\/\/www.macaecvb.com.br\/&amp;source=gmail&amp;ust=1504987199576000&amp;usg=AFQjCNHjJNyoIlN5lQksS9F4a5xHCNuwoA\">www.macaecvb.com.br<\/a>.<\/span><\/span><\/p>\n","protected":false},"excerpt":{"rendered":"<p>Setembro, 2017 &#8211; O Maca\u00e9 Convention &amp; Visitors Bureau foi homenageado na semana passada pela Petrobras, durante a solenidade comemorativa dos 40 anos de produ\u00e7\u00e3o na Bacia de Campos, juntamente com 41 entidades p\u00fablicas e privadas, entre elas Associa\u00e7\u00e3o Comercial e Industrial de Maca\u00e9 &#8211; ACIM e Rede Petro BC. A homenagem veio em reconhecimento [&hellip;]<\/p>\n","protected":false},"author":1,"featured_media":0,"comment_status":"open","ping_status":"open","sticky":false,"template":"","format":"standard","meta":{"_uag_custom_page_level_css":"","footnotes":""},"categories":[1],"tags":[184,1025,1158,7108,7112,8859,9995],"class_list":["post-7543","post","type-post","status-publish","format-standard","hentry","category-sem-categoria","tag-40-anos-de-producao-na-bacia-de-campos","tag-associacao-comercial-e-industrial-de-macae-acim","tag-bacia-de-campos","tag-macae-convention-visitors-bureau","tag-macae-rj","tag-petrobras","tag-rede-petro"],"blocksy_meta":[],"spectra_blocks_featured_image_url":null,"spectra_blocks_author_info":{"display_name":"Jornal da Constru\u00e7\u00e3o Civil","avatar_url":"https:\/\/secure.gravatar.com\/avatar\/973c9774fd44ddaceb026973c4962faa70fc512bc4c9da68e8ebb40fecee6540?s=96&d=mm&r=g","author_link":"https:\/\/construcaocivil.siriusmarketingedesign.com.br\/?author=1","description":"Desde de 2013, levando muitas informa\u00e7\u00f5es, lan\u00e7amentos e produtos de qualidade para toda cadeia produtiva da constru\u00e7\u00e3o. O Futuro da constru\u00e7\u00e3o passa por aqui,"},"uagb_featured_image_src":{"full":false,"thumbnail":false,"medium":false,"medium_large":false,"large":false,"1536x1536":false,"2048x2048":false},"uagb_author_info":{"display_name":"Jornal da Constru\u00e7\u00e3o Civil","author_link":"https:\/\/construcaocivil.siriusmarketingedesign.com.br\/?author=1"},"uagb_comment_info":0,"uagb_excerpt":"Setembro, 2017 &#8211; O Maca\u00e9 Convention &amp; Visitors Bureau foi homenageado na semana passada pela Petrobras, durante a solenidade comemorativa dos 40 anos de produ\u00e7\u00e3o na Bacia de Campos, juntamente com 41 entidades p\u00fablicas e privadas, entre elas Associa\u00e7\u00e3o Comercial e Industrial de Maca\u00e9 &#8211; ACIM e Rede Petro BC. A homenagem veio em reconhecimento&hellip;","_links":{"self":[{"href":"https:\/\/construcaocivil.siriusmarketingedesign.com.br\/index.php?rest_route=\/wp\/v2\/posts\/7543","targetHints":{"allow":["GET"]}}],"collection":[{"href":"https:\/\/construcaocivil.siriusmarketingedesign.com.br\/index.php?rest_route=\/wp\/v2\/posts"}],"about":[{"href":"https:\/\/construcaocivil.siriusmarketingedesign.com.br\/index.php?rest_route=\/wp\/v2\/types\/post"}],"author":[{"embeddable":true,"href":"https:\/\/construcaocivil.siriusmarketingedesign.com.br\/index.php?rest_route=\/wp\/v2\/users\/1"}],"replies":[{"embeddable":true,"href":"https:\/\/construcaocivil.siriusmarketingedesign.com.br\/index.php?rest_route=%2Fwp%2Fv2%2Fcomments&post=7543"}],"version-history":[{"count":0,"href":"https:\/\/construcaocivil.siriusmarketingedesign.com.br\/index.php?rest_route=\/wp\/v2\/posts\/7543\/revisions"}],"wp:attachment":[{"href":"https:\/\/construcaocivil.siriusmarketingedesign.com.br\/index.php?rest_route=%2Fwp%2Fv2%2Fmedia&parent=7543"}],"wp:term":[{"taxonomy":"category","embeddable":true,"href":"https:\/\/construcaocivil.siriusmarketingedesign.com.br\/index.php?rest_route=%2Fwp%2Fv2%2Fcategories&post=7543"},{"taxonomy":"post_tag","embeddable":true,"href":"https:\/\/construcaocivil.siriusmarketingedesign.com.br\/index.php?rest_route=%2Fwp%2Fv2%2Ftags&post=7543"}],"curies":[{"name":"wp","href":"https:\/\/api.w.org\/{rel}","templated":true}]}}