{"id":7549,"date":"2017-09-11T14:02:36","date_gmt":"2017-09-11T17:02:36","guid":{"rendered":"http:\/\/www.jornaldaconstrucaocivil.com.br\/?p=7549"},"modified":"2017-09-11T14:02:36","modified_gmt":"2017-09-11T17:02:36","slug":"industria-paulista-fecha-25-mil-vagas-de-emprego-em-agosto-aponta-fiesp","status":"publish","type":"post","link":"https:\/\/construcaocivil.siriusmarketingedesign.com.br\/?p=7549","title":{"rendered":"Ind\u00fastria paulista fecha 2,5 mil vagas de emprego em agosto, aponta Fiesp"},"content":{"rendered":"<p style=\"text-align: justify;\"><span style=\"color: #000080;\"><em><strong>No acumulado do ano, o saldo est\u00e1 positivo em 5,5 mil postos de trabalho<\/strong><\/em><\/span><\/p>\n<p style=\"text-align: justify;\"><span style=\"color: #000000;\"><span style=\"color: #993300;\">S\u00e3o Paulo, Setembro, 2017<\/span>, O emprego na ind\u00fastria paulista apresentou em agosto mais um m\u00eas de estabilidade, ao apresentar pequena varia\u00e7\u00e3o negativa de 0,11%, fechamento de 2,5 mil postos de trabalho, na s\u00e9rie sem ajuste sazonal. Na an\u00e1lise com ajuste, a oscila\u00e7\u00e3o tamb\u00e9m ficou no campo est\u00e1vel, -0,01%. J\u00e1 na compara\u00e7\u00e3o com o mesmo m\u00eas do ano passado, h\u00e1 leve queda de 3,27%. Contudo, no acumulado do ano, o saldo apurado segue positivo em 5,5 mil postos de trabalho (0,26%), melhor resultado para o per\u00edodo de janeiro a agosto desde 2013, quando foram contratados 40,5 mil trabalhadores (1,55%). Os dados s\u00e3o da pesquisa de N\u00edvel de Emprego do Estado de S\u00e3o Paulo divulgados nesta segunda-feira (11\/9) pela Departamento de Pesquisas e Estudos Econ\u00f4micos da Federa\u00e7\u00e3o das Ind\u00fastrias do Estado de S\u00e3o Paulo (Fiesp) e do Ciesp (Depecon).<\/span><\/p>\n<p style=\"text-align: justify;\"><span style=\"color: #000000;\"><em>&#8220;A produ\u00e7\u00e3o industrial mostra recupera\u00e7\u00e3o, apesar de ainda n\u00e3o ser vigorosa \u00e9 cont\u00ednua, refletindo na manuten\u00e7\u00e3o dos postos de trabalho. A gera\u00e7\u00e3o de novos empregos \u00e9 a \u00faltima vari\u00e1vel a reagir. Ainda temos muita capacidade ociosa, o que deve levar as empresas a resistir a novas contrata\u00e7\u00f5es por um tempo&#8221;<\/em>, argumentou Paulo Francini, diretor titular do Depecon.<\/span><\/p>\n<p style=\"text-align: justify;\"><span style=\"color: #993300;\"><strong>Setores e regi\u00f5es<\/strong><\/span><\/p>\n<p style=\"text-align: justify;\"><span style=\"color: #000000;\">Entre os 22 setores acompanhados pela pesquisa para o m\u00eas de agosto, 4 ficaram positivos, 4 est\u00e1veis e 14 negativos. Entre os positivos, os destaques ficaram por conta da ind\u00fastria de alimentos, com gera\u00e7\u00e3o de 1.060 postos de trabalho, seguida de m\u00e1quinas e equipamentos (947). No campo negativo ficaram, ve\u00edculos automotores, reboque e carroceria (-1.171) e confec\u00e7\u00e3o de artigos do vestu\u00e1rio e acess\u00f3rios (-708).<\/span><\/p>\n<p style=\"text-align: justify;\"><span style=\"color: #000000;\">A pesquisa apura tamb\u00e9m a situa\u00e7\u00e3o de emprego para as grandes regi\u00f5es do Estado de S\u00e3o Paulo e em 36 Diretorias Regionais do Ciesp. Por grande regi\u00e3o, a varia\u00e7\u00e3o no m\u00eas ficou negativa, al\u00e9m do Estado de S\u00e3o Paulo (-0,11%), tamb\u00e9m no interior paulista (-0,07%) e na Grande S\u00e3o Paulo (-0,12%).<\/span><\/p>\n<p style=\"text-align: justify;\"><span style=\"color: #000000;\">Entre as 36 diretorias regionais, houve varia\u00e7\u00e3o nos resultados. Nas 14 que apontaram altas, destaque por conta de Santo Andr\u00e9 (1,38%), influenciada pelo setor de produtos aliment\u00edcios (11,40%) e produtos de borracha e pl\u00e1stico (0,94%); Mar\u00edlia (1,10%), por produtos aliment\u00edcios (1,48%), produtos de borracha e pl\u00e1stico (5,51%) e Ja\u00fa (0,97%), por artefato de couro e cal\u00e7ados (2,82%) e papel e celulose (7,32%).<\/span><\/p>\n<p style=\"text-align: justify;\"><span style=\"color: #000000;\">J\u00e1 dos 18 negativos, destaque para S\u00e3o Bernardo do Campo (-2,49%), por ve\u00edculos automotores e autope\u00e7as (-2,61%) e produtos de metal (- 3,18%); Jacare\u00ed (-1,80), por outros equipamentos de transporte (- 20,84%) e bebidas (- 1,39%); Botucatu (-1,45%), influenciado por ve\u00edculos automotores e autope\u00e7as (-6,11%), coque, petr\u00f3leo e biocombust\u00edvel (-5,79%).<\/span><\/p>\n<p style=\"text-align: justify;\">Fonte: Imprensa\/FIESP<\/p>\n","protected":false},"excerpt":{"rendered":"<p>No acumulado do ano, o saldo est\u00e1 positivo em 5,5 mil postos de trabalho S\u00e3o Paulo, Setembro, 2017, O emprego na ind\u00fastria paulista apresentou em agosto mais um m\u00eas de estabilidade, ao apresentar pequena varia\u00e7\u00e3o negativa de 0,11%, fechamento de 2,5 mil postos de trabalho, na s\u00e9rie sem ajuste sazonal. Na an\u00e1lise com ajuste, a [&hellip;]<\/p>\n","protected":false},"author":1,"featured_media":0,"comment_status":"open","ping_status":"open","sticky":false,"template":"","format":"standard","meta":{"_uag_custom_page_level_css":"","footnotes":""},"categories":[27],"tags":[1824,3501,3881,5052,6059,6177,7451,7470],"class_list":["post-7549","post","type-post","status-publish","format-standard","hentry","category-acontece","tag-capacidade-ociosa-na-industria-alta","tag-desemprego","tag-economia-fraca","tag-fiesp","tag-industria-fecha-empregos-em-sp","tag-instabilidade-politica-atrapalha-vendas","tag-melhora-na-economia-so-2018","tag-mercado"],"blocksy_meta":[],"spectra_blocks_featured_image_url":null,"spectra_blocks_author_info":{"display_name":"Jornal da Constru\u00e7\u00e3o Civil","avatar_url":"https:\/\/secure.gravatar.com\/avatar\/973c9774fd44ddaceb026973c4962faa70fc512bc4c9da68e8ebb40fecee6540?s=96&d=mm&r=g","author_link":"https:\/\/construcaocivil.siriusmarketingedesign.com.br\/?author=1","description":"Desde de 2013, levando muitas informa\u00e7\u00f5es, lan\u00e7amentos e produtos de qualidade para toda cadeia produtiva da constru\u00e7\u00e3o. O Futuro da constru\u00e7\u00e3o passa por aqui,"},"uagb_featured_image_src":{"full":false,"thumbnail":false,"medium":false,"medium_large":false,"large":false,"1536x1536":false,"2048x2048":false},"uagb_author_info":{"display_name":"Jornal da Constru\u00e7\u00e3o Civil","author_link":"https:\/\/construcaocivil.siriusmarketingedesign.com.br\/?author=1"},"uagb_comment_info":0,"uagb_excerpt":"No acumulado do ano, o saldo est\u00e1 positivo em 5,5 mil postos de trabalho S\u00e3o Paulo, Setembro, 2017, O emprego na ind\u00fastria paulista apresentou em agosto mais um m\u00eas de estabilidade, ao apresentar pequena varia\u00e7\u00e3o negativa de 0,11%, fechamento de 2,5 mil postos de trabalho, na s\u00e9rie sem ajuste sazonal. Na an\u00e1lise com ajuste, a&hellip;","_links":{"self":[{"href":"https:\/\/construcaocivil.siriusmarketingedesign.com.br\/index.php?rest_route=\/wp\/v2\/posts\/7549","targetHints":{"allow":["GET"]}}],"collection":[{"href":"https:\/\/construcaocivil.siriusmarketingedesign.com.br\/index.php?rest_route=\/wp\/v2\/posts"}],"about":[{"href":"https:\/\/construcaocivil.siriusmarketingedesign.com.br\/index.php?rest_route=\/wp\/v2\/types\/post"}],"author":[{"embeddable":true,"href":"https:\/\/construcaocivil.siriusmarketingedesign.com.br\/index.php?rest_route=\/wp\/v2\/users\/1"}],"replies":[{"embeddable":true,"href":"https:\/\/construcaocivil.siriusmarketingedesign.com.br\/index.php?rest_route=%2Fwp%2Fv2%2Fcomments&post=7549"}],"version-history":[{"count":0,"href":"https:\/\/construcaocivil.siriusmarketingedesign.com.br\/index.php?rest_route=\/wp\/v2\/posts\/7549\/revisions"}],"wp:attachment":[{"href":"https:\/\/construcaocivil.siriusmarketingedesign.com.br\/index.php?rest_route=%2Fwp%2Fv2%2Fmedia&parent=7549"}],"wp:term":[{"taxonomy":"category","embeddable":true,"href":"https:\/\/construcaocivil.siriusmarketingedesign.com.br\/index.php?rest_route=%2Fwp%2Fv2%2Fcategories&post=7549"},{"taxonomy":"post_tag","embeddable":true,"href":"https:\/\/construcaocivil.siriusmarketingedesign.com.br\/index.php?rest_route=%2Fwp%2Fv2%2Ftags&post=7549"}],"curies":[{"name":"wp","href":"https:\/\/api.w.org\/{rel}","templated":true}]}}