{"id":7567,"date":"2017-09-11T15:50:03","date_gmt":"2017-09-11T18:50:03","guid":{"rendered":"http:\/\/www.jornaldaconstrucaocivil.com.br\/?p=7567"},"modified":"2017-09-11T15:50:03","modified_gmt":"2017-09-11T18:50:03","slug":"equipe-da-mackenzie-vence-10o-concurso-do-cbca-para-estudantes-de-arquitetura","status":"publish","type":"post","link":"https:\/\/construcaocivil.siriusmarketingedesign.com.br\/?p=7567","title":{"rendered":"Equipe da Mackenzie vence 10\u00ba Concurso do CBCA para Estudantes de Arquitetura"},"content":{"rendered":"<p style=\"text-align: justify;\"><span style=\"color: #000000;\"><span style=\"color: #993300;\">Setembro, 2017<\/span> &#8211; Os estudantes Andr\u00e9 Spadini Honda, Greg\u00f3rio Sangwoo Kang Kim, Guilherme Silveira Ferreira e Leonardo Navarro Antunes Nilo, da Universidade Presbiteriana Mackenzie, de S\u00e3o Paulo, foram os ganhadores da 10\u00aa edi\u00e7\u00e3o do Concurso para Estudantes de Arquitetura do Centro Brasileiro da Constru\u00e7\u00e3o em A\u00e7o (CBCA). O grupo foi orientado pelo professor Daniel Corsi da Silva, que auxiliou a equipe no desenvolvimento de um projeto de ber\u00e7\u00e1rio e jardim de inf\u00e2ncia, tema da competi\u00e7\u00e3o deste ano.<\/span><\/p>\n<p style=\"text-align: justify;\"><span style=\"color: #000000;\">Os estudantes representar\u00e3o o Brasil no 10\u00ba Concurso Alacero de Dise\u00f1o en Acero para Estudiantes de Arquictetura 2017, organizado pela Associa\u00e7\u00e3o Latino-Americana do A\u00e7o (Alacero), que acontecer\u00e1 durante a 58\u00aa edi\u00e7\u00e3o do Congresso Latino-Americano de A\u00e7o, em Canc\u00fan, nos dias 06, 07 e 08\/11. Al\u00e9m de participarem da competi\u00e7\u00e3o internacional, a equipe e o professor orientador receber\u00e3o R$ 8 mil, manuais e livros sobre arquitetura e constru\u00e7\u00e3o em a\u00e7o e tr\u00eas anos de assinatura da revista Arquitetura&amp;A\u00e7o, publicada pelo CBCA.<\/span><\/p>\n<p style=\"text-align: justify;\"><span style=\"color: #000000;\">Com 485 equipes de 199 universidades inscritas, a edi\u00e7\u00e3o deste ano do Concurso bateu recorde de inscri\u00e7\u00f5es. Dos trabalhos recebidos houve uma avalia\u00e7\u00e3o entre os 125 projetos que foram entregues, dentre os quais 24 foram selecionados para a avalia\u00e7\u00e3o final. O projeto vencedor destacou-se pela excelente implanta\u00e7\u00e3o urbana, solu\u00e7\u00e3o criativa para o atendimento ao programa, flexibilidade e versatilidade de utiliza\u00e7\u00e3o, sistema estrutural adequado e arrojado \u00e0 aplica\u00e7\u00e3o do programa e boa estrat\u00e9gia de qualifica\u00e7\u00e3o urbana.<\/span><\/p>\n<p style=\"text-align: justify;\"><span style=\"color: #000000;\">A cerim\u00f4nia de premia\u00e7\u00e3o ser\u00e1 realizada em S\u00e3o Paulo, no m\u00eas de outubro, e as informa\u00e7\u00f5es ser\u00e3o divulgadas em breve no site do CBCA. Os segundo e terceiro lugares ficaram com alunos da Universidade Federal da Bahia e da Universidade do Vale do Rio dos Sinos. Foram atribu\u00eddas, ainda, duas men\u00e7\u00f5es honrosas a outra equipe da Mackenzie e a uma da Universidade Federal de Minas Gerais.<\/span><\/p>\n<p style=\"text-align: justify;\"><span style=\"color: #0000ff;\">Confira as equipes ganhadoras e as men\u00e7\u00f5es honrosas:<\/span><\/p>\n<p style=\"text-align: justify;\"><span style=\"color: #993300;\">1\u00ba Colocado<\/span><\/p>\n<p style=\"text-align: justify;\"><span style=\"color: #000000;\">Universidade Presbiteriana Mackenzie &#8211; S\u00e3o Paulo\/SP<\/span><\/p>\n<p style=\"text-align: justify;\"><span style=\"color: #000000;\">Professor Orientador: Daniel Corsi da Silva<\/span><\/p>\n<p style=\"text-align: justify;\"><span style=\"color: #000000;\">Equipe: Andr\u00e9 Spadini Honda, Greg\u00f3rio Sangwoo Kang Kim, Guilherme Silveira Ferreira e Leonardo Navarro Antunes Nilo<\/span><\/p>\n<p style=\"text-align: justify;\"><span style=\"color: #993300;\">2\u00ba Colocado<\/span><\/p>\n<p style=\"text-align: justify;\"><span style=\"color: #000000;\">Universidade Federal da Bahia<\/span><\/p>\n<p style=\"text-align: justify;\"><span style=\"color: #000000;\">Professor Orientador: Marcos Antonio Menezes Queiroz<\/span><\/p>\n<p style=\"text-align: justify;\"><span style=\"color: #000000;\">Equipe: Joana Fraga Alemar de Souza, Leonardo Gabriel Grogg e Michele Meneses de Amorim<\/span><\/p>\n<p style=\"text-align: justify;\"><span style=\"color: #993300;\">3\u00ba Colocado<\/span><\/p>\n<p style=\"text-align: justify;\"><span style=\"color: #000000;\">Universidade do Vale do Rio dos Sinos &#8211; S\u00e3o Leopoldo\/RS<\/span><\/p>\n<p style=\"text-align: justify;\"><span style=\"color: #000000;\">Professor Orientador: Patr\u00edcia Freitas Nerbas<\/span><\/p>\n<p style=\"text-align: justify;\"><span style=\"color: #000000;\">Equipe: Douglas Woloski de Abreu e Patr\u00edcia Andr\u00e9ia Klein<\/span><\/p>\n<p style=\"text-align: justify;\"><strong><span style=\"color: #000000;\">Men\u00e7\u00e3o Honrosa<\/span><\/strong><\/p>\n<p style=\"text-align: justify;\"><span style=\"color: #000000;\">Universidade Presbiteriana Mackenzie &#8211; S\u00e3o Paulo\/SP<\/span><\/p>\n<p style=\"text-align: justify;\"><span style=\"color: #000000;\">Professor Orientador: Cristiane Gallinaro<\/span><\/p>\n<p style=\"text-align: justify;\"><span style=\"color: #000000;\">Equipe: Breno Quaioti, Gabriel da Silva Martinez Ribeiro e Maur\u00edcio Addor Neto<\/span><\/p>\n<p style=\"text-align: justify;\"><strong><span style=\"color: #000000;\">Men\u00e7\u00e3o Honrosa<\/span><\/strong><\/p>\n<p style=\"text-align: justify;\"><span style=\"color: #000000;\">Universidade Federal de Minas Gerais &#8211; Belo Horizonte\/MG<\/span><\/p>\n<p style=\"text-align: justify;\"><span style=\"color: #000000;\">Professor Orientador: Otavio Curtiss Silviano Brand\u00e3o<\/span><\/p>\n<p style=\"text-align: justify;\"><span style=\"color: #000000;\">Professor Coorientador: Paulo Von Kruger<\/span><\/p>\n<p style=\"text-align: justify;\"><span style=\"color: #000000;\">Equipe: Bernardo Santiago Hauck Teixeira, Izabele Lovaglio Lopes, J\u00falia Dias da Mota, Renata Soares Tavares<\/span><\/p>\n<p style=\"text-align: justify;\"><strong><span style=\"color: #000000;\">Sobre o CBCA<\/span><\/strong><\/p>\n<p style=\"text-align: justify;\"><span style=\"color: #000000;\">O Centro Brasileiro da Constru\u00e7\u00e3o em A\u00e7o \u00e9 uma entidade gerida pelo Instituto A\u00e7o Brasil. Desde 2002, ano de sua funda\u00e7\u00e3o, procura ampliar a participa\u00e7\u00e3o da constru\u00e7\u00e3o em a\u00e7o no mercado nacional, realizando a\u00e7\u00f5es para sua divulga\u00e7\u00e3o e apoiando o seu desenvolvimento tecnol\u00f3gico.<\/span><\/p>\n<p style=\"text-align: justify;\">Fonte: Imprensa\/Instituto A\u00e7o Brasil<\/p>\n","protected":false},"excerpt":{"rendered":"<p>Setembro, 2017 &#8211; Os estudantes Andr\u00e9 Spadini Honda, Greg\u00f3rio Sangwoo Kang Kim, Guilherme Silveira Ferreira e Leonardo Navarro Antunes Nilo, da Universidade Presbiteriana Mackenzie, de S\u00e3o Paulo, foram os ganhadores da 10\u00aa edi\u00e7\u00e3o do Concurso para Estudantes de Arquitetura do Centro Brasileiro da Constru\u00e7\u00e3o em A\u00e7o (CBCA). O grupo foi orientado pelo professor Daniel Corsi [&hellip;]<\/p>\n","protected":false},"author":1,"featured_media":0,"comment_status":"open","ping_status":"open","sticky":false,"template":"","format":"standard","meta":{"_uag_custom_page_level_css":"","footnotes":""},"categories":[28],"tags":[70,911,1044,2082,2888,6203,12107],"class_list":["post-7567","post","type-post","status-publish","format-standard","hentry","category-arquitetura","tag-10a-edicao-do-concurso-para-estudantes-de-arquitetura-do-centro-brasileiro-da-construcao-em-aco-cbca","tag-arquitetura","tag-associacao-latino-americana-do-aco-alacero","tag-centro-brasileiro-da-construcao-em-aco","tag-construcao-em-aco","tag-instituto-aco-brasil","tag-universidade-presbiteriana-mackenzie-sao-paulosp"],"blocksy_meta":[],"spectra_blocks_featured_image_url":null,"spectra_blocks_author_info":{"display_name":"Jornal da Constru\u00e7\u00e3o Civil","avatar_url":"https:\/\/secure.gravatar.com\/avatar\/973c9774fd44ddaceb026973c4962faa70fc512bc4c9da68e8ebb40fecee6540?s=96&d=mm&r=g","author_link":"https:\/\/construcaocivil.siriusmarketingedesign.com.br\/?author=1","description":"Desde de 2013, levando muitas informa\u00e7\u00f5es, lan\u00e7amentos e produtos de qualidade para toda cadeia produtiva da constru\u00e7\u00e3o. O Futuro da constru\u00e7\u00e3o passa por aqui,"},"uagb_featured_image_src":{"full":false,"thumbnail":false,"medium":false,"medium_large":false,"large":false,"1536x1536":false,"2048x2048":false},"uagb_author_info":{"display_name":"Jornal da Constru\u00e7\u00e3o Civil","author_link":"https:\/\/construcaocivil.siriusmarketingedesign.com.br\/?author=1"},"uagb_comment_info":0,"uagb_excerpt":"Setembro, 2017 &#8211; Os estudantes Andr\u00e9 Spadini Honda, Greg\u00f3rio Sangwoo Kang Kim, Guilherme Silveira Ferreira e Leonardo Navarro Antunes Nilo, da Universidade Presbiteriana Mackenzie, de S\u00e3o Paulo, foram os ganhadores da 10\u00aa edi\u00e7\u00e3o do Concurso para Estudantes de Arquitetura do Centro Brasileiro da Constru\u00e7\u00e3o em A\u00e7o (CBCA). O grupo foi orientado pelo professor Daniel Corsi&hellip;","_links":{"self":[{"href":"https:\/\/construcaocivil.siriusmarketingedesign.com.br\/index.php?rest_route=\/wp\/v2\/posts\/7567","targetHints":{"allow":["GET"]}}],"collection":[{"href":"https:\/\/construcaocivil.siriusmarketingedesign.com.br\/index.php?rest_route=\/wp\/v2\/posts"}],"about":[{"href":"https:\/\/construcaocivil.siriusmarketingedesign.com.br\/index.php?rest_route=\/wp\/v2\/types\/post"}],"author":[{"embeddable":true,"href":"https:\/\/construcaocivil.siriusmarketingedesign.com.br\/index.php?rest_route=\/wp\/v2\/users\/1"}],"replies":[{"embeddable":true,"href":"https:\/\/construcaocivil.siriusmarketingedesign.com.br\/index.php?rest_route=%2Fwp%2Fv2%2Fcomments&post=7567"}],"version-history":[{"count":0,"href":"https:\/\/construcaocivil.siriusmarketingedesign.com.br\/index.php?rest_route=\/wp\/v2\/posts\/7567\/revisions"}],"wp:attachment":[{"href":"https:\/\/construcaocivil.siriusmarketingedesign.com.br\/index.php?rest_route=%2Fwp%2Fv2%2Fmedia&parent=7567"}],"wp:term":[{"taxonomy":"category","embeddable":true,"href":"https:\/\/construcaocivil.siriusmarketingedesign.com.br\/index.php?rest_route=%2Fwp%2Fv2%2Fcategories&post=7567"},{"taxonomy":"post_tag","embeddable":true,"href":"https:\/\/construcaocivil.siriusmarketingedesign.com.br\/index.php?rest_route=%2Fwp%2Fv2%2Ftags&post=7567"}],"curies":[{"name":"wp","href":"https:\/\/api.w.org\/{rel}","templated":true}]}}