{"id":7570,"date":"2017-09-11T16:27:06","date_gmt":"2017-09-11T19:27:06","guid":{"rendered":"http:\/\/www.jornaldaconstrucaocivil.com.br\/?p=7570"},"modified":"2017-09-11T16:27:06","modified_gmt":"2017-09-11T19:27:06","slug":"senai-realiza-palestras-e-oficinas-gratuitas-no-rio-de-janeiro","status":"publish","type":"post","link":"https:\/\/construcaocivil.siriusmarketingedesign.com.br\/?p=7570","title":{"rendered":"SENAI realiza palestras e oficinas  gratuitas no Rio de Janeiro"},"content":{"rendered":"<p style=\"text-align: justify;\"><span style=\"color: #000080;\"><strong><em>Na capital, nove unidades ter\u00e3o encontros para apresentar novidades do mercado de trabalho e tirar d\u00favidas de quem quer investir em capacita\u00e7\u00e3o profissional<\/em><\/strong><\/span><\/p>\n<figure id=\"attachment_7571\" aria-describedby=\"caption-attachment-7571\" style=\"width: 300px\" class=\"wp-caption alignleft\"><a href=\"http:\/\/www.jornaldaconstrucaocivil.com.br\/wp-content\/uploads\/2017\/09\/SENAI-FabLab-Benfica.-Foto-Diego-Sobral-2.jpg\"><img loading=\"lazy\" decoding=\"async\" class=\"wp-image-7571 size-medium\" src=\"http:\/\/www.jornaldaconstrucaocivil.com.br\/wp-content\/uploads\/2017\/09\/SENAI-FabLab-Benfica.-Foto-Diego-Sobral-2-300x200.jpg\" width=\"300\" height=\"200\" \/><\/a><figcaption id=\"caption-attachment-7571\" class=\"wp-caption-text\">Alunos utilizando laborat\u00f3rio do FabLab &#8211; SENAI. Foto: Diego Sobral<\/figcaption><\/figure>\n<p style=\"text-align: justify;\"><span style=\"color: #000000;\"><span style=\"color: #993300;\">Rio, setembro, 2017<\/span> &#8211; O SENAI Rio realiza, nestas <span style=\"color: #0000ff;\">quinta e sexta-feira (14 e 15\/09)<\/span>, palestras e oficinas gratuitas em todo o estado, para apresentar novidades do mercado de trabalho e tirar d\u00favidas de quem quer investir em capacita\u00e7\u00e3o profissional. Na capital fluminense, nove unidades v\u00e3o realizar encontros sobre temas como automa\u00e7\u00e3o, prototipagem, usinagem, constru\u00e7\u00e3o de rob\u00f4s, p\u00f3s-produ\u00e7\u00e3o de TV, \u00e1udio no cinema, fotografia, simula\u00e7\u00e3o, efici\u00eancia energ\u00e9tica, ardu\u00edno, lean manufacturing e profiss\u00f5es industriais.<\/span><\/p>\n<p style=\"text-align: justify;\"><span style=\"color: #000000;\">Para quem tem em mente uma ideia inovadora que ainda n\u00e3o saiu do papel, o IST Automa\u00e7\u00e3o e Simula\u00e7\u00e3o, em Benfica, vai apresentar as possibilidades de prototipagem e as ferramentas dispon\u00edveis no mercado, al\u00e9m de levar os participantes para uma visita ao FabLab, um laborat\u00f3rio de desenvolvimento de projetos e prot\u00f3tipos da escola. O espa\u00e7o faz parte de uma rede mundial criada no Center for Bits and Atoms, do Instituto de Tecnologia Massachusetts (MIT).<\/span><\/p>\n<p style=\"text-align: justify;\"><span style=\"color: #000000;\">No SENAI Laranjeiras, o destaque ser\u00e1 a palestra do editor do Canal GNT, Tasso Dourado, sobre p\u00f3s-produ\u00e7\u00e3o de TV; al\u00e9m de debate sobre o mercado de fotografia. A constru\u00e7\u00e3o de rob\u00f4s ser\u00e1 discutida nas unidades da Cinel\u00e2ndia e Jacarepagu\u00e1, que tamb\u00e9m ter\u00e3o encontros sobre tecnologias relacionadas \u00e0 constru\u00e7\u00e3o civil, el\u00e9trica b\u00e1sica para iniciantes, entre outros temas. J\u00e1 em Santa Cruz, as palestras ser\u00e3o sobre os mercados de el\u00e9trica, mec\u00e2nica e log\u00edstica.<\/span><\/p>\n<figure id=\"attachment_7572\" aria-describedby=\"caption-attachment-7572\" style=\"width: 300px\" class=\"wp-caption alignright\"><a href=\"http:\/\/www.jornaldaconstrucaocivil.com.br\/wp-content\/uploads\/2017\/09\/SENAI-FabLab-Benfica.-Foto-Diego-Sobral-4.jpg\"><img loading=\"lazy\" decoding=\"async\" class=\"wp-image-7572 size-medium\" src=\"http:\/\/www.jornaldaconstrucaocivil.com.br\/wp-content\/uploads\/2017\/09\/SENAI-FabLab-Benfica.-Foto-Diego-Sobral-4-300x200.jpg\" width=\"300\" height=\"200\" \/><\/a><figcaption id=\"caption-attachment-7572\" class=\"wp-caption-text\">Alunos utilizando laborat\u00f3rio do FabLab &#8211; SENAI. Foto: Diego Sobral<\/figcaption><\/figure>\n<p style=\"text-align: justify;\"><span style=\"color: #000000;\">Em Vicente de Carvalho, uma das palestras ser\u00e1 sobre recoloca\u00e7\u00e3o profissional, que vai dar dicas para quem est\u00e1 em busca de uma nova oportunidade no mercado. No SENAI Maracan\u00e3, haver\u00e1 oficinas sobre pintura digital, com cria\u00e7\u00e3o de ilustra\u00e7\u00f5es e pinturas utilizando tablet e photoshop; sobre cria\u00e7\u00e3o de vinhetas com After Effects, com dicas e truques para criar vinhetas de abertura, entre outros. Outros destaques da programa\u00e7\u00e3o ser\u00e3o as palestras da unidade Tijuca sobre mercado de trabalho cervejeiro, de panifica\u00e7\u00e3o, de eletricidade; al\u00e9m dos encontros do IST Solda sobre tend\u00eancias tecnol\u00f3gicas para o setor de solda.<\/span><\/p>\n<p style=\"text-align: justify;\"><span style=\"color: #000000;\">Os hor\u00e1rios variam de acordo com a unidade SENAI. As inscri\u00e7\u00f5es para as palestras e oficinas podem ser feitas no site <span style=\"text-decoration: underline;\"><span style=\"color: #0000ff; text-decoration: underline;\">www.cursosenairio.com.br\/mundosenai<\/span><\/span>, onde tamb\u00e9m est\u00e1 dispon\u00edvel a programa\u00e7\u00e3o completa. Mais informa\u00e7\u00f5es tamb\u00e9m podem ser obtidas pelo <span style=\"color: #0000ff;\">0800 0231 231<\/span>.<\/span><\/p>\n<p style=\"text-align: justify;\"><span style=\"color: #000000;\"><span style=\"color: #993300;\">Projetos<\/span> \u2013 As unidades SENAI tamb\u00e9m ser\u00e3o palco de exposi\u00e7\u00f5es com projetos desenvolvidos por profissionais do SENAI e alunos. \u00c9 a mostra de projetos integradores do <span style=\"color: #0000ff;\">Desafio SENAI + Ind\u00fastria<\/span>, que une educa\u00e7\u00e3o e inova\u00e7\u00e3o para estimular alunos e transformar a ind\u00fastria. Os projetos dos estudantes foram desenvolvidos a partir de desafios reais da ind\u00fastria fluminense.<\/span><\/p>\n<p><span style=\"color: #000080;\">EVENTO: MUNDO SENAI &#8211; PALESTRAS E OFICINAS GRATUITAS DO SENAI NA CAPITAL FLUMINENSE<\/span><\/p>\n<p><span style=\"color: #000080;\">DATAS: QUINTA E SEXTA-FEIRA, 14 E 15 DE SETEMBRO DE 2017<\/span><\/p>\n<p><span style=\"color: #000080;\">ENTRADA: GRATUITA<\/span><\/p>\n<p style=\"text-align: justify;\"><strong><span style=\"color: #993300;\">LOCAIS:<\/span><\/strong><\/p>\n<p style=\"text-align: justify;\"><span style=\"color: #000000;\">&#8211; IST (INSTITUTO SENAI DE TECNOLOGIA) AUTOMA\u00c7\u00c3O &amp; SIMULA\u00c7\u00c3O &#8211; PRA\u00c7A NATIVIDADE SALDANHA, 19, BENFICA<\/span><\/p>\n<p style=\"text-align: justify;\"><span style=\"color: #000000;\">&#8211; IST (INSTITUTO SENAI DE TECNOLOGIA) SOLDA &#8211; R. S\u00c3O FRANCISCO XAVIER, 601, MARACAN\u00c3 (EM FRENTE A UERJ)<\/span><\/p>\n<p style=\"text-align: justify;\"><span style=\"color: #000000;\">&#8211; SENAI CINEL\u00c2NDIA: RUA SANTA LUZIA, 685, CENTRO<\/span><\/p>\n<p style=\"text-align: justify;\"><span style=\"color: #000000;\">&#8211; SENAI JACAREPAGU\u00c1 &#8211; AV. GEREM\u00c1RIO DANTAS, 940, FREGUESIA<\/span><\/p>\n<p style=\"text-align: justify;\"><span style=\"color: #000000;\">&#8211; SENAI LARANJEIRAS &#8211; RUA IPIRANGA, 75, LARANJEIRAS<\/span><\/p>\n<p style=\"text-align: justify;\"><span style=\"color: #000000;\">&#8211; SENAI MARACAN\u00c3 &#8211; RUA S\u00c3O FRANCISCO XAVIER, 417, MARACAN\u00c3<\/span><\/p>\n<p style=\"text-align: justify;\"><span style=\"color: #000000;\">&#8211; SENAI SANTA CRUZ &#8211; RUA FELIPE CARDOSO, 713, SANTA CRUZ<\/span><\/p>\n<p style=\"text-align: justify;\"><span style=\"color: #000000;\">&#8211; SENAI TIJUCA &#8211; RUA MORAIS E SILVA, 53, TIJUCA<\/span><\/p>\n<p style=\"text-align: justify;\"><span style=\"color: #000000;\">&#8211; SENAI VICENTE DE CARVALHO &#8211; AV. PASTOR MARTIN LUTHER KING JR., 6475, VICENTE DE CARVALHO<\/span><\/p>\n<p style=\"text-align: justify;\">Fonte: Imprensa\/Firjan<\/p>\n<p>&nbsp;<\/p>\n<p>&nbsp;<\/p>\n","protected":false},"excerpt":{"rendered":"<p>Na capital, nove unidades ter\u00e3o encontros para apresentar novidades do mercado de trabalho e tirar d\u00favidas de quem quer investir em capacita\u00e7\u00e3o profissional Rio, setembro, 2017 &#8211; O SENAI Rio realiza, nestas quinta e sexta-feira (14 e 15\/09), palestras e oficinas gratuitas em todo o estado, para apresentar novidades do mercado de trabalho e tirar [&hellip;]<\/p>\n","protected":false},"author":1,"featured_media":7571,"comment_status":"open","ping_status":"open","sticky":false,"template":"","format":"standard","meta":{"_uag_custom_page_level_css":"","footnotes":""},"categories":[27],"tags":[856,1092,1122,2874,3986,5219,6250,6762,9166,9578,9808,10375,10879,10885,11101,12147],"class_list":["post-7570","post","type-post","status-publish","format-standard","has-post-thumbnail","hentry","category-acontece","tag-arduino","tag-audio-no-cinema","tag-automacao","tag-construcao-de-robos","tag-eficiencia-energetica","tag-fotografia","tag-instituto-senai-de-tecnologia","tag-lean-manufacturing","tag-pos-producao-de-tv","tag-profissoes-industriais","tag-prototipagem","tag-rio-de-janeiro","tag-senai-maracana","tag-senai-realiza-palestras-e-oficinas-gratuitas-no-rio-de-janeiro","tag-simulacao","tag-usinagem"],"blocksy_meta":[],"spectra_blocks_featured_image_url":[],"spectra_blocks_author_info":{"display_name":"Jornal da Constru\u00e7\u00e3o Civil","avatar_url":"https:\/\/secure.gravatar.com\/avatar\/973c9774fd44ddaceb026973c4962faa70fc512bc4c9da68e8ebb40fecee6540?s=96&d=mm&r=g","author_link":"https:\/\/construcaocivil.siriusmarketingedesign.com.br\/?author=1","description":"Desde de 2013, levando muitas informa\u00e7\u00f5es, lan\u00e7amentos e produtos de qualidade para toda cadeia produtiva da constru\u00e7\u00e3o. O Futuro da constru\u00e7\u00e3o passa por aqui,"},"uagb_featured_image_src":{"full":false,"thumbnail":false,"medium":false,"medium_large":false,"large":false,"1536x1536":false,"2048x2048":false},"uagb_author_info":{"display_name":"Jornal da Constru\u00e7\u00e3o Civil","author_link":"https:\/\/construcaocivil.siriusmarketingedesign.com.br\/?author=1"},"uagb_comment_info":0,"uagb_excerpt":"Na capital, nove unidades ter\u00e3o encontros para apresentar novidades do mercado de trabalho e tirar d\u00favidas de quem quer investir em capacita\u00e7\u00e3o profissional Rio, setembro, 2017 &#8211; O SENAI Rio realiza, nestas quinta e sexta-feira (14 e 15\/09), palestras e oficinas gratuitas em todo o estado, para apresentar novidades do mercado de trabalho e tirar&hellip;","_links":{"self":[{"href":"https:\/\/construcaocivil.siriusmarketingedesign.com.br\/index.php?rest_route=\/wp\/v2\/posts\/7570","targetHints":{"allow":["GET"]}}],"collection":[{"href":"https:\/\/construcaocivil.siriusmarketingedesign.com.br\/index.php?rest_route=\/wp\/v2\/posts"}],"about":[{"href":"https:\/\/construcaocivil.siriusmarketingedesign.com.br\/index.php?rest_route=\/wp\/v2\/types\/post"}],"author":[{"embeddable":true,"href":"https:\/\/construcaocivil.siriusmarketingedesign.com.br\/index.php?rest_route=\/wp\/v2\/users\/1"}],"replies":[{"embeddable":true,"href":"https:\/\/construcaocivil.siriusmarketingedesign.com.br\/index.php?rest_route=%2Fwp%2Fv2%2Fcomments&post=7570"}],"version-history":[{"count":0,"href":"https:\/\/construcaocivil.siriusmarketingedesign.com.br\/index.php?rest_route=\/wp\/v2\/posts\/7570\/revisions"}],"wp:attachment":[{"href":"https:\/\/construcaocivil.siriusmarketingedesign.com.br\/index.php?rest_route=%2Fwp%2Fv2%2Fmedia&parent=7570"}],"wp:term":[{"taxonomy":"category","embeddable":true,"href":"https:\/\/construcaocivil.siriusmarketingedesign.com.br\/index.php?rest_route=%2Fwp%2Fv2%2Fcategories&post=7570"},{"taxonomy":"post_tag","embeddable":true,"href":"https:\/\/construcaocivil.siriusmarketingedesign.com.br\/index.php?rest_route=%2Fwp%2Fv2%2Ftags&post=7570"}],"curies":[{"name":"wp","href":"https:\/\/api.w.org\/{rel}","templated":true}]}}