{"id":7589,"date":"2017-09-12T15:25:33","date_gmt":"2017-09-12T18:25:33","guid":{"rendered":"http:\/\/www.jornaldaconstrucaocivil.com.br\/?p=7589"},"modified":"2017-09-12T15:25:33","modified_gmt":"2017-09-12T18:25:33","slug":"giro-construcao-civil-apresenta-as-tendencias-e-inovacoes-no-uso-de-marmores-e-granitos","status":"publish","type":"post","link":"https:\/\/construcaocivil.siriusmarketingedesign.com.br\/?p=7589","title":{"rendered":"Giro Constru\u00e7\u00e3o Civil apresenta as tend\u00eancias e inova\u00e7\u00f5es no uso de m\u00e1rmores e granitos"},"content":{"rendered":"<p style=\"text-align: justify;\"><span style=\"color: #000080;\"><em><strong>Nesta quinta-feira, dia 14, o evento de decora\u00e7\u00e3o <span style=\"color: #993300;\">Morar Mais por Menos<\/span>, no CasaShopping, recebe palestra gratuita promovida pela FIRJAN e sindicatos do setor<\/strong><\/em><\/span><\/p>\n<p style=\"text-align: justify;\"><span style=\"color: #000000;\"><span style=\"color: #993300;\">Setembro, 2017<\/span> &#8211; As tend\u00eancias e inova\u00e7\u00f5es no uso de m\u00e1rmores e granitos em projetos de arquitetura \u00e9 o tema do Giro Constru\u00e7\u00e3o Civil que o Sistema FIRJAN promove durante o evento de decora\u00e7\u00e3o<span style=\"color: #0000ff;\"> \u2018Morar Mais por Menos\u2019<\/span>, que ocorre no CasaShopping, na Barra da Tijuca, zona oeste do Rio. Voltada para arquitetos, designers, decoradores, empres\u00e1rios do segmento de decora\u00e7\u00e3o e empresas fornecedoras e visitantes do evento, a palestra acontece no dia 14, das 18h \u00e0s 20h.<\/span><\/p>\n<p style=\"text-align: justify;\"><span style=\"color: #000000;\">O Giro Constru\u00e7\u00e3o Civil \u00e9 um ciclo de palestras tem\u00e1tico a cada edi\u00e7\u00e3o, com o objetivo de apresentar um panorama atualizado sobre o mercado da constru\u00e7\u00e3o. Os encontros gratuitos fornecem informa\u00e7\u00f5es setorial qualificada sobre conceitos, produtos, tecnologias, equipamentos, processos industriais, mat\u00e9rias-primas, comportamento e consumo, que podem impactar no desenvolvimento dos setores industriais.<\/span><\/p>\n<p style=\"text-align: justify;\"><span style=\"color: #000000;\"><span style=\"color: #000080;\"><em>\u201cAl\u00e9m dos profissionais envolvidos no projeto e execu\u00e7\u00e3o com o uso de m\u00e1rmores e granitos, podem participar da palestra estudantes e professores do setor\u201d<\/em><\/span>, diz o especialista setorial da Constru\u00e7\u00e3o Civil da FIRJAN, Roberto da Cunha, destacando que esta edi\u00e7\u00e3o tem o apoio do SIMAGRAN-Rio e do SINCOCIMO.<\/span><\/p>\n<p style=\"text-align: justify;\"><span style=\"color: #000000;\">Mais informa\u00e7\u00f5es em<span style=\"text-decoration: underline;\"><span style=\"color: #0000ff; text-decoration: underline;\"> www.firjan.com.br\/eventos\/giro-construcao-civil-marmores-e-granitos.htm<\/span><\/span><\/span><\/p>\n<p style=\"text-align: justify;\"><span style=\"color: #000000;\">O coordenador do Conselho Empresarial de Rochas Ornamentais da FIRJAN, presidente do SIMAGRAN-Rio (Sindicato da Ind\u00fastria de M\u00e1rmores, Granitos e Rochas Afins do estado do Rio) e diretor da Brasilis Pietra\u00a0 M\u00e1rmores e Granitos, Mauro Varej\u00e3o, e o diretor da M\u00e1rmores e Granitos Esp\u00edrito Santo, Rafael Porto, falar\u00e3o sobre as inova\u00e7\u00f5es e aplica\u00e7\u00f5es de rochas ornamentais em projetos de arquitetura, decora\u00e7\u00e3o e constru\u00e7\u00e3o. A dupla tamb\u00e9m responder\u00e1 perguntas do p\u00fablico sobre as tend\u00eancias do setor.<\/span><\/p>\n<p style=\"text-align: justify;\"><span style=\"color: #000000;\">EVENTO: Giro Constru\u00e7\u00e3o Civil M\u00e1rmores e Granitos<\/span><\/p>\n<p style=\"text-align: justify;\"><span style=\"color: #000000;\">DATA: quinta-feira, 14 de setembro<\/span><\/p>\n<p style=\"text-align: justify;\"><span style=\"color: #000000;\">HOR\u00c1RIO: 18h<\/span><\/p>\n<p style=\"text-align: justify;\"><span style=\"color: #000000;\">LOCAL: CasaShopping \u2013 Av Ayrton Senna 2150 &#8211; Barra da Tijuca<\/span><\/p>\n<p style=\"text-align: justify;\">Fonte: Imprensa\/Firjan<\/p>\n<p style=\"text-align: justify;\">\n<p style=\"text-align: justify;\">\n<p style=\"text-align: justify;\">\n<p>&nbsp;<\/p>\n","protected":false},"excerpt":{"rendered":"<p>Nesta quinta-feira, dia 14, o evento de decora\u00e7\u00e3o Morar Mais por Menos, no CasaShopping, recebe palestra gratuita promovida pela FIRJAN e sindicatos do setor Setembro, 2017 &#8211; As tend\u00eancias e inova\u00e7\u00f5es no uso de m\u00e1rmores e granitos em projetos de arquitetura \u00e9 o tema do Giro Constru\u00e7\u00e3o Civil que o Sistema FIRJAN promove durante o [&hellip;]<\/p>\n","protected":false},"author":1,"featured_media":0,"comment_status":"open","ping_status":"open","sticky":false,"template":"","format":"standard","meta":{"_uag_custom_page_level_css":"","footnotes":""},"categories":[27],"tags":[1985,4690,5496,5601,9751,10375,10445,11093],"class_list":["post-7589","post","type-post","status-publish","format-standard","hentry","category-acontece","tag-casashopping-av-ayrton-senna-2150-barra-da-tijuca","tag-evento-de-decoracao-morar-mais-por-menos","tag-giro-construcao-civil-marmores-e-granitos","tag-granitos-e-rochas-afins-do-estado-do-rio","tag-projetos-de-arquitetura-decoracao-construcao","tag-rio-de-janeiro","tag-roberto-da-cunha-especialista-setorial-da-construcao-civil-da-firjan","tag-simagran-rio-sindicato-da-industria-de-marmores"],"blocksy_meta":[],"spectra_blocks_featured_image_url":null,"spectra_blocks_author_info":{"display_name":"Jornal da Constru\u00e7\u00e3o Civil","avatar_url":"https:\/\/secure.gravatar.com\/avatar\/973c9774fd44ddaceb026973c4962faa70fc512bc4c9da68e8ebb40fecee6540?s=96&d=mm&r=g","author_link":"https:\/\/construcaocivil.siriusmarketingedesign.com.br\/?author=1","description":"Desde de 2013, levando muitas informa\u00e7\u00f5es, lan\u00e7amentos e produtos de qualidade para toda cadeia produtiva da constru\u00e7\u00e3o. O Futuro da constru\u00e7\u00e3o passa por aqui,"},"uagb_featured_image_src":{"full":false,"thumbnail":false,"medium":false,"medium_large":false,"large":false,"1536x1536":false,"2048x2048":false},"uagb_author_info":{"display_name":"Jornal da Constru\u00e7\u00e3o Civil","author_link":"https:\/\/construcaocivil.siriusmarketingedesign.com.br\/?author=1"},"uagb_comment_info":0,"uagb_excerpt":"Nesta quinta-feira, dia 14, o evento de decora\u00e7\u00e3o Morar Mais por Menos, no CasaShopping, recebe palestra gratuita promovida pela FIRJAN e sindicatos do setor Setembro, 2017 &#8211; As tend\u00eancias e inova\u00e7\u00f5es no uso de m\u00e1rmores e granitos em projetos de arquitetura \u00e9 o tema do Giro Constru\u00e7\u00e3o Civil que o Sistema FIRJAN promove durante o&hellip;","_links":{"self":[{"href":"https:\/\/construcaocivil.siriusmarketingedesign.com.br\/index.php?rest_route=\/wp\/v2\/posts\/7589","targetHints":{"allow":["GET"]}}],"collection":[{"href":"https:\/\/construcaocivil.siriusmarketingedesign.com.br\/index.php?rest_route=\/wp\/v2\/posts"}],"about":[{"href":"https:\/\/construcaocivil.siriusmarketingedesign.com.br\/index.php?rest_route=\/wp\/v2\/types\/post"}],"author":[{"embeddable":true,"href":"https:\/\/construcaocivil.siriusmarketingedesign.com.br\/index.php?rest_route=\/wp\/v2\/users\/1"}],"replies":[{"embeddable":true,"href":"https:\/\/construcaocivil.siriusmarketingedesign.com.br\/index.php?rest_route=%2Fwp%2Fv2%2Fcomments&post=7589"}],"version-history":[{"count":0,"href":"https:\/\/construcaocivil.siriusmarketingedesign.com.br\/index.php?rest_route=\/wp\/v2\/posts\/7589\/revisions"}],"wp:attachment":[{"href":"https:\/\/construcaocivil.siriusmarketingedesign.com.br\/index.php?rest_route=%2Fwp%2Fv2%2Fmedia&parent=7589"}],"wp:term":[{"taxonomy":"category","embeddable":true,"href":"https:\/\/construcaocivil.siriusmarketingedesign.com.br\/index.php?rest_route=%2Fwp%2Fv2%2Fcategories&post=7589"},{"taxonomy":"post_tag","embeddable":true,"href":"https:\/\/construcaocivil.siriusmarketingedesign.com.br\/index.php?rest_route=%2Fwp%2Fv2%2Ftags&post=7589"}],"curies":[{"name":"wp","href":"https:\/\/api.w.org\/{rel}","templated":true}]}}