{"id":760,"date":"2016-01-23T20:32:36","date_gmt":"2016-01-23T20:32:36","guid":{"rendered":"http:\/\/www.jornaldaconstrucaocivil.com.br\/?p=760"},"modified":"2016-01-23T20:32:36","modified_gmt":"2016-01-23T20:32:36","slug":"mais-quatro-estados-integram-a-rede-e-tec-brasil-no-senar","status":"publish","type":"post","link":"https:\/\/construcaocivil.siriusmarketingedesign.com.br\/?p=760","title":{"rendered":"Mais quatro estados integram a Rede e-Tec Brasil no SENAR"},"content":{"rendered":"<p><span style=\"color: #0000ff; font-family: Calibri;\"><strong>Eles viajam horas\u00a0 para assistir uma aula presencial ou colocar em pr\u00e1tica seus conhecimentos. Deise Mondadori e Eduardo Hofman s\u00e3o ga\u00fachos e alunos do\u00a0 Curso T\u00e9cnico em Agroneg\u00f3cio da Rede e-Tec Brasil no SENAR, no polo de S\u00e3o Joaquim, em Santa Catarina. Ela, administradora de empresas, especializada em Planejamento e Controladoria e, ainda, em Gest\u00e3o Estrat\u00e9gica de Custos, mora e trabalha em Vacaria, a 173 km de S\u00e3o Joaquim. Ele, acad\u00eamico de Engenharia Mec\u00e2nica, vive em Cachoeirinha e percorre um trecho de estrada ainda mais longo, 290 km.<\/strong> <\/span><\/p>\n<div>\n<figure id=\"attachment_761\" aria-describedby=\"caption-attachment-761\" style=\"width: 300px\" class=\"wp-caption alignleft\"><a href=\"http:\/\/www.jornaldaconstrucaocivil.com.br\/wp-content\/uploads\/2016\/01\/SENEAR.jpg\"><img loading=\"lazy\" decoding=\"async\" class=\"wp-image-761 size-medium\" src=\"http:\/\/www.jornaldaconstrucaocivil.com.br\/wp-content\/uploads\/2016\/01\/SENEAR-300x168.jpg\" alt=\"SENEAR\" width=\"300\" height=\"168\" \/><\/a><figcaption id=\"caption-attachment-761\" class=\"wp-caption-text\"><span style=\"color: #ff0000;\">Alunos do polo de apoio da Rede e-Tec Brasil no SENAR em S\u00e3o Joaquim (SC). Foto: SENAR <\/span><\/figcaption><\/figure>\n<p><span style=\"color: #000000;\">\u00a0<\/span><span style=\"color: #000000;\">Ambos acham que vale muito a pena toda essa dedica\u00e7\u00e3o.\u00a0 \u201cO SENAR est\u00e1 oferecendo uma oportunidade de ouro para quem souber aproveitar\u201d \u2013 avalia Deise. \u201cEsse curso supera todas as expectativas\u201d \u2013 garante Eduardo. E a boa not\u00edcia \u00e9 que ga\u00fachos como eles, interessados no Curso T\u00e9cnico em Agroneg\u00f3cio, agora v\u00e3o poder frequentar as aulas presenciais no rec\u00e9m inaugurado polo de apoio da rede em seu pr\u00f3prio estado.<\/span><\/div>\n<div><span style=\"color: #000000;\">\u00a0<\/span><\/div>\n<div><span style=\"color: #000000;\">Al\u00e9m do Rio Grande do Sul, Bahia, Rond\u00f4nia e Roraima tamb\u00e9m passaram a integrar a Rede e-Tec Brasil no Senar \u00a0e participam do novo processo seletivo para o curso, aberto no \u00faltimo dia 15. Ao todo, \u00a058 polos da rede espalhados por 19 estados do pa\u00eds oferecem mais de 2.500 vagas nesta sele\u00e7\u00e3o que est\u00e1 com as inscri\u00e7\u00f5es abertas no portal <span style=\"color: #0000ff;\"><a style=\"color: #0000ff;\" href=\"http:\/\/etec.senar.org.br\/\" target=\"_blank\">http:\/\/etec.senar.org.br\/<\/a><\/span> at\u00e9 o dia 15 de fevereiro. Para se inscrever, o candidato deve ter o Ensino M\u00e9dio completo.<\/span><\/div>\n<div><\/div>\n<div><span style=\"color: #000000;\">Certificado pelo Minist\u00e9rio da Educa\u00e7\u00e3o, o Curso T\u00e9cnico em Agroneg\u00f3cio vem desde o in\u00edcio de 2015 ampliando o acesso da popula\u00e7\u00e3o rural ao ensino m\u00e9dio profissionalizante. E com uma qualidade que \u00a0reflete mais de duas d\u00e9cadas de experi\u00eancia do SENAR na forma\u00e7\u00e3o profissional rural.\u00a0 Gratuito e semipresencial, com 1.230 horas-aula,\u00a0 o curso permite que o aluno assista a maior parte das aulas (80%) pela internet. As aulas presenciais, nos polos de apoio,\u00a0 s\u00e3o, em geral, de duas a tr\u00eas vezes por m\u00eas, assim como as visitas t\u00e9cnicas para aquisi\u00e7\u00e3o de pr\u00e1tica.<\/span><\/p>\n<div><\/div>\n<div><span style=\"color: #000000;\">Dayse Beltrame, coordenadora do polo de apoio de S\u00e3o Joaquim, considera a iniciativa do SENAR, em levar ao campo o \u00a0ensino formal de n\u00edvel t\u00e9cnico,\u00a0 uma grande conquista para o Brasil rural. \u201cEstamos muito felizes em contribuir para fomentar o desenvolvimento e promover a perman\u00eancia do homem no campo. Hoje, j\u00e1 com duas turmas em nosso polo, vejo que o objetivo de formar profissionais habilitados na aplica\u00e7\u00e3o dos procedimentos de gest\u00e3o e de comercializa\u00e7\u00e3o do agroneg\u00f3cio est\u00e1 sendo alcan\u00e7ado, pelo comprometimento e a satisfa\u00e7\u00e3o de todas as partes, da entidade e dos alunos\u201d.<\/span><\/div>\n<div><\/div>\n<div>\n<figure id=\"attachment_762\" aria-describedby=\"caption-attachment-762\" style=\"width: 300px\" class=\"wp-caption alignright\"><a href=\"http:\/\/www.jornaldaconstrucaocivil.com.br\/wp-content\/uploads\/2016\/01\/Eduardo.jpg\"><img loading=\"lazy\" decoding=\"async\" class=\"wp-image-762 size-medium\" src=\"http:\/\/www.jornaldaconstrucaocivil.com.br\/wp-content\/uploads\/2016\/01\/Eduardo-300x200.jpg\" alt=\"Eduardo\" width=\"300\" height=\"200\" \/><\/a><figcaption id=\"caption-attachment-762\" class=\"wp-caption-text\"><span style=\"color: #ff0000;\">Eduardo Hofman, 1\u00ba. colocado do polo de S\u00e3o Joaquim (SC) na \u00faltima sele\u00e7\u00e3o. Foto: SENAR<\/span><\/figcaption><\/figure>\n<\/div>\n<div><span style=\"color: #000000;\">Eduardo Hofman \u00e9 o retrato da satisfa\u00e7\u00e3o mencionada pela coordenadora. Nem as quatro horas de estrada para assistir as aulas presenciais esfriam seu entusiasmo. \u201cMeu interesse por esse curso sempre foi t\u00e3o grande que estudei para passar no exame de sele\u00e7\u00e3o e fui o primeiro colocado no polo de S\u00e3o Joaquim. Como estou cursando tamb\u00e9m Engenharia Mec\u00e2nica, queria entender melhor as necessidades do produtor rural, pois tudo o que \u00e9 usado de equipamento no campo \u00e9 projetado pelo engenheiro. E o curso t\u00e9cnico n\u00e3o para de me surpreender. Estamos tendo acesso a um conhecimento de ponta, o conte\u00fado \u00e9 muito atual e a metodologia excelente\u201d.<\/span><\/div>\n<div><\/div>\n<div><span style=\"color: #000000;\"><strong>Horizonte ampliado<\/strong><\/span><\/div>\n<\/div>\n<div><\/div>\n<div><span style=\"color: #000000;\">T\u00e3o entusiasmada quanto o colega, Deise Mondadori tamb\u00e9m n\u00e3o poupa elogios ao Curso T\u00e9cnico em Agroneg\u00f3cio do SENAR. \u201cO material \u00e9 fant\u00e1stico, did\u00e1tica de f\u00e1cil compreens\u00e3o. As aulas online s\u00e3o interativas e \u00e9 como se\u00a0 estiv\u00e9ssemos com o professor na nossa frente. E sempre temos apoio dos tutores e professores para nos orientar a dist\u00e2ncia ou nas aulas presenciais\u201d.<\/span><\/div>\n<div><\/div>\n<div>\n<figure id=\"attachment_763\" aria-describedby=\"caption-attachment-763\" style=\"width: 300px\" class=\"wp-caption alignleft\"><a href=\"http:\/\/www.jornaldaconstrucaocivil.com.br\/wp-content\/uploads\/2016\/01\/DEISE.jpg\"><img loading=\"lazy\" decoding=\"async\" class=\"wp-image-763 size-medium\" src=\"http:\/\/www.jornaldaconstrucaocivil.com.br\/wp-content\/uploads\/2016\/01\/DEISE-300x169.jpg\" alt=\"DEISE\" width=\"300\" height=\"169\" \/><\/a><figcaption id=\"caption-attachment-763\" class=\"wp-caption-text\"><span style=\"color: #ff0000;\">\u201cMeu horizonte se expandiu com esse curso\u201d, Deise Mondadori. Foto: SENAR<\/span><\/figcaption><\/figure>\n<p><span style=\"color: #000000;\">Deise tem um forte v\u00ednculo com a terra. Aos 85 anos, seu av\u00f4 paterno ainda vive no campo e ela alimenta um \u00a0sonho. \u201cVejo que temos ainda muitas coisas\u00a0 para descobrir na \u00e1rea do agroneg\u00f3cio e meu sonho \u00e9 fazer uma grande descoberta que possa impactar e resultar no bem estar de milhares de pessoas\u201d. O caminho para isso, ela n\u00e3o tem d\u00favidas, \u00e9 o que est\u00e1 seguindo. \u201cMeu universo era planejamento e controle e hoje, com o curso t\u00e9cnico, meu horizonte se expandiu e consigo visualizar muito mais claramente novas possibilidades para o produtor rural. \u00c9 preciso entender que a propriedade rural \u00e9 um neg\u00f3cio, tem que dar lucro, sustentar e ser sustent\u00e1vel, respeitando os limites das pessoas e do meio ambiente\u201d.<\/span><\/div>\n<div>\n<div><span style=\"color: #0000ff;\"><em>Mais informa\u00e7\u00f5es e edital da sele\u00e7\u00e3o para o Curso T\u00e9cnico em Agroneg\u00f3cio:<\/em><\/span><\/div>\n<div><span style=\"color: #0000ff;\"><a style=\"color: #0000ff;\" href=\"http:\/\/etec.senar.org.br\/\" target=\"_blank\">http:\/\/etec.senar.org.br\/<\/a><\/span><\/div>\n<\/div>\n<div><\/div>\n<div><span style=\"color: #003366;\">Fonte: Assessoria de Imprensa SENAR<\/span><\/div>\n","protected":false},"excerpt":{"rendered":"<p>Eles viajam horas\u00a0 para assistir uma aula presencial ou colocar em pr\u00e1tica seus conhecimentos. Deise Mondadori e Eduardo Hofman s\u00e3o ga\u00fachos e alunos do\u00a0 Curso T\u00e9cnico em Agroneg\u00f3cio da Rede e-Tec Brasil no SENAR, no polo de S\u00e3o Joaquim, em Santa Catarina. Ela, administradora de empresas, especializada em Planejamento e Controladoria e, ainda, em Gest\u00e3o [&hellip;]<\/p>\n","protected":false},"author":1,"featured_media":761,"comment_status":"open","ping_status":"open","sticky":false,"template":"","format":"standard","meta":{"_uag_custom_page_level_css":"","footnotes":""},"categories":[37],"tags":[541,1535,3272,4654,10652,10893],"class_list":["post-760","post","type-post","status-publish","format-standard","has-post-thumbnail","hentry","category-sustentabilidade","tag-agronegocio","tag-brasil","tag-curso","tag-etec","tag-sao-joaquim-sc","tag-senar"],"blocksy_meta":[],"spectra_blocks_featured_image_url":[],"spectra_blocks_author_info":{"display_name":"Jornal da Constru\u00e7\u00e3o Civil","avatar_url":"https:\/\/secure.gravatar.com\/avatar\/973c9774fd44ddaceb026973c4962faa70fc512bc4c9da68e8ebb40fecee6540?s=96&d=mm&r=g","author_link":"https:\/\/construcaocivil.siriusmarketingedesign.com.br\/?author=1","description":"Desde de 2013, levando muitas informa\u00e7\u00f5es, lan\u00e7amentos e produtos de qualidade para toda cadeia produtiva da constru\u00e7\u00e3o. O Futuro da constru\u00e7\u00e3o passa por aqui,"},"uagb_featured_image_src":{"full":false,"thumbnail":false,"medium":false,"medium_large":false,"large":false,"1536x1536":false,"2048x2048":false},"uagb_author_info":{"display_name":"Jornal da Constru\u00e7\u00e3o Civil","author_link":"https:\/\/construcaocivil.siriusmarketingedesign.com.br\/?author=1"},"uagb_comment_info":0,"uagb_excerpt":"Eles viajam horas\u00a0 para assistir uma aula presencial ou colocar em pr\u00e1tica seus conhecimentos. Deise Mondadori e Eduardo Hofman s\u00e3o ga\u00fachos e alunos do\u00a0 Curso T\u00e9cnico em Agroneg\u00f3cio da Rede e-Tec Brasil no SENAR, no polo de S\u00e3o Joaquim, em Santa Catarina. Ela, administradora de empresas, especializada em Planejamento e Controladoria e, ainda, em Gest\u00e3o&hellip;","_links":{"self":[{"href":"https:\/\/construcaocivil.siriusmarketingedesign.com.br\/index.php?rest_route=\/wp\/v2\/posts\/760","targetHints":{"allow":["GET"]}}],"collection":[{"href":"https:\/\/construcaocivil.siriusmarketingedesign.com.br\/index.php?rest_route=\/wp\/v2\/posts"}],"about":[{"href":"https:\/\/construcaocivil.siriusmarketingedesign.com.br\/index.php?rest_route=\/wp\/v2\/types\/post"}],"author":[{"embeddable":true,"href":"https:\/\/construcaocivil.siriusmarketingedesign.com.br\/index.php?rest_route=\/wp\/v2\/users\/1"}],"replies":[{"embeddable":true,"href":"https:\/\/construcaocivil.siriusmarketingedesign.com.br\/index.php?rest_route=%2Fwp%2Fv2%2Fcomments&post=760"}],"version-history":[{"count":0,"href":"https:\/\/construcaocivil.siriusmarketingedesign.com.br\/index.php?rest_route=\/wp\/v2\/posts\/760\/revisions"}],"wp:attachment":[{"href":"https:\/\/construcaocivil.siriusmarketingedesign.com.br\/index.php?rest_route=%2Fwp%2Fv2%2Fmedia&parent=760"}],"wp:term":[{"taxonomy":"category","embeddable":true,"href":"https:\/\/construcaocivil.siriusmarketingedesign.com.br\/index.php?rest_route=%2Fwp%2Fv2%2Fcategories&post=760"},{"taxonomy":"post_tag","embeddable":true,"href":"https:\/\/construcaocivil.siriusmarketingedesign.com.br\/index.php?rest_route=%2Fwp%2Fv2%2Ftags&post=760"}],"curies":[{"name":"wp","href":"https:\/\/api.w.org\/{rel}","templated":true}]}}