{"id":7603,"date":"2017-09-13T20:39:06","date_gmt":"2017-09-13T23:39:06","guid":{"rendered":"http:\/\/www.jornaldaconstrucaocivil.com.br\/?p=7603"},"modified":"2017-09-13T20:39:06","modified_gmt":"2017-09-13T23:39:06","slug":"recomendacao-pede-que-cooperativas-de-catadores-atuem-no-rock-in-rio-e-no-carnaval","status":"publish","type":"post","link":"https:\/\/construcaocivil.siriusmarketingedesign.com.br\/?p=7603","title":{"rendered":"Recomenda\u00e7\u00e3o pede que cooperativas de catadores atuem no Rock in Rio e no Carnaval"},"content":{"rendered":"<p style=\"text-align: justify;\"><span style=\"color: #000080;\"><em><strong>Texto conjunto da Defensoria P\u00fablica da Uni\u00e3o e da Defensoria P\u00fablica do Estado do Rio de Janeiro visa ao cumprimento da Pol\u00edtica Nacional de Res\u00edduos S\u00f3lidos.<\/strong><\/em><\/span><\/p>\n<p style=\"text-align: justify;\"><span style=\"color: #000000;\"><span style=\"color: #993300;\">Rio, setembro, 2017<\/span> \u2013 A Defensoria P\u00fablica da Uni\u00e3o (DPU), por meio do Grupo de Trabalho (GT) Catadores e Catadoras, e o N\u00facleo de Defesa de Direitos Humanos da Defensoria P\u00fablica do Estado do Rio de Janeiro (DPRJ) recomendaram, nesta quarta-feira (13), a contrata\u00e7\u00e3o de cooperativas e associa\u00e7\u00f5es de catadores para realizarem a coleta seletiva de res\u00edduos na Cidade do Rock, palco do festival Rock in Rio, e nos eventos do Carnaval 2018. A a\u00e7\u00e3o busca garantir o cumprimento da Lei 12.305\/2010 \u2013 conhecida como Pol\u00edtica Nacional de Res\u00edduos S\u00f3lidos \u2013, que determina a inclus\u00e3o social e a emancipa\u00e7\u00e3o econ\u00f4mica das cooperativas.<\/span><\/p>\n<p style=\"text-align: justify;\"><span style=\"color: #000000;\">A recomenda\u00e7\u00e3o conjunta foi encaminhada ao Munic\u00edpio do Rio de Janeiro, \u00e0 Companhia de Limpeza Urbana do Munic\u00edpio do Rio de Janeiro (Comlurb), \u00e0 Empresa de Turismo do Munic\u00edpio do Rio de Janeiro (Riotur), \u00e0 Rock World S\/A (Rock in Rio) e \u00e0 Liga Independente das Escolas de Samba (Liesa). Al\u00e9m da contrata\u00e7\u00e3o imediata das cooperativas e associa\u00e7\u00f5es, o documento pede que eventuais negocia\u00e7\u00f5es sobre as tratativas contem com a participa\u00e7\u00e3o das Defensorias.<\/span><\/p>\n<p style=\"text-align: justify;\"><span style=\"color: #000000;\"><span style=\"color: #000080;\"><em>\u201cEm que pese o reconhecimento pelo Estado Brasileiro de d\u00edvida hist\u00f3rica para com as catadoras e os catadores na Lei n\u00ba 12.305\/2010, at\u00e9 hoje a categoria trabalha gratuitamente para o poder p\u00fablico, nas tr\u00eas esferas, bem como para o setor empresarial. \u00c9 preciso que a lei seja cumprida\u201d<\/em><\/span>, afirmou o defensor p\u00fablico federal Claudio Luiz dos Santos, coordenador do GT Catadores e Catadoras.<\/span><\/p>\n<p style=\"text-align: justify;\"><span style=\"color: #000000;\">As cooperativas buscaram a assist\u00eancia das Defensorias ap\u00f3s negocia\u00e7\u00f5es frustradas com as organiza\u00e7\u00f5es dos eventos. O texto da recomenda\u00e7\u00e3o destaca a realiza\u00e7\u00e3o de reuni\u00f5es da Comlurb com representantes dos catadores visando \u00e0 execu\u00e7\u00e3o dos trabalhos, mas que n\u00e3o obtiveram sucesso. Foi exigido, por exemplo, que os catadores buscassem patrocinadores para viabilizar a realiza\u00e7\u00e3o dos servi\u00e7os, invertendo a l\u00f3gica das obriga\u00e7\u00f5es legais.<\/span><\/p>\n<p style=\"text-align: justify;\"><span style=\"color: #000000;\"><span style=\"color: #000080;\"><em>\u201cA decis\u00e3o pol\u00edtica foi de inclus\u00e3o social e emancipa\u00e7\u00e3o econ\u00f4mica das catadoras e dos catadores, mas o que se v\u00ea no Brasil afora e no Rio de Janeiro \u00e9 o total descumprimento dessas normas. O Poder P\u00fablico, ou seja, Uni\u00e3o, Estados e Munic\u00edpios, s\u00e3o respons\u00e1veis pela implementa\u00e7\u00e3o dessa pol\u00edtica, que somente ser\u00e1 efetiva quando cada catadora e cada catador estiver definitivamente sendo parte do processo produtivo, com justa contrapartida remunerat\u00f3ria. E essa responsabilidade tamb\u00e9m alcan\u00e7a o setor privado, quando gerador de res\u00edduos, como \u00e9 o caso do Rock in Rio e do Carnaval 2018\u201d<\/em><\/span>, concluiu Santos.<\/span><\/p>\n<p style=\"text-align: justify;\"><span style=\"color: #000000;\">A Defensoria P\u00fablica da Uni\u00e3o e a Defensoria P\u00fablica do Estado do Rio de Janeiro solicitaram aos destinat\u00e1rios que uma resposta sobre o teor da recomenda\u00e7\u00e3o seja enviada no prazo de 24 horas.<\/span><\/p>\n<p style=\"text-align: justify;\"><span style=\"text-decoration: underline;\"><span style=\"color: #0000ff; text-decoration: underline;\">LEIA A \u00cdNTEGRA DA RECOMENDA\u00c7\u00c3O<\/span><\/span><\/p>\n<p style=\"text-align: justify;\">Fonte: Imprensa\/Defensoria P\u00fablica da Uni\u00e3o<\/p>\n","protected":false},"excerpt":{"rendered":"<p>Texto conjunto da Defensoria P\u00fablica da Uni\u00e3o e da Defensoria P\u00fablica do Estado do Rio de Janeiro visa ao cumprimento da Pol\u00edtica Nacional de Res\u00edduos S\u00f3lidos. Rio, setembro, 2017 \u2013 A Defensoria P\u00fablica da Uni\u00e3o (DPU), por meio do Grupo de Trabalho (GT) Catadores e Catadoras, e o N\u00facleo de Defesa de Direitos Humanos da [&hellip;]<\/p>\n","protected":false},"author":1,"featured_media":0,"comment_status":"open","ping_status":"open","sticky":false,"template":"","format":"standard","meta":{"_uag_custom_page_level_css":"","footnotes":""},"categories":[27],"tags":[2416,3407,3409,6785,9065,9949],"class_list":["post-7603","post","type-post","status-publish","format-standard","hentry","category-acontece","tag-coleta-seletiva-de-residuos-na-cidade-do-rock","tag-defensoria-publica-da-uniao","tag-defensoria-publica-do-estado-do-rio-de-janeiro","tag-lei-12-3052010","tag-politica-nacional-de-residuos-solidos","tag-recomendacao-pede-que-cooperativas-de-catadores-atuem-no-rock-in-rio-e-no-carnaval"],"blocksy_meta":[],"spectra_blocks_featured_image_url":null,"spectra_blocks_author_info":{"display_name":"Jornal da Constru\u00e7\u00e3o Civil","avatar_url":"https:\/\/secure.gravatar.com\/avatar\/973c9774fd44ddaceb026973c4962faa70fc512bc4c9da68e8ebb40fecee6540?s=96&d=mm&r=g","author_link":"https:\/\/construcaocivil.siriusmarketingedesign.com.br\/?author=1","description":"Desde de 2013, levando muitas informa\u00e7\u00f5es, lan\u00e7amentos e produtos de qualidade para toda cadeia produtiva da constru\u00e7\u00e3o. O Futuro da constru\u00e7\u00e3o passa por aqui,"},"uagb_featured_image_src":{"full":false,"thumbnail":false,"medium":false,"medium_large":false,"large":false,"1536x1536":false,"2048x2048":false},"uagb_author_info":{"display_name":"Jornal da Constru\u00e7\u00e3o Civil","author_link":"https:\/\/construcaocivil.siriusmarketingedesign.com.br\/?author=1"},"uagb_comment_info":0,"uagb_excerpt":"Texto conjunto da Defensoria P\u00fablica da Uni\u00e3o e da Defensoria P\u00fablica do Estado do Rio de Janeiro visa ao cumprimento da Pol\u00edtica Nacional de Res\u00edduos S\u00f3lidos. Rio, setembro, 2017 \u2013 A Defensoria P\u00fablica da Uni\u00e3o (DPU), por meio do Grupo de Trabalho (GT) Catadores e Catadoras, e o N\u00facleo de Defesa de Direitos Humanos da&hellip;","_links":{"self":[{"href":"https:\/\/construcaocivil.siriusmarketingedesign.com.br\/index.php?rest_route=\/wp\/v2\/posts\/7603","targetHints":{"allow":["GET"]}}],"collection":[{"href":"https:\/\/construcaocivil.siriusmarketingedesign.com.br\/index.php?rest_route=\/wp\/v2\/posts"}],"about":[{"href":"https:\/\/construcaocivil.siriusmarketingedesign.com.br\/index.php?rest_route=\/wp\/v2\/types\/post"}],"author":[{"embeddable":true,"href":"https:\/\/construcaocivil.siriusmarketingedesign.com.br\/index.php?rest_route=\/wp\/v2\/users\/1"}],"replies":[{"embeddable":true,"href":"https:\/\/construcaocivil.siriusmarketingedesign.com.br\/index.php?rest_route=%2Fwp%2Fv2%2Fcomments&post=7603"}],"version-history":[{"count":0,"href":"https:\/\/construcaocivil.siriusmarketingedesign.com.br\/index.php?rest_route=\/wp\/v2\/posts\/7603\/revisions"}],"wp:attachment":[{"href":"https:\/\/construcaocivil.siriusmarketingedesign.com.br\/index.php?rest_route=%2Fwp%2Fv2%2Fmedia&parent=7603"}],"wp:term":[{"taxonomy":"category","embeddable":true,"href":"https:\/\/construcaocivil.siriusmarketingedesign.com.br\/index.php?rest_route=%2Fwp%2Fv2%2Fcategories&post=7603"},{"taxonomy":"post_tag","embeddable":true,"href":"https:\/\/construcaocivil.siriusmarketingedesign.com.br\/index.php?rest_route=%2Fwp%2Fv2%2Ftags&post=7603"}],"curies":[{"name":"wp","href":"https:\/\/api.w.org\/{rel}","templated":true}]}}