{"id":7623,"date":"2017-09-16T12:36:05","date_gmt":"2017-09-16T15:36:05","guid":{"rendered":"http:\/\/www.jornaldaconstrucaocivil.com.br\/?p=7623"},"modified":"2017-09-16T12:36:05","modified_gmt":"2017-09-16T15:36:05","slug":"artigo-massacre-de-indigenas-no-amazonas","status":"publish","type":"post","link":"https:\/\/construcaocivil.siriusmarketingedesign.com.br\/?p=7623","title":{"rendered":"Artigo: Massacre de Ind\u00edgenas no Amazonas"},"content":{"rendered":"<p style=\"text-align: justify;\"><span style=\"color: #000080;\"><em><strong>Enquanto em outros pa\u00edses, as culturas de popula\u00e7\u00f5es isoladas s\u00e3o preservadas, o Brasil carece de refer\u00eancias<\/strong><\/em><\/span><\/p>\n<figure id=\"attachment_7624\" aria-describedby=\"caption-attachment-7624\" style=\"width: 300px\" class=\"wp-caption alignleft\"><a href=\"http:\/\/www.jornaldaconstrucaocivil.com.br\/wp-content\/uploads\/2017\/09\/Rodrigo-Bert\u00e9_nova.jpg\"><img loading=\"lazy\" decoding=\"async\" class=\"wp-image-7624 size-medium\" src=\"http:\/\/www.jornaldaconstrucaocivil.com.br\/wp-content\/uploads\/2017\/09\/Rodrigo-Bert\u00e9_nova-300x200.jpg\" alt=\"Rodrigo Bert\u00e9\" width=\"300\" height=\"200\" \/><\/a><figcaption id=\"caption-attachment-7624\" class=\"wp-caption-text\">Rodrigo Bert\u00e9<\/figcaption><\/figure>\n<p style=\"text-align: justify;\"><span style=\"color: #000000;\"><span style=\"color: #993300;\">Setembro, 2017<\/span> &#8211; Mais um epis\u00f3dio tr\u00e1gico est\u00e1 sendo investigado pelo Minist\u00e9rio P\u00fablico Federal do Amazonas. \u00c9 o caso de dois supostos massacres de ind\u00edgenas \u2013 um ocorrido em maio e outro, em agosto &#8211; no Vale do Javari, a aproximadamente mil quil\u00f4metros da capital Manaus. Os \u00edndios fazem parte de uma etnia isolada chamada Warikama Djapar e moram nas proximidades dos rios Jandiatuba e Juta\u00ed, na fronteira do Brasil com o Peru.<\/span><\/p>\n<p style=\"text-align: justify;\"><span style=\"color: #000000;\">Essa a\u00e7\u00e3o teria sido promovida por garimpeiros na busca de lavras de ouro nesses locais. \u00c9 sabido que por mais que o solo amaz\u00f4nico seja pobre para algumas culturas, o subsolo \u00e9 rico em min\u00e9rios, o que atrai os garimpos clandestinos, em especial na lavra de ouro. Por outro lado, h\u00e1 uma hip\u00f3tese de que o mandante deste massacre seja um produtor agr\u00edcola da regi\u00e3o, mas ainda se trata de especula\u00e7\u00e3o. Na \u00e1rea, que corresponde a duas vezes o tamanho do estado do Rio de Janeiro, h\u00e1 ind\u00edcios de grilagem e invas\u00e3o de terras.<\/span><\/p>\n<figure id=\"attachment_7625\" aria-describedby=\"caption-attachment-7625\" style=\"width: 200px\" class=\"wp-caption alignright\"><a href=\"http:\/\/www.jornaldaconstrucaocivil.com.br\/wp-content\/uploads\/2017\/09\/brazil-2466467_1280.jpg\"><img loading=\"lazy\" decoding=\"async\" class=\"wp-image-7625 size-medium\" src=\"http:\/\/www.jornaldaconstrucaocivil.com.br\/wp-content\/uploads\/2017\/09\/brazil-2466467_1280-200x300.jpg\" width=\"200\" height=\"300\" \/><\/a><figcaption id=\"caption-attachment-7625\" class=\"wp-caption-text\">Brasil &#8211; Massacre de Ind\u00edgenas no Amazonas<\/figcaption><\/figure>\n<p style=\"text-align: justify;\"><span style=\"color: #000000;\">A Funai (Funda\u00e7\u00e3o Nacional do \u00cdndio), \u00f3rg\u00e3o respons\u00e1vel pela prote\u00e7\u00e3o dos \u00edndios no Brasil, depois de ter ouvido alguns relatos sobre o epis\u00f3dio, expediu um comunicado pedindo aos procuradores do Minist\u00e9rio P\u00fablico Federal que investiguem e examinem o assunto.<\/span><\/p>\n<p style=\"text-align: justify;\"><span style=\"color: #000000;\">O Minist\u00e9rio P\u00fablico Federal n\u00e3o divulgou ainda o n\u00famero de v\u00edtimas, mas uma ONG que atua na regi\u00e3o afirmou em nota que ao menos dez pessoas foram mortas, entre adultos e crian\u00e7as. Tamb\u00e9m ainda n\u00e3o h\u00e1 provas materiais dos assassinatos, de acordo com as autoridades, mas caso confirmem as mortes este seria um dos maiores massacres ind\u00edgenas que n\u00e3o tem contato com o homem branco desde o assassinato de 16 \u00edndios Yanomamis em Roraima em 1993.<\/span><\/p>\n<p style=\"text-align: justify;\"><span style=\"color: #000000;\">\u00c9 importante que este relato seja investigado pelas autoridades e que os respons\u00e1veis deste poss\u00edvel epis\u00f3dio tr\u00e1gico sejam punidos. Ano a ano, o Brasil perde parte da sua cultura ecol\u00f3gica pela aus\u00eancia de pol\u00edticas p\u00fablicas adequadas aos diferentes grupos \u00e9tnicos. Enquanto em outros pa\u00edses aspectos etnoecol\u00f3gicos s\u00e3o preservados como patrim\u00f4nio nacional e cultural, nosso pa\u00eds carece de refer\u00eancias.<\/span><\/p>\n<p style=\"text-align: justify;\"><span style=\"color: #000080;\"><em><strong>Rodrigo Bert\u00e9<\/strong> \u00e9 diretor da Escola Superior de Sa\u00fade, Bioci\u00eancias, Meio Ambiente e Humanidades do Centro Universit\u00e1rio Internacional Uninter<\/em><\/span><\/p>\n","protected":false},"excerpt":{"rendered":"<p>Enquanto em outros pa\u00edses, as culturas de popula\u00e7\u00f5es isoladas s\u00e3o preservadas, o Brasil carece de refer\u00eancias Setembro, 2017 &#8211; Mais um epis\u00f3dio tr\u00e1gico est\u00e1 sendo investigado pelo Minist\u00e9rio P\u00fablico Federal do Amazonas. \u00c9 o caso de dois supostos massacres de ind\u00edgenas \u2013 um ocorrido em maio e outro, em agosto &#8211; no Vale do Javari, [&hellip;]<\/p>\n","protected":false},"author":1,"featured_media":0,"comment_status":"open","ping_status":"open","sticky":false,"template":"","format":"standard","meta":{"_uag_custom_page_level_css":"","footnotes":""},"categories":[27],"tags":[1414,4475,4670,5258,7329,7442,7735,10411,10480,12428],"class_list":["post-7623","post","type-post","status-publish","format-standard","hentry","category-acontece","tag-biociencias","tag-escola-superior-de-saude","tag-etnia-isolada-warikama-djapar","tag-funai","tag-massacre-de-indigenas-no-amazonas","tag-meio-ambiente-e-humanidades-do-centro-universitario-internacional-uninter","tag-ministerio-publico-federal","tag-rios-jandiatuba-e-jutai-entre-brasil-e-peru","tag-rodrigo-berte","tag-violencia-na-amazonia"],"blocksy_meta":[],"spectra_blocks_featured_image_url":null,"spectra_blocks_author_info":{"display_name":"Jornal da Constru\u00e7\u00e3o Civil","avatar_url":"https:\/\/secure.gravatar.com\/avatar\/973c9774fd44ddaceb026973c4962faa70fc512bc4c9da68e8ebb40fecee6540?s=96&d=mm&r=g","author_link":"https:\/\/construcaocivil.siriusmarketingedesign.com.br\/?author=1","description":"Desde de 2013, levando muitas informa\u00e7\u00f5es, lan\u00e7amentos e produtos de qualidade para toda cadeia produtiva da constru\u00e7\u00e3o. O Futuro da constru\u00e7\u00e3o passa por aqui,"},"uagb_featured_image_src":{"full":false,"thumbnail":false,"medium":false,"medium_large":false,"large":false,"1536x1536":false,"2048x2048":false},"uagb_author_info":{"display_name":"Jornal da Constru\u00e7\u00e3o Civil","author_link":"https:\/\/construcaocivil.siriusmarketingedesign.com.br\/?author=1"},"uagb_comment_info":0,"uagb_excerpt":"Enquanto em outros pa\u00edses, as culturas de popula\u00e7\u00f5es isoladas s\u00e3o preservadas, o Brasil carece de refer\u00eancias Setembro, 2017 &#8211; Mais um epis\u00f3dio tr\u00e1gico est\u00e1 sendo investigado pelo Minist\u00e9rio P\u00fablico Federal do Amazonas. \u00c9 o caso de dois supostos massacres de ind\u00edgenas \u2013 um ocorrido em maio e outro, em agosto &#8211; no Vale do Javari,&hellip;","_links":{"self":[{"href":"https:\/\/construcaocivil.siriusmarketingedesign.com.br\/index.php?rest_route=\/wp\/v2\/posts\/7623","targetHints":{"allow":["GET"]}}],"collection":[{"href":"https:\/\/construcaocivil.siriusmarketingedesign.com.br\/index.php?rest_route=\/wp\/v2\/posts"}],"about":[{"href":"https:\/\/construcaocivil.siriusmarketingedesign.com.br\/index.php?rest_route=\/wp\/v2\/types\/post"}],"author":[{"embeddable":true,"href":"https:\/\/construcaocivil.siriusmarketingedesign.com.br\/index.php?rest_route=\/wp\/v2\/users\/1"}],"replies":[{"embeddable":true,"href":"https:\/\/construcaocivil.siriusmarketingedesign.com.br\/index.php?rest_route=%2Fwp%2Fv2%2Fcomments&post=7623"}],"version-history":[{"count":0,"href":"https:\/\/construcaocivil.siriusmarketingedesign.com.br\/index.php?rest_route=\/wp\/v2\/posts\/7623\/revisions"}],"wp:attachment":[{"href":"https:\/\/construcaocivil.siriusmarketingedesign.com.br\/index.php?rest_route=%2Fwp%2Fv2%2Fmedia&parent=7623"}],"wp:term":[{"taxonomy":"category","embeddable":true,"href":"https:\/\/construcaocivil.siriusmarketingedesign.com.br\/index.php?rest_route=%2Fwp%2Fv2%2Fcategories&post=7623"},{"taxonomy":"post_tag","embeddable":true,"href":"https:\/\/construcaocivil.siriusmarketingedesign.com.br\/index.php?rest_route=%2Fwp%2Fv2%2Ftags&post=7623"}],"curies":[{"name":"wp","href":"https:\/\/api.w.org\/{rel}","templated":true}]}}