{"id":7631,"date":"2017-09-18T16:33:52","date_gmt":"2017-09-18T19:33:52","guid":{"rendered":"http:\/\/www.jornaldaconstrucaocivil.com.br\/?p=7631"},"modified":"2017-09-18T16:33:52","modified_gmt":"2017-09-18T19:33:52","slug":"maior-evento-de-tecnologia-industrial-do-mundo-esta-com-as-inscricoes-abertas","status":"publish","type":"post","link":"https:\/\/construcaocivil.siriusmarketingedesign.com.br\/?p=7631","title":{"rendered":"Maior evento de tecnologia industrial do mundo est\u00e1 com as inscri\u00e7\u00f5es abertas"},"content":{"rendered":"<p style=\"text-align: justify;\"><span style=\"color: #000000;\"><span style=\"color: #993300;\">Setembro de 2017<\/span> \u2013 Em 25 e 26 de outubro, a confer\u00eancia anual promovida pela GE, Minds + Machines, chega \u00e0 S\u00e3o Francisco, Calif\u00f3rnia, para sua sexta edi\u00e7\u00e3o. O evento mostrar\u00e1 como as m\u00e1quinas e os dados, quando aplicados nos setores industriais e gerenciados pela mente humana, podem contribuir para produtividade, aproveitando melhor o tempo e poupando energia, a fim de investir esfor\u00e7os em ideias inovadoras.<\/span><\/p>\n<p style=\"text-align: justify;\"><span style=\"color: #000000;\">Ser\u00e3o mais de 130 <span style=\"text-decoration: underline;\"><span style=\"color: #0000ff;\"><a style=\"color: #0000ff; text-decoration: underline;\" href=\"http:\/\/www.imcgrupo.com\/link.php?code=bDpodHRwJTNBJTJGJTJGZ2UuY3ZlbnQuY29tJTJGZXZlbnRzJTJGbWluZHMtbWFjaGluZXMtMjAxNyUyRmFnZW5kYS05YzM1OGU1Y2YzY2U0MmZhYTk3NDJjYTlmMWJhOGFjYi5hc3B4OjIyMzQyMTYyMzc6d2Vib2JyYXNAZ21haWwuY29tOmQ4M2U2NzY5NjNmMTI4NjY4MWMwZDg4NWE4ZjA3NTc4NDE=\" target=\"_blank\" data-saferedirecturl=\"https:\/\/www.google.com\/url?hl=pt-PT&amp;q=http:\/\/www.imcgrupo.com\/link.php?code%3DbDpodHRwJTNBJTJGJTJGZ2UuY3ZlbnQuY29tJTJGZXZlbnRzJTJGbWluZHMtbWFjaGluZXMtMjAxNyUyRmFnZW5kYS05YzM1OGU1Y2YzY2U0MmZhYTk3NDJjYTlmMWJhOGFjYi5hc3B4OjIyMzQyMTYyMzc6d2Vib2JyYXNAZ21haWwuY29tOmQ4M2U2NzY5NjNmMTI4NjY4MWMwZDg4NWE4ZjA3NTc4NDE%3D&amp;source=gmail&amp;ust=1505848490970000&amp;usg=AFQjCNFJOCaDKy5ZhglLuyTQatlboTlQTw\">pain\u00e9is<\/a><\/span><\/span>, ao longo de dois dias, em que\u00a0<span style=\"text-decoration: underline;\"><span style=\"color: #0000ff;\"><a style=\"color: #0000ff; text-decoration: underline;\" href=\"http:\/\/www.imcgrupo.com\/link.php?code=bDpodHRwJTNBJTJGJTJGZ2UuY3ZlbnQuY29tJTJGZXZlbnRzJTJGbWluZHMtbWFjaGluZXMtMjAxNyUyRmN1c3RvbS0xNy05YzM1OGU1Y2YzY2U0MmZhYTk3NDJjYTlmMWJhOGFjYi5hc3B4OjIyMzQyMTYyMzc6d2Vib2JyYXNAZ21haWwuY29tOjEzYzRjMTA2ZDZhMDA3YTY1NzFiNjhjNzQ5ZWRiM2ExZmU=\" target=\"_blank\" data-saferedirecturl=\"https:\/\/www.google.com\/url?hl=pt-PT&amp;q=http:\/\/www.imcgrupo.com\/link.php?code%3DbDpodHRwJTNBJTJGJTJGZ2UuY3ZlbnQuY29tJTJGZXZlbnRzJTJGbWluZHMtbWFjaGluZXMtMjAxNyUyRmN1c3RvbS0xNy05YzM1OGU1Y2YzY2U0MmZhYTk3NDJjYTlmMWJhOGFjYi5hc3B4OjIyMzQyMTYyMzc6d2Vib2JyYXNAZ21haWwuY29tOjEzYzRjMTA2ZDZhMDA3YTY1NzFiNjhjNzQ5ZWRiM2ExZmU%3D&amp;source=gmail&amp;ust=1505848490971000&amp;usg=AFQjCNGwG1Ht8k5fXdWytx4ryE7v0uYPqA\">executivos da GE e profissionais do mercado<\/a><\/span><\/span>\u00a0mostrar\u00e3o como os setores de Avia\u00e7\u00e3o, Manufatura, Sa\u00fade, Minera\u00e7\u00e3o e Mar\u00edtimo v\u00eam sendo alavancados por intelig\u00eancia de dados, processamento integrado e solu\u00e7\u00f5es conectadas capazes de impulsionar os meios, servi\u00e7os e produtos.<\/span><\/p>\n<p style=\"text-align: justify;\"><span style=\"color: #000000;\">Em 2016, a GE apresentou suas solu\u00e7\u00f5es mais inovadoras para o setor industrial e surpreendeu os participantes com o alto n\u00edvel de discuss\u00f5es dos pain\u00e9is. S\u00e3o <span style=\"color: #993300;\">&#8220;g\u00eameos digitais&#8221;<\/span> hospedados na nuvem, realidade virtual de cora\u00e7\u00f5es para diagn\u00f3sticos mais precisos, um ecossistema digital capaz de monitorar remotamente as condi\u00e7\u00f5es de opera\u00e7\u00e3o de turbinas e\u00f3licas, e muito mais.<\/span><\/p>\n<p style=\"text-align: justify;\"><span style=\"color: #000000;\">As inscri\u00e7\u00f5es podem ser feitas no \u00a0<span style=\"text-decoration: underline;\"><span style=\"color: #0000ff; text-decoration: underline;\"><a style=\"color: #0000ff; text-decoration: underline;\" href=\"http:\/\/www.imcgrupo.com\/link.php?code=bDpodHRwJTNBJTJGJTJGZ2UuY3ZlbnQuY29tJTJGZXZlbnRzJTJGbWluZHMtbWFjaGluZXMtMjAxNyUyRnJlZ2lzdHJhdGlvbi05YzM1OGU1Y2YzY2U0MmZhYTk3NDJjYTlmMWJhOGFjYi5hc3B4JTNGZnFwJTNEdHJ1ZToyMjM0MjE2MjM3OndlYm9icmFzQGdtYWlsLmNvbTo4YTdjYmUxMGFiMWU5NTJmODcwMzY1ODY5Zjc3NGJmMTc1\" target=\"_blank\" data-saferedirecturl=\"https:\/\/www.google.com\/url?hl=pt-PT&amp;q=http:\/\/www.imcgrupo.com\/link.php?code%3DbDpodHRwJTNBJTJGJTJGZ2UuY3ZlbnQuY29tJTJGZXZlbnRzJTJGbWluZHMtbWFjaGluZXMtMjAxNyUyRnJlZ2lzdHJhdGlvbi05YzM1OGU1Y2YzY2U0MmZhYTk3NDJjYTlmMWJhOGFjYi5hc3B4JTNGZnFwJTNEdHJ1ZToyMjM0MjE2MjM3OndlYm9icmFzQGdtYWlsLmNvbTo4YTdjYmUxMGFiMWU5NTJmODcwMzY1ODY5Zjc3NGJmMTc1&amp;source=gmail&amp;ust=1505848490971000&amp;usg=AFQjCNGtjlLwxr8MXoPqJZ2bJgWlVr-zIQ\">site do evento<\/a><\/span><\/span>\u00a0e as vagas s\u00e3o limitadas. Para saber mais, acesse o\u00a0<span style=\"text-decoration: underline;\"><span style=\"color: #0000ff; text-decoration: underline;\"><a style=\"color: #0000ff; text-decoration: underline;\" href=\"http:\/\/www.imcgrupo.com\/link.php?code=bDpodHRwJTNBJTJGJTJGZ2VyZXBvcnRzYnJhc2lsLmNvbS5icjoyMjM0MjE2MjM3OndlYm9icmFzQGdtYWlsLmNvbTphMTZhZDgyOTEyYjhlNzM3ODdkZGM1OGRkZGIxYzcwYzQw\" target=\"_blank\" data-saferedirecturl=\"https:\/\/www.google.com\/url?hl=pt-PT&amp;q=http:\/\/www.imcgrupo.com\/link.php?code%3DbDpodHRwJTNBJTJGJTJGZ2VyZXBvcnRzYnJhc2lsLmNvbS5icjoyMjM0MjE2MjM3OndlYm9icmFzQGdtYWlsLmNvbTphMTZhZDgyOTEyYjhlNzM3ODdkZGM1OGRkZGIxYzcwYzQw&amp;source=gmail&amp;ust=1505848490971000&amp;usg=AFQjCNHiCw_uNdsmx1LDwe-VnhHhqQ-ZSg\">GE Reports Brasil<\/a>.<\/span><\/span><\/span><\/p>\n<p>&nbsp;<\/p>\n","protected":false},"excerpt":{"rendered":"<p>Setembro de 2017 \u2013 Em 25 e 26 de outubro, a confer\u00eancia anual promovida pela GE, Minds + Machines, chega \u00e0 S\u00e3o Francisco, Calif\u00f3rnia, para sua sexta edi\u00e7\u00e3o. O evento mostrar\u00e1 como as m\u00e1quinas e os dados, quando aplicados nos setores industriais e gerenciados pela mente humana, podem contribuir para produtividade, aproveitando melhor o tempo [&hellip;]<\/p>\n","protected":false},"author":1,"featured_media":0,"comment_status":"open","ping_status":"open","sticky":false,"template":"","format":"standard","meta":{"_uag_custom_page_level_css":"","footnotes":""},"categories":[27],"tags":[1144,5365,7173,7306,7679,7680,10644,10693,10953,11599],"class_list":["post-7631","post","type-post","status-publish","format-standard","hentry","category-acontece","tag-aviacao","tag-ge","tag-manufatura","tag-maritimo","tag-minds-machines","tag-mineracao","tag-sao-francisco-california","tag-saude","tag-servicos-e-produtos","tag-tecnologia-industrial"],"blocksy_meta":[],"spectra_blocks_featured_image_url":null,"spectra_blocks_author_info":{"display_name":"Jornal da Constru\u00e7\u00e3o Civil","avatar_url":"https:\/\/secure.gravatar.com\/avatar\/973c9774fd44ddaceb026973c4962faa70fc512bc4c9da68e8ebb40fecee6540?s=96&d=mm&r=g","author_link":"https:\/\/construcaocivil.siriusmarketingedesign.com.br\/?author=1","description":"Desde de 2013, levando muitas informa\u00e7\u00f5es, lan\u00e7amentos e produtos de qualidade para toda cadeia produtiva da constru\u00e7\u00e3o. O Futuro da constru\u00e7\u00e3o passa por aqui,"},"uagb_featured_image_src":{"full":false,"thumbnail":false,"medium":false,"medium_large":false,"large":false,"1536x1536":false,"2048x2048":false},"uagb_author_info":{"display_name":"Jornal da Constru\u00e7\u00e3o Civil","author_link":"https:\/\/construcaocivil.siriusmarketingedesign.com.br\/?author=1"},"uagb_comment_info":0,"uagb_excerpt":"Setembro de 2017 \u2013 Em 25 e 26 de outubro, a confer\u00eancia anual promovida pela GE, Minds + Machines, chega \u00e0 S\u00e3o Francisco, Calif\u00f3rnia, para sua sexta edi\u00e7\u00e3o. O evento mostrar\u00e1 como as m\u00e1quinas e os dados, quando aplicados nos setores industriais e gerenciados pela mente humana, podem contribuir para produtividade, aproveitando melhor o tempo&hellip;","_links":{"self":[{"href":"https:\/\/construcaocivil.siriusmarketingedesign.com.br\/index.php?rest_route=\/wp\/v2\/posts\/7631","targetHints":{"allow":["GET"]}}],"collection":[{"href":"https:\/\/construcaocivil.siriusmarketingedesign.com.br\/index.php?rest_route=\/wp\/v2\/posts"}],"about":[{"href":"https:\/\/construcaocivil.siriusmarketingedesign.com.br\/index.php?rest_route=\/wp\/v2\/types\/post"}],"author":[{"embeddable":true,"href":"https:\/\/construcaocivil.siriusmarketingedesign.com.br\/index.php?rest_route=\/wp\/v2\/users\/1"}],"replies":[{"embeddable":true,"href":"https:\/\/construcaocivil.siriusmarketingedesign.com.br\/index.php?rest_route=%2Fwp%2Fv2%2Fcomments&post=7631"}],"version-history":[{"count":0,"href":"https:\/\/construcaocivil.siriusmarketingedesign.com.br\/index.php?rest_route=\/wp\/v2\/posts\/7631\/revisions"}],"wp:attachment":[{"href":"https:\/\/construcaocivil.siriusmarketingedesign.com.br\/index.php?rest_route=%2Fwp%2Fv2%2Fmedia&parent=7631"}],"wp:term":[{"taxonomy":"category","embeddable":true,"href":"https:\/\/construcaocivil.siriusmarketingedesign.com.br\/index.php?rest_route=%2Fwp%2Fv2%2Fcategories&post=7631"},{"taxonomy":"post_tag","embeddable":true,"href":"https:\/\/construcaocivil.siriusmarketingedesign.com.br\/index.php?rest_route=%2Fwp%2Fv2%2Ftags&post=7631"}],"curies":[{"name":"wp","href":"https:\/\/api.w.org\/{rel}","templated":true}]}}