{"id":7639,"date":"2017-09-18T17:11:43","date_gmt":"2017-09-18T20:11:43","guid":{"rendered":"http:\/\/www.jornaldaconstrucaocivil.com.br\/?p=7639"},"modified":"2017-09-18T17:11:43","modified_gmt":"2017-09-18T20:11:43","slug":"arq-futuro-e-instituto-moreira-salles-promove-debate-arquitetura-de-museus-o-concurso-para-o-novo-ims-com-karen-stein","status":"publish","type":"post","link":"https:\/\/construcaocivil.siriusmarketingedesign.com.br\/?p=7639","title":{"rendered":"Arq. Futuro e Instituto Moreira Salles promove debate \u201cArquitetura de Museus: O Concurso para o novo IMS\u201d, com Karen Stein"},"content":{"rendered":"<p style=\"text-align: justify;\"><em><strong><span style=\"color: #000000;\">Cr\u00edtica de Arquitetura e diretora executiva da Funda\u00e7\u00e3o George Nelson se juntar\u00e1 a Fernando Serapi\u00e3o em debate com Raul Juste Lores sobre o concurso para a escolha do projeto do IMS e a arquitetura em museus pelo mundo<\/span><\/strong><\/em><\/p>\n<p style=\"text-align: justify;\"><span style=\"color: #000000;\"><span style=\"color: #993300;\">S\u00e3o Paulo, 2017<\/span> \u2013 A plataforma de discuss\u00e3o sobre o futuro das cidades Arq.Futuro e o Instituto Moreira Salles realizar\u00e3o, no pr\u00f3ximo dia 21\/9, o debate <span style=\"color: #993300;\">&#8220;Arquitetura de Museus: O Concurso para o Novo IMS&#8221;<\/span>. No evento, ser\u00e1 relatado o processo de concurso para a sele\u00e7\u00e3o do projeto de arquitetura da nova sede do IMSem S\u00e3o Paulo, que leva assinatura do escrit\u00f3rio Andrade Morettin Arquitetos e ser\u00e1 aberto ao p\u00fablico dia 20\/9.<\/span><\/p>\n<p style=\"text-align: justify;\"><span style=\"color: #000000;\">Raul Juste Lores, jornalista da Folha de S. Paulo e autor de <span style=\"color: #993300;\">&#8220;S\u00e3o Paulo nas Alturas&#8221;<\/span>, entrevistar\u00e1 Fernando Serapi\u00e3o, editor da revista Monolito e organizador do concurso do IMS; Renato Anelli, professor do Instituto de Arquitetura e Urbanismo da USP S\u00e3o Carlos e conselheiro do Instituto Lina Bo e Pietro Maria Bardi e Karen Stein, consultora em arquitetura, Diretora Executiva da Funda\u00e7\u00e3o George Nelson, membro do programa de Cr\u00edtica de Design na Escola de Artes Visuais em Nova York, foi membro do j\u00fari do Pritzker Prize e do concurso para o projeto do IMS.<\/span><\/p>\n<p style=\"text-align: justify;\"><span style=\"color: #000000;\">Os entrevistados tratar\u00e3o da import\u00e2ncia dos processos de concurso para a sele\u00e7\u00e3o de projetos arquitet\u00f4nicos e explicar\u00e3o as caracter\u00edsticas do concurso do IMS, que teve um j\u00fari internacional e convidou apenas escrit\u00f3rios brasileiros para concorrerem. Abordar\u00e3o, tamb\u00e9m, o preju\u00edzo decorrente de se ter preterido, nos \u00faltimos anos, o processo de concurso em favor das sele\u00e7\u00f5es apoiadas no crit\u00e9rio de not\u00f3rio saber.<\/span><\/p>\n<p style=\"text-align: justify;\"><span style=\"color: #000000;\">Expandindo a discuss\u00e3o a partir do pr\u00e9dio que abriga o IMSem S\u00e3o Paulo, Stein, Serapi\u00e3o e Anelli falar\u00e3o sobre arquitetura de museus, apontando exemplos nacionais e internacionais para analisar as formas de conviv\u00eancia entre arte e arquitetura e os caminhos que parecem se desenhar para o futuro. Dentre os temas, ser\u00e3o comentadas as implica\u00e7\u00f5es da escolha entre readequar im\u00f3veis existentes ou construir novos edif\u00edcios para os museus. Especificamente, ser\u00e3o discutidos os desafios da convers\u00e3o de resid\u00eancias de grande valor arquitetural em espa\u00e7os de exibi\u00e7\u00e3o, como nos casos da Casa de Vidro de Lina Bo Bardi (S\u00e3o Paulo) e da Casa da G\u00e1vea (IMS, Rio de Janeiro).<\/span><\/p>\n<p><span style=\"color: #000000;\"><strong>Convidados:<\/strong><\/span><\/p>\n<p style=\"text-align: justify;\"><span style=\"color: #000000;\">&#8211; Fernando Serapi\u00e3o (Monolito)<\/span><\/p>\n<p style=\"text-align: justify;\"><span style=\"color: #000000;\">&#8211; Karen Stein (Cr\u00edtica de arquitetura, Diretora Executiva da Funda\u00e7\u00e3o George Nelson, membro do programa de Cr\u00edtica de Design na Escola de Artes Visuais em Nova York)<\/span><\/p>\n<p style=\"text-align: justify;\"><span style=\"color: #000000;\">&#8211; Raul Juste Lores (Folha de S. Paulo)<\/span><\/p>\n<p style=\"text-align: justify;\"><span style=\"color: #000000;\">&#8211; Renato Anelli (Prof. do Instituto de Arquitetura e Urbanismo da USP S\u00e3o Carlos e Conselheiro do Instituto Lina Bo e Pietro Maria Bardi)<\/span><\/p>\n<p><span style=\"color: #000000;\"><strong>DEBATE &#8220;ARQUITETURA DE MUSEUS: O CONCURSO PARA O NOVO IMS&#8221;<\/strong><\/span><\/p>\n<p><span style=\"color: #000000;\"><strong>Local:<\/strong>\u00a0Audit\u00f3rio do Instituto Moreira Salles<\/span><\/p>\n<p><span style=\"color: #000000;\"><strong>Endere\u00e7o:\u00a0<\/strong>Avenida Paulista, 2424 \u2013 S\u00e3o Paulo, SP.<\/span><\/p>\n<p><span style=\"color: #000000;\"><strong>Data:\u00a0<\/strong>21\/9<\/span><\/p>\n<p><span style=\"color: #000000;\"><strong>Hor\u00e1rio:<\/strong>\u00a010h \u00e0s 12h<\/span><\/p>\n<p><span style=\"color: #000000;\"><strong>Link para inscri\u00e7\u00e3o:<\/strong><\/span><span style=\"text-decoration: underline;\"><span style=\"color: #0000ff; text-decoration: underline;\">\u00a0<a style=\"color: #0000ff; text-decoration: underline;\" href=\"http:\/\/www.arqfuturo.com.br\/\" target=\"_blank\" data-saferedirecturl=\"https:\/\/www.google.com\/url?hl=pt-PT&amp;q=http:\/\/www.arqfuturo.com.br&amp;source=gmail&amp;ust=1505848513546000&amp;usg=AFQjCNGbpTB01aGIb1kxM2cd-r7mTnsVHQ\">www.arqfuturo.com.br<\/a><\/span><\/span><\/p>\n<p><span style=\"color: #000000;\"><strong>Gratuito. Vagas limitadas. 150 Vagas.<\/strong><\/span><\/p>\n<p><strong><span style=\"color: #000000;\">Inscri\u00e7\u00f5es:<\/span><span style=\"text-decoration: underline;\"><span style=\"color: #0000ff; text-decoration: underline;\">\u00a0<\/span><\/span><\/strong><span style=\"text-decoration: underline;\"><span style=\"color: #0000ff; text-decoration: underline;\"><a style=\"color: #0000ff; text-decoration: underline;\" href=\"http:\/\/www.imcgrupo.com\/link.php?code=bDpodHRwJTNBJTJGJTJGZG9jcy5nb29nbGUuY29tJTJGZm9ybXMlMkZkJTJGZSUyRjFGQUlwUUxTZXdWZndTZi0zdHEyYXl2SUxreFI4VXNXSXRZUFZjeW51YjV1eTVTb3VFdDhSbUdBJTJGdmlld2Zvcm06MTcxMjg2NzYxMjp3ZWJvYnJhc0BnbWFpbC5jb206YzEzNzFhZGI5M2NmMjM4NzYzMDM2MGNiYTc2YjJlNDgwNg==\" target=\"_blank\" data-saferedirecturl=\"https:\/\/www.google.com\/url?hl=pt-PT&amp;q=http:\/\/www.imcgrupo.com\/link.php?code%3DbDpodHRwJTNBJTJGJTJGZG9jcy5nb29nbGUuY29tJTJGZm9ybXMlMkZkJTJGZSUyRjFGQUlwUUxTZXdWZndTZi0zdHEyYXl2SUxreFI4VXNXSXRZUFZjeW51YjV1eTVTb3VFdDhSbUdBJTJGdmlld2Zvcm06MTcxMjg2NzYxMjp3ZWJvYnJhc0BnbWFpbC5jb206YzEzNzFhZGI5M2NmMjM4NzYzMDM2MGNiYTc2YjJlNDgwNg%3D%3D&amp;source=gmail&amp;ust=1505848513547000&amp;usg=AFQjCNEClErT4NV59GZUrsOls2aicgFkFA\">docs.google.com\/forms\/d\/e\/<wbr \/>1FAIpQLSewVfwSf-<wbr \/>3tq2ayvILkxR8UsWItYPVcynub5uy5<wbr \/>SouEt8RmGA\/viewform<\/a><\/span><\/span><\/p>\n","protected":false},"excerpt":{"rendered":"<p>Cr\u00edtica de Arquitetura e diretora executiva da Funda\u00e7\u00e3o George Nelson se juntar\u00e1 a Fernando Serapi\u00e3o em debate com Raul Juste Lores sobre o concurso para a escolha do projeto do IMS e a arquitetura em museus pelo mundo S\u00e3o Paulo, 2017 \u2013 A plataforma de discuss\u00e3o sobre o futuro das cidades Arq.Futuro e o Instituto [&hellip;]<\/p>\n","protected":false},"author":1,"featured_media":0,"comment_status":"open","ping_status":"open","sticky":false,"template":"","format":"standard","meta":{"_uag_custom_page_level_css":"","footnotes":""},"categories":[28],"tags":[915,2278,5318,5967,6215,6239],"class_list":["post-7639","post","type-post","status-publish","format-standard","hentry","category-arquitetura","tag-arquitetura-de-museus-o-concurso-para-o-novo-ims","tag-cidades-sustentaveis","tag-futuro-das-cidades-arq-futuro","tag-imsem-sao-paulo","tag-instituto-de-arquitetura-e-urbanismo-da-usp-sao-carlos","tag-instituto-moreira-salles-sp"],"blocksy_meta":[],"spectra_blocks_featured_image_url":null,"spectra_blocks_author_info":{"display_name":"Jornal da Constru\u00e7\u00e3o Civil","avatar_url":"https:\/\/secure.gravatar.com\/avatar\/973c9774fd44ddaceb026973c4962faa70fc512bc4c9da68e8ebb40fecee6540?s=96&d=mm&r=g","author_link":"https:\/\/construcaocivil.siriusmarketingedesign.com.br\/?author=1","description":"Desde de 2013, levando muitas informa\u00e7\u00f5es, lan\u00e7amentos e produtos de qualidade para toda cadeia produtiva da constru\u00e7\u00e3o. O Futuro da constru\u00e7\u00e3o passa por aqui,"},"uagb_featured_image_src":{"full":false,"thumbnail":false,"medium":false,"medium_large":false,"large":false,"1536x1536":false,"2048x2048":false},"uagb_author_info":{"display_name":"Jornal da Constru\u00e7\u00e3o Civil","author_link":"https:\/\/construcaocivil.siriusmarketingedesign.com.br\/?author=1"},"uagb_comment_info":0,"uagb_excerpt":"Cr\u00edtica de Arquitetura e diretora executiva da Funda\u00e7\u00e3o George Nelson se juntar\u00e1 a Fernando Serapi\u00e3o em debate com Raul Juste Lores sobre o concurso para a escolha do projeto do IMS e a arquitetura em museus pelo mundo S\u00e3o Paulo, 2017 \u2013 A plataforma de discuss\u00e3o sobre o futuro das cidades Arq.Futuro e o Instituto&hellip;","_links":{"self":[{"href":"https:\/\/construcaocivil.siriusmarketingedesign.com.br\/index.php?rest_route=\/wp\/v2\/posts\/7639","targetHints":{"allow":["GET"]}}],"collection":[{"href":"https:\/\/construcaocivil.siriusmarketingedesign.com.br\/index.php?rest_route=\/wp\/v2\/posts"}],"about":[{"href":"https:\/\/construcaocivil.siriusmarketingedesign.com.br\/index.php?rest_route=\/wp\/v2\/types\/post"}],"author":[{"embeddable":true,"href":"https:\/\/construcaocivil.siriusmarketingedesign.com.br\/index.php?rest_route=\/wp\/v2\/users\/1"}],"replies":[{"embeddable":true,"href":"https:\/\/construcaocivil.siriusmarketingedesign.com.br\/index.php?rest_route=%2Fwp%2Fv2%2Fcomments&post=7639"}],"version-history":[{"count":0,"href":"https:\/\/construcaocivil.siriusmarketingedesign.com.br\/index.php?rest_route=\/wp\/v2\/posts\/7639\/revisions"}],"wp:attachment":[{"href":"https:\/\/construcaocivil.siriusmarketingedesign.com.br\/index.php?rest_route=%2Fwp%2Fv2%2Fmedia&parent=7639"}],"wp:term":[{"taxonomy":"category","embeddable":true,"href":"https:\/\/construcaocivil.siriusmarketingedesign.com.br\/index.php?rest_route=%2Fwp%2Fv2%2Fcategories&post=7639"},{"taxonomy":"post_tag","embeddable":true,"href":"https:\/\/construcaocivil.siriusmarketingedesign.com.br\/index.php?rest_route=%2Fwp%2Fv2%2Ftags&post=7639"}],"curies":[{"name":"wp","href":"https:\/\/api.w.org\/{rel}","templated":true}]}}