{"id":7641,"date":"2017-09-19T14:08:59","date_gmt":"2017-09-19T17:08:59","guid":{"rendered":"http:\/\/www.jornaldaconstrucaocivil.com.br\/?p=7641"},"modified":"2017-09-19T14:08:59","modified_gmt":"2017-09-19T17:08:59","slug":"mostra-100-minas-promovida-pela-casacor-destaca-design-produzido-no-estado","status":"publish","type":"post","link":"https:\/\/construcaocivil.siriusmarketingedesign.com.br\/?p=7641","title":{"rendered":"Mostra 100% Minas promovida pela CASACOR destaca design produzido no estado"},"content":{"rendered":"<p style=\"text-align: justify;\"><span style=\"color: #000000;\"><span style=\"color: #993300;\">Setembro, 2017<\/span> &#8211; A realiza\u00e7\u00e3o da CASACOR em Minas Gerais nos \u00faltimos 23 anos teve um papel fundamental no desenvolvimento, aprimoramento e gera\u00e7\u00e3o de oportunidades para o design local. Durante as primeiras edi\u00e7\u00f5es do evento, que hoje \u00e9 reconhecida como a maior e melhor mostra de arquitetura, decora\u00e7\u00e3o e paisagismo das Am\u00e9ricas, a produ\u00e7\u00e3o mineira de design ainda n\u00e3o se destacava tanto como atualmente. A CASACOR foi e continua sendo com toda certeza uma das iniciativas mais importantes, capazes de gerar oportunidades e promover este encontro entre criadores e consumidores, estreitando la\u00e7os, valorizando a produ\u00e7\u00e3o contempor\u00e2nea e abrindo mercado para este setor. Desta forma, in\u00fameros profissionais da \u00e1rea conseguiram se estabelecer e progredir neste segmento, conquistando cada vez mais reconhecimento por meio de seus trabalhos autorais. <\/span><\/p>\n<figure id=\"attachment_7642\" aria-describedby=\"caption-attachment-7642\" style=\"width: 300px\" class=\"wp-caption alignleft\"><a href=\"http:\/\/www.jornaldaconstrucaocivil.com.br\/wp-content\/uploads\/2017\/09\/MINAS-e1505840335184.jpg\"><img loading=\"lazy\" decoding=\"async\" class=\"wp-image-7642 size-medium\" src=\"http:\/\/www.jornaldaconstrucaocivil.com.br\/wp-content\/uploads\/2017\/09\/MINAS-300x200.jpg\" alt=\"MINAS\" width=\"300\" height=\"200\" \/><\/a><figcaption id=\"caption-attachment-7642\" class=\"wp-caption-text\">Exposi\u00e7\u00e3o 100% MINAS Vazio SA-Ambiente por Carlos Teixeira Cr\u00e9dito: Gabriel Castro<\/figcaption><\/figure>\n<p style=\"text-align: justify;\"><span style=\"color: #000000;\">Se antes era preciso sair de Minas ou at\u00e9 mesmo do pa\u00eds para conseguir um produto de qualidade e desenho inovador, hoje o estado exporta tend\u00eancias para o mundo inteiro. O consumo de design de qualidade tem crescido vertiginosamente, n\u00e3o apenas por quest\u00f5es est\u00e9ticas, mas tamb\u00e9m por propor novas alternativas e conceitos para produtos que s\u00e3o nossos aliados no dia-a-dia. As pessoas est\u00e3o buscando cria\u00e7\u00f5es que se destaquem n\u00e3o apenas pela qualidade, mas tamb\u00e9m por quest\u00f5es como conforto, beleza, durabilidade, ergonomia e praticidade. Foi pensando em dar visibilidade a uma nova safra de cria\u00e7\u00f5es, produzidas por designers experientes e tamb\u00e9m por representantes da nova gera\u00e7\u00e3o, a CASACOR Minas investiu na cria\u00e7\u00e3o da Mostra 100% Minas, que chega \u00e0 sua 2a edi\u00e7\u00e3o.<\/span><\/p>\n<p style=\"text-align: justify;\"><span style=\"color: #000000;\">Pedra sab\u00e3o, tecidos, a\u00e7o, couro, palha natural e diversos tipos de madeira. Diferentes suportes d\u00e3o forma ou acabamento aos m\u00f3veis que podem ser conferidos na exposi\u00e7\u00e3o 100% Minas, que integra a programa\u00e7\u00e3o da 23a CASACOR Minas. Diferentes autores, processos de cria\u00e7\u00e3o e de produ\u00e7\u00e3o \u2013 do industrial ao artesanal. O ponto em comum \u00e9 que todas as pe\u00e7as foram inteiramente criadas por designers mineiros.<\/span><\/p>\n<p style=\"text-align: justify;\"><span style=\"color: #000000;\">A segunda edi\u00e7\u00e3o da 100% Minas amadureceu e cresceu. Ganhou mais espa\u00e7o, mais tempo para visita\u00e7\u00e3o e um projeto expogr\u00e1fico assinado pelo arquiteto <span style=\"text-decoration: underline;\"><span style=\"color: #0000ff; text-decoration: underline;\"><a style=\"color: #0000ff; text-decoration: underline;\" href=\"http:\/\/www.imcgrupo.com\/link.php?code=bDpodHRwJTNBJTJGJTJGd3d3LnZhemlvLmNvbS5iciUyRjoyOTk2MzEyMTE0OndlYm9icmFzQGdtYWlsLmNvbTo4Mjk0NzQxZjU1MDU4YzE4ZmM2MjRmOWE1OTMyMmFkODA5\" target=\"_blank\" data-saferedirecturl=\"https:\/\/www.google.com\/url?hl=pt-PT&amp;q=http:\/\/www.imcgrupo.com\/link.php?code%3DbDpodHRwJTNBJTJGJTJGd3d3LnZhemlvLmNvbS5iciUyRjoyOTk2MzEyMTE0OndlYm9icmFzQGdtYWlsLmNvbTo4Mjk0NzQxZjU1MDU4YzE4ZmM2MjRmOWE1OTMyMmFkODA5&amp;source=gmail&amp;ust=1505925788059000&amp;usg=AFQjCNEXKDL4qiCFEUoLs6qZEpaLwHHCTQ\">Carlos Teixeira<\/a><\/span><\/span>, al\u00e9m de projeto de ilumina\u00e7\u00e3o de Mariana Novaes, da Atia\u00eea Lighting Design. E, este ano, est\u00e1 inserida dentro da CASACOR Minas, que al\u00e9m de uma mostra de arquitetura, design de interiores e paisagismo, \u00e9 tamb\u00e9m uma plataforma de m\u00faltiplas possibilidades, sustentada por quatro pilares: inspira\u00e7\u00e3o, conte\u00fado, entretenimento e networking.<\/span><\/p>\n<figure id=\"attachment_7643\" aria-describedby=\"caption-attachment-7643\" style=\"width: 194px\" class=\"wp-caption alignright\"><a href=\"http:\/\/www.jornaldaconstrucaocivil.com.br\/wp-content\/uploads\/2017\/09\/MINAS-3-e1505840557510.jpg\"><img loading=\"lazy\" decoding=\"async\" class=\"wp-image-7643 size-medium\" src=\"http:\/\/www.jornaldaconstrucaocivil.com.br\/wp-content\/uploads\/2017\/09\/MINAS-3-194x300.jpg\" alt=\"MINAS 3\" width=\"194\" height=\"300\" \/><\/a><figcaption id=\"caption-attachment-7643\" class=\"wp-caption-text\">100 % Minas Carlos Teixeira Reverbo. Cr\u00e9ditos: Gabriel Castro<\/figcaption><\/figure>\n<p style=\"text-align: justify;\"><span style=\"color: #000000;\">Nesse contexto, a mostra \u00e9 um convite para o visitante conhecer e se aproximar da recente, diversificada e expressiva produ\u00e7\u00e3o de mobili\u00e1rio feita por 22 designers mineiros. A sele\u00e7\u00e3o mescla pe\u00e7as de designers que j\u00e1 possuem uma trajet\u00f3ria consolidada na \u00e1rea e tamb\u00e9m pe\u00e7as de quem est\u00e1 iniciando sua carreira, mas j\u00e1 demonstra um caminho promissor.<\/span><\/p>\n<p style=\"text-align: justify;\"><span style=\"color: #000000;\">No percurso, m\u00f3veis com formas tradicionais e usos bem definidos se misturam a pe\u00e7as mais despojadas, com car\u00e1ter mais inusitadas. O di\u00e1logo entre design industrial, moda e experimenta\u00e7\u00f5es de formas, acabamentos e materiais \u00e9 algo que pode ser notado em diversas pe\u00e7as.<\/span><\/p>\n<p style=\"text-align: justify;\"><span style=\"color: #000000;\">Com essa sele\u00e7\u00e3o, a 100% Minas pretende ser uma celebra\u00e7\u00e3o da produ\u00e7\u00e3o do design feito em Minas Gerais. Trata-se tamb\u00e9m de um espa\u00e7o e de uma oportunidade para a valoriza\u00e7\u00e3o, divulga\u00e7\u00e3o e difus\u00e3o de trabalhos de designers mineiros, aproximando o p\u00fablico, ind\u00fastria e cr\u00edticos da produ\u00e7\u00e3o criativa conte, fomentando a gera\u00e7\u00e3o de neg\u00f3cios entre produtores, especificadores, investidores e p\u00fablico em geral.<\/span><\/p>\n<p style=\"text-align: justify;\"><span style=\"color: #000000;\">Como atividade complementar da mostra, ser\u00e1 realizada na pr\u00f3xima sexta, dia 25 de agosto, uma mesa redonda para discutir os diversos processos de produ\u00e7\u00e3o dentro do design autoral e a distribui\u00e7\u00e3o para o mercado. Estar\u00e3o presentes os designers <span style=\"text-decoration: underline;\"><span style=\"color: #0000ff; text-decoration: underline;\"><em><a style=\"color: #0000ff; text-decoration: underline;\" href=\"http:\/\/www.imcgrupo.com\/link.php?code=bDpodHRwJTNBJTJGJTJGd3d3LnBvcmZpcmlvdmFsbGFkYXJlcy5jb20lMkY6Mjk5NjMxMjExNDp3ZWJvYnJhc0BnbWFpbC5jb206NWFiM2U0MDMwN2FkZGI2NGM4NzUzZTI5ZTEzNmViMTAxNA==\" target=\"_blank\" data-saferedirecturl=\"https:\/\/www.google.com\/url?hl=pt-PT&amp;q=http:\/\/www.imcgrupo.com\/link.php?code%3DbDpodHRwJTNBJTJGJTJGd3d3LnBvcmZpcmlvdmFsbGFkYXJlcy5jb20lMkY6Mjk5NjMxMjExNDp3ZWJvYnJhc0BnbWFpbC5jb206NWFiM2U0MDMwN2FkZGI2NGM4NzUzZTI5ZTEzNmViMTAxNA%3D%3D&amp;source=gmail&amp;ust=1505925788060000&amp;usg=AFQjCNGSfQEq200emZJlH8aYB3oyBlAfhA\">Porf\u00edrio Valladares<\/a><\/em><\/span><\/span>,\u00a0<span style=\"text-decoration: underline;\"><span style=\"color: #0000ff; text-decoration: underline;\"><em><a style=\"color: #0000ff; text-decoration: underline;\" href=\"http:\/\/www.imcgrupo.com\/link.php?code=bDpodHRwJTNBJTJGJTJGd3d3LmFuZHJlZmVycmkuY29tJTJGOjI5OTYzMTIxMTQ6d2Vib2JyYXNAZ21haWwuY29tOjcwNWJkZTg1YjZmMGZiNTJjZTc0MzMzODQ4MzZhMzBkMzY=\" target=\"_blank\" data-saferedirecturl=\"https:\/\/www.google.com\/url?hl=pt-PT&amp;q=http:\/\/www.imcgrupo.com\/link.php?code%3DbDpodHRwJTNBJTJGJTJGd3d3LmFuZHJlZmVycmkuY29tJTJGOjI5OTYzMTIxMTQ6d2Vib2JyYXNAZ21haWwuY29tOjcwNWJkZTg1YjZmMGZiNTJjZTc0MzMzODQ4MzZhMzBkMzY%3D&amp;source=gmail&amp;ust=1505925788060000&amp;usg=AFQjCNG0667Uvq5p6mBsxg6Pd2OJw0ELfQ\">Andr\u00e9 Ferri<\/a> <\/em><\/span><\/span> e\u00a0<span style=\"text-decoration: underline;\"><span style=\"color: #0000ff; text-decoration: underline;\"><em><a style=\"color: #0000ff; text-decoration: underline;\" href=\"http:\/\/www.imcgrupo.com\/link.php?code=bDpodHRwJTNBJTJGJTJGbWl1ZGFtb2JpbGlhLmNvbS5iciUyRjoyOTk2MzEyMTE0OndlYm9icmFzQGdtYWlsLmNvbTpkNDJhNWQwOWM0OTNlYTdmN2RiNDg1M2QzNWMyZDc1NGMw\" target=\"_blank\" data-saferedirecturl=\"https:\/\/www.google.com\/url?hl=pt-PT&amp;q=http:\/\/www.imcgrupo.com\/link.php?code%3DbDpodHRwJTNBJTJGJTJGbWl1ZGFtb2JpbGlhLmNvbS5iciUyRjoyOTk2MzEyMTE0OndlYm9icmFzQGdtYWlsLmNvbTpkNDJhNWQwOWM0OTNlYTdmN2RiNDg1M2QzNWMyZDc1NGMw&amp;source=gmail&amp;ust=1505925788060000&amp;usg=AFQjCNHvjfWu5ZzKWRE3amTbKOvBIPiLyg\">Joana do Vale Dourado<\/a><\/em><\/span><\/span> e o fundador da <span style=\"text-decoration: underline;\"><span style=\"color: #0000ff; text-decoration: underline;\"><a style=\"color: #0000ff; text-decoration: underline;\" href=\"http:\/\/www.imcgrupo.com\/link.php?code=bDpodHRwJTNBJTJGJTJGd3d3LmhvbWV0ZWthLmNvbS5iciUyRjoyOTk2MzEyMTE0OndlYm9icmFzQGdtYWlsLmNvbTo5YWQ4NTY1NDhkNzEyZmU5OThiMzVjODllNDUxYTg0MmM5\" target=\"_blank\" data-saferedirecturl=\"https:\/\/www.google.com\/url?hl=pt-PT&amp;q=http:\/\/www.imcgrupo.com\/link.php?code%3DbDpodHRwJTNBJTJGJTJGd3d3LmhvbWV0ZWthLmNvbS5iciUyRjoyOTk2MzEyMTE0OndlYm9icmFzQGdtYWlsLmNvbTo5YWQ4NTY1NDhkNzEyZmU5OThiMzVjODllNDUxYTg0MmM5&amp;source=gmail&amp;ust=1505925788060000&amp;usg=AFQjCNH1igiQs3nweuEKJNjBOhVWFwvztg\">Hometeka<\/a><\/span><\/span>, Roberto Andr\u00e9s. A media\u00e7\u00e3o ser\u00e1 da curadora da exposi\u00e7\u00e3o 100% Minas, M\u00f4nica Boscarino. A atividade integra a programa\u00e7\u00e3o do CASACOR &amp; Conversa.<\/span><\/p>\n<p class=\"m_-759427242668977707normal\"><span style=\"color: #000000;\"><strong>CASACOR Minas Gerais <\/strong><\/span><\/p>\n<p class=\"m_-759427242668977707normal\"><span style=\"color: #000000;\">At\u00e9 24 de setembro de 2017<\/span><\/p>\n<p class=\"m_-759427242668977707normal\"><span style=\"color: #000000;\"><strong>Endere\u00e7o:<\/strong><\/span> <span style=\"text-decoration: underline;\"><span style=\"color: #0000ff; text-decoration: underline;\"><a style=\"color: #0000ff; text-decoration: underline;\" href=\"https:\/\/maps.google.com\/?q=Rua+Sapuca%C3%AD,+383%E2%80%93+Floresta-+Belo+Horizonte&amp;entry=gmail&amp;source=g\">Rua Sapuca\u00ed, 383\u2013 Floresta- Belo Horizonte<\/a><\/span><\/span><\/p>\n<p class=\"m_-759427242668977707normal\"><span style=\"color: #000000;\"><strong>Hor\u00e1rio de funcionamento<\/strong>: de ter\u00e7a \u00e0 sexta de 15h \u00e0s 22h\/ S\u00e1bados, de 13h \u00e0s 22h e aos domingos e feriados de 13h \u00e0s 19h.<\/span><\/p>\n<p class=\"m_-759427242668977707normal\"><span style=\"color: #000000;\"><strong>Informa\u00e7\u00f5es:<\/strong><\/span> <span style=\"text-decoration: underline;\"><span style=\"color: #0000ff; text-decoration: underline;\"><a style=\"color: #0000ff; text-decoration: underline;\" href=\"http:\/\/www.imcgrupo.com\/link.php?code=bDpodHRwJTNBJTJGJTJGd3d3LmNhc2Fjb3IuYWJyaWwuY29tLmJyJTJGOjI5OTYzMTIxMTQ6d2Vib2JyYXNAZ21haWwuY29tOmY4NzAwNzRmNjRhNmQ5Y2FkNDVhYzk4ODIyNjdiMzI5M2I=\" target=\"_blank\" data-saferedirecturl=\"https:\/\/www.google.com\/url?hl=pt-PT&amp;q=http:\/\/www.imcgrupo.com\/link.php?code%3DbDpodHRwJTNBJTJGJTJGd3d3LmNhc2Fjb3IuYWJyaWwuY29tLmJyJTJGOjI5OTYzMTIxMTQ6d2Vib2JyYXNAZ21haWwuY29tOmY4NzAwNzRmNjRhNmQ5Y2FkNDVhYzk4ODIyNjdiMzI5M2I%3D&amp;source=gmail&amp;ust=1505925788060000&amp;usg=AFQjCNHSIarJ-Ylp2lsuNEhq_quJbQ8yUw\">www.casacor.abril.com.br<\/a><\/span><\/span><\/p>\n<p class=\"m_-759427242668977707normal\"><span style=\"color: #000000;\"><strong>Ingressos<\/strong>:<\/span><\/p>\n<p class=\"m_-759427242668977707normal\"><span style=\"color: #000000;\">Acesso \u00fanico(ter\u00e7a a domingo): R$50 inteira e R$25-meia-entrada<\/span><\/p>\n<p class=\"m_-759427242668977707normal\"><span style=\"color: #000000;\">Vendas na bilheteria da CASA COR Minas ou pelo site<\/span><span style=\"text-decoration: underline;\"><span style=\"color: #0000ff;\"> <a style=\"color: #0000ff; text-decoration: underline;\" href=\"http:\/\/www.imcgrupo.com\/link.php?code=bDpodHRwJTNBJTJGJTJGd3d3LmJsdWV0aWNrZXQuY29tLmJyJTJGOjI5OTYzMTIxMTQ6d2Vib2JyYXNAZ21haWwuY29tOjM1ZDBkZjRhNmE5YTVmMzIxZGNkZjk5MGY0YTRiYWNhYzk=\" target=\"_blank\" data-saferedirecturl=\"https:\/\/www.google.com\/url?hl=pt-PT&amp;q=http:\/\/www.imcgrupo.com\/link.php?code%3DbDpodHRwJTNBJTJGJTJGd3d3LmJsdWV0aWNrZXQuY29tLmJyJTJGOjI5OTYzMTIxMTQ6d2Vib2JyYXNAZ21haWwuY29tOjM1ZDBkZjRhNmE5YTVmMzIxZGNkZjk5MGY0YTRiYWNhYzk%3D&amp;source=gmail&amp;ust=1505925788060000&amp;usg=AFQjCNGbWuYCdoaLLugXSeuxc600djp2Qw\">http:\/\/www.blueticket.com.br<\/a><\/span><\/span><\/p>\n","protected":false},"excerpt":{"rendered":"<p>Setembro, 2017 &#8211; A realiza\u00e7\u00e3o da CASACOR em Minas Gerais nos \u00faltimos 23 anos teve um papel fundamental no desenvolvimento, aprimoramento e gera\u00e7\u00e3o de oportunidades para o design local. Durante as primeiras edi\u00e7\u00f5es do evento, que hoje \u00e9 reconhecida como a maior e melhor mostra de arquitetura, decora\u00e7\u00e3o e paisagismo das Am\u00e9ricas, a produ\u00e7\u00e3o mineira [&hellip;]<\/p>\n","protected":false},"author":1,"featured_media":7642,"comment_status":"open","ping_status":"open","sticky":false,"template":"","format":"standard","meta":{"_uag_custom_page_level_css":"","footnotes":""},"categories":[28],"tags":[1184,1339,1899,1957,3397,3549,3557,7470,7879,8287],"class_list":["post-7641","post","type-post","status-publish","format-standard","has-post-thumbnail","hentry","category-arquitetura","tag-bairro-floresta-bh","tag-belo-horizonte-bh","tag-casa","tag-casacor-minas-gerais-2017","tag-decoracao-e-designer","tag-designer-interiores","tag-designers-mineiros","tag-mercado","tag-mostra-100-minas","tag-novos-negocios"],"blocksy_meta":[],"spectra_blocks_featured_image_url":[],"spectra_blocks_author_info":{"display_name":"Jornal da Constru\u00e7\u00e3o Civil","avatar_url":"https:\/\/secure.gravatar.com\/avatar\/973c9774fd44ddaceb026973c4962faa70fc512bc4c9da68e8ebb40fecee6540?s=96&d=mm&r=g","author_link":"https:\/\/construcaocivil.siriusmarketingedesign.com.br\/?author=1","description":"Desde de 2013, levando muitas informa\u00e7\u00f5es, lan\u00e7amentos e produtos de qualidade para toda cadeia produtiva da constru\u00e7\u00e3o. O Futuro da constru\u00e7\u00e3o passa por aqui,"},"uagb_featured_image_src":{"full":false,"thumbnail":false,"medium":false,"medium_large":false,"large":false,"1536x1536":false,"2048x2048":false},"uagb_author_info":{"display_name":"Jornal da Constru\u00e7\u00e3o Civil","author_link":"https:\/\/construcaocivil.siriusmarketingedesign.com.br\/?author=1"},"uagb_comment_info":0,"uagb_excerpt":"Setembro, 2017 &#8211; A realiza\u00e7\u00e3o da CASACOR em Minas Gerais nos \u00faltimos 23 anos teve um papel fundamental no desenvolvimento, aprimoramento e gera\u00e7\u00e3o de oportunidades para o design local. Durante as primeiras edi\u00e7\u00f5es do evento, que hoje \u00e9 reconhecida como a maior e melhor mostra de arquitetura, decora\u00e7\u00e3o e paisagismo das Am\u00e9ricas, a produ\u00e7\u00e3o mineira&hellip;","_links":{"self":[{"href":"https:\/\/construcaocivil.siriusmarketingedesign.com.br\/index.php?rest_route=\/wp\/v2\/posts\/7641","targetHints":{"allow":["GET"]}}],"collection":[{"href":"https:\/\/construcaocivil.siriusmarketingedesign.com.br\/index.php?rest_route=\/wp\/v2\/posts"}],"about":[{"href":"https:\/\/construcaocivil.siriusmarketingedesign.com.br\/index.php?rest_route=\/wp\/v2\/types\/post"}],"author":[{"embeddable":true,"href":"https:\/\/construcaocivil.siriusmarketingedesign.com.br\/index.php?rest_route=\/wp\/v2\/users\/1"}],"replies":[{"embeddable":true,"href":"https:\/\/construcaocivil.siriusmarketingedesign.com.br\/index.php?rest_route=%2Fwp%2Fv2%2Fcomments&post=7641"}],"version-history":[{"count":0,"href":"https:\/\/construcaocivil.siriusmarketingedesign.com.br\/index.php?rest_route=\/wp\/v2\/posts\/7641\/revisions"}],"wp:attachment":[{"href":"https:\/\/construcaocivil.siriusmarketingedesign.com.br\/index.php?rest_route=%2Fwp%2Fv2%2Fmedia&parent=7641"}],"wp:term":[{"taxonomy":"category","embeddable":true,"href":"https:\/\/construcaocivil.siriusmarketingedesign.com.br\/index.php?rest_route=%2Fwp%2Fv2%2Fcategories&post=7641"},{"taxonomy":"post_tag","embeddable":true,"href":"https:\/\/construcaocivil.siriusmarketingedesign.com.br\/index.php?rest_route=%2Fwp%2Fv2%2Ftags&post=7641"}],"curies":[{"name":"wp","href":"https:\/\/api.w.org\/{rel}","templated":true}]}}