{"id":765,"date":"2016-01-23T20:37:18","date_gmt":"2016-01-23T20:37:18","guid":{"rendered":"http:\/\/www.jornaldaconstrucaocivil.com.br\/?p=765"},"modified":"2016-01-23T20:37:18","modified_gmt":"2016-01-23T20:37:18","slug":"bndes-aprova-r-10-milhoes-para-criacao-do-memorial-da-anistia-politica-do-brasil","status":"publish","type":"post","link":"https:\/\/construcaocivil.siriusmarketingedesign.com.br\/?p=765","title":{"rendered":"BNDES aprova R$ 10 milh\u00f5es para cria\u00e7\u00e3o do Memorial da Anistia Pol\u00edtica do Brasil"},"content":{"rendered":"<p><span style=\"color: #000080;\"><strong><em><span style=\"font-family: Arial;\">Recursos destinam-se a recupera\u00e7\u00e3o de pr\u00e9dio hist\u00f3rico em Belo Horizonte para abrigar o novo espa\u00e7o cultural, criado no \u00e2mbito da Comiss\u00e3o da Anistia<\/span><\/em> <\/strong><\/span><\/p>\n<p><span style=\"color: #000000; font-family: Arial; font-size: medium;\">A Diretoria do Banco Nacional do Desenvolvimento Econ\u00f4mico e Social (BNDES) aprovou apoio financeiro de R$ 10 milh\u00f5es para a cria\u00e7\u00e3o do Memorial da Anistia Pol\u00edtica do Brasil, em Belo Horizonte. Os recursos destinam-se \u00e0 recupera\u00e7\u00e3o do Coleginho, pr\u00e9dio hist\u00f3rico datado do inicio do s\u00e9culo 20 onde funcionou o Col\u00e9gio de Aplica\u00e7\u00e3o, ligado \u00e0 Faculdade de Filosofia e Ci\u00eancias Humanas da Universidade Federal de Minas Gerais (FAFICH\/UFMG), e, posteriormente, o Teatro da UFMG. <\/span><\/p>\n<p><span style=\"color: #000000; font-family: Arial; font-size: medium;\">O objetivo do novo espa\u00e7o cultural \u00e9 preservar a mem\u00f3ria coletiva das lutas de resist\u00eancia e tamb\u00e9m o hist\u00f3rico de viola\u00e7\u00e3o de direitos humanos durante a ditadura militar. A iniciativa partiu do Minist\u00e9rio da Justi\u00e7a, como desdobramento dos trabalhos da Comiss\u00e3o da Anistia, e est\u00e1 a cargo da Funda\u00e7\u00e3o de Desenvolvimento e Pesquisa (Fundep), vinculada \u00e0 Universidade Federal de Minas Gerais. Os recursos do BNDES s\u00e3o n\u00e3o reembols\u00e1veis, com base nos incentivos da Lei Rouanet, e correspondem a 25% do custo total do projeto, que est\u00e1 estimado em R$ 40 milh\u00f5es, com conclus\u00e3o prevista para 2018. <\/span><\/p>\n<p><span style=\"color: #000000; font-family: Arial; font-size: medium;\">O pr\u00e9dio tem valor simb\u00f3lico: foi palco de resist\u00eancia pol\u00edtica e forma\u00e7\u00e3o de intelectuais mineiros no per\u00edodo do regime autorit\u00e1rio. No dia 1\u00ba de abril de 1964, quando o golpe militar completou 50 anos, o Conselho Deliberativo do Patrim\u00f4nio Cultural do Munic\u00edpio de Belo Horizonte tombou a sede da antiga FAFICH como forma de repara\u00e7\u00e3o pelas viola\u00e7\u00f5es cometidas pelo Estado durante a ditadura. Com o refor\u00e7o estrutural, al\u00e9m da adapta\u00e7\u00e3o da \u00e1rea de 1.120 metros quadrados para sua utiliza\u00e7\u00e3o como equipamento cultural, o Coleginho dispor\u00e1 de dois pavimentos: o t\u00e9rreo e o subsolo, no qual haver\u00e1 cabines de v\u00eddeo e de \u00e1udio. <\/span><\/p>\n<p><span style=\"color: #000000; font-family: Arial; font-size: medium;\">O t\u00e9rreo ser\u00e1 ocupado por exposi\u00e7\u00e3o de longa dura\u00e7\u00e3o. O acervo incluir\u00e1 os requerimentos de repara\u00e7\u00e3o encaminhados \u00e0 Comiss\u00e3o e os documentos de registros de persegui\u00e7\u00f5es pol\u00edticas. A proposta \u00e9 an\u00e1loga \u00e0s adotadas na Alemanha p\u00f3s-nazista (como o Museu do Holocausto), na \u00c1frica do Sul p\u00f3s-apartheid, nos Estados Unidos com a luta contra o racismo e em pa\u00edses da Am\u00e9rica Latina, ap\u00f3s regimes ditatoriais. Os dossi\u00eas da Comiss\u00e3o de Anistia foram declarados \u201cPatrim\u00f4nio Documental Regional\u201d pelo Programa Mem\u00f3ria do Mundo da UNESCO. <\/span><span style=\"font-family: sans-serif; font-size: small;\"><\/p>\n<p><\/span><\/p>\n<p><span style=\"color: #000000;\">Fonte: BNDES<\/span><\/p>\n","protected":false},"excerpt":{"rendered":"<p>Recursos destinam-se a recupera\u00e7\u00e3o de pr\u00e9dio hist\u00f3rico em Belo Horizonte para abrigar o novo espa\u00e7o cultural, criado no \u00e2mbito da Comiss\u00e3o da Anistia A Diretoria do Banco Nacional do Desenvolvimento Econ\u00f4mico e Social (BNDES) aprovou apoio financeiro de R$ 10 milh\u00f5es para a cria\u00e7\u00e3o do Memorial da Anistia Pol\u00edtica do Brasil, em Belo Horizonte. Os [&hellip;]<\/p>\n","protected":false},"author":1,"featured_media":0,"comment_status":"open","ping_status":"open","sticky":false,"template":"","format":"quote","meta":{"_uag_custom_page_level_css":"","footnotes":""},"categories":[37],"tags":[737,1464,9250,9875,12032],"class_list":["post-765","post","type-post","status-publish","format-quote","hentry","category-sustentabilidade","tag-anistia","tag-bndes","tag-predio","tag-r-10-milhoes","tag-ufmg","post_format-post-format-quote"],"blocksy_meta":[],"spectra_blocks_featured_image_url":null,"spectra_blocks_author_info":{"display_name":"Jornal da Constru\u00e7\u00e3o Civil","avatar_url":"https:\/\/secure.gravatar.com\/avatar\/973c9774fd44ddaceb026973c4962faa70fc512bc4c9da68e8ebb40fecee6540?s=96&d=mm&r=g","author_link":"https:\/\/construcaocivil.siriusmarketingedesign.com.br\/?author=1","description":"Desde de 2013, levando muitas informa\u00e7\u00f5es, lan\u00e7amentos e produtos de qualidade para toda cadeia produtiva da constru\u00e7\u00e3o. O Futuro da constru\u00e7\u00e3o passa por aqui,"},"uagb_featured_image_src":{"full":false,"thumbnail":false,"medium":false,"medium_large":false,"large":false,"1536x1536":false,"2048x2048":false},"uagb_author_info":{"display_name":"Jornal da Constru\u00e7\u00e3o Civil","author_link":"https:\/\/construcaocivil.siriusmarketingedesign.com.br\/?author=1"},"uagb_comment_info":0,"uagb_excerpt":"Recursos destinam-se a recupera\u00e7\u00e3o de pr\u00e9dio hist\u00f3rico em Belo Horizonte para abrigar o novo espa\u00e7o cultural, criado no \u00e2mbito da Comiss\u00e3o da Anistia A Diretoria do Banco Nacional do Desenvolvimento Econ\u00f4mico e Social (BNDES) aprovou apoio financeiro de R$ 10 milh\u00f5es para a cria\u00e7\u00e3o do Memorial da Anistia Pol\u00edtica do Brasil, em Belo Horizonte. Os&hellip;","_links":{"self":[{"href":"https:\/\/construcaocivil.siriusmarketingedesign.com.br\/index.php?rest_route=\/wp\/v2\/posts\/765","targetHints":{"allow":["GET"]}}],"collection":[{"href":"https:\/\/construcaocivil.siriusmarketingedesign.com.br\/index.php?rest_route=\/wp\/v2\/posts"}],"about":[{"href":"https:\/\/construcaocivil.siriusmarketingedesign.com.br\/index.php?rest_route=\/wp\/v2\/types\/post"}],"author":[{"embeddable":true,"href":"https:\/\/construcaocivil.siriusmarketingedesign.com.br\/index.php?rest_route=\/wp\/v2\/users\/1"}],"replies":[{"embeddable":true,"href":"https:\/\/construcaocivil.siriusmarketingedesign.com.br\/index.php?rest_route=%2Fwp%2Fv2%2Fcomments&post=765"}],"version-history":[{"count":0,"href":"https:\/\/construcaocivil.siriusmarketingedesign.com.br\/index.php?rest_route=\/wp\/v2\/posts\/765\/revisions"}],"wp:attachment":[{"href":"https:\/\/construcaocivil.siriusmarketingedesign.com.br\/index.php?rest_route=%2Fwp%2Fv2%2Fmedia&parent=765"}],"wp:term":[{"taxonomy":"category","embeddable":true,"href":"https:\/\/construcaocivil.siriusmarketingedesign.com.br\/index.php?rest_route=%2Fwp%2Fv2%2Fcategories&post=765"},{"taxonomy":"post_tag","embeddable":true,"href":"https:\/\/construcaocivil.siriusmarketingedesign.com.br\/index.php?rest_route=%2Fwp%2Fv2%2Ftags&post=765"}],"curies":[{"name":"wp","href":"https:\/\/api.w.org\/{rel}","templated":true}]}}