{"id":7650,"date":"2017-09-20T18:36:55","date_gmt":"2017-09-20T21:36:55","guid":{"rendered":"http:\/\/www.jornaldaconstrucaocivil.com.br\/?p=7650"},"modified":"2017-09-20T18:36:55","modified_gmt":"2017-09-20T21:36:55","slug":"meio-ambientepapel-social-das-areas-protegidas-sao-tema-de-debate-na-camara-municipal-do-rio","status":"publish","type":"post","link":"https:\/\/construcaocivil.siriusmarketingedesign.com.br\/?p=7650","title":{"rendered":"Meio Ambiente:Papel Social das \u00c1reas Protegidas s\u00e3o tema de debate na C\u00e2mara  Municipal do Rio"},"content":{"rendered":"<p style=\"text-align: justify;\"><a href=\"http:\/\/www.jornaldaconstrucaocivil.com.br\/wp-content\/uploads\/2017\/09\/RENATO-CINCO.jpg\"><img loading=\"lazy\" decoding=\"async\" class=\"wp-image-7651 alignleft\" src=\"http:\/\/www.jornaldaconstrucaocivil.com.br\/wp-content\/uploads\/2017\/09\/RENATO-CINCO-293x300.jpg\" alt=\"RENATO CINCO\" width=\"245\" height=\"251\" \/><\/a><\/p>\n<p style=\"text-align: justify;\"><span style=\"color: #000000;\"><span style=\"color: #0000ff;\">Rio, setembro, 2017<\/span> &#8211; A Comiss\u00e3o Permanente de Meio Ambiente da C\u00e2mara Municipal Rio promover\u00e1 uma discuss\u00e3o sobre o papel social das \u00e1reas protegidas. Combate \u00e0 pobreza, gera\u00e7\u00e3o de empregos, baixa emiss\u00e3o de carbono e o combate ao racismo ambiental estar\u00e3o em pauta.<\/span><\/p>\n<p style=\"text-align: justify;\"><span style=\"color: #000000;\">A iniciativa protagonizada pelo Mandato Ecossocialista e Libert\u00e1rio Renato Cinco busca contribuir com a luta ambientalista e o combate ao desmatamento nos principais maci\u00e7os cariocas.<\/span><\/p>\n<p style=\"text-align: justify;\">O debate \u00e9 aberto ao p\u00fablico e acontece as 18:30, no Plen\u00e1rio da C\u00e2mara, na Cinel\u00e2ndia-Centro-RJ.<\/p>\n<p style=\"text-align: justify;\"><span style=\"color: #993300;\">Estar\u00e3o com a gente no debate:<\/span><\/p>\n<p style=\"text-align: justify;\"><span style=\"color: #000080;\">Breno Herrera &#8211; Analista ambiental ICBIO<\/span><\/p>\n<p style=\"text-align: justify;\"><span style=\"color: #000080;\">Diogo Rocha &#8211; Pesquisador da Fiocruz<\/span><\/p>\n<p style=\"text-align: justify;\"><span style=\"color: #000080;\">Juan Gomes Bastos &#8211; Mestrando em unidades de Conserva\u00e7\u00e3o no jardim Bot\u00e2nico e ex Guarda Parque do INEA<\/span><\/p>\n<p style=\"text-align: justify;\"><span style=\"color: #000080;\">Alice Alves Franco &#8211; Quilombo Dona Bilina e Movimento negro Cedicun<\/span><\/p>\n<p style=\"text-align: justify;\"><span style=\"color: #000080;\">Media\u00e7\u00e3o: Renato Cinco (vereador pelo PSOL Carioca)<\/span><\/p>\n<p style=\"text-align: justify;\"><span style=\"color: #993300;\">IMPORTANTE: \u00e9 necess\u00e1ria a apresenta\u00e7\u00e3o de documento de identidade. Homens devem vestir cal\u00e7as.<\/span><\/p>\n","protected":false},"excerpt":{"rendered":"<p>Rio, setembro, 2017 &#8211; A Comiss\u00e3o Permanente de Meio Ambiente da C\u00e2mara Municipal Rio promover\u00e1 uma discuss\u00e3o sobre o papel social das \u00e1reas protegidas. Combate \u00e0 pobreza, gera\u00e7\u00e3o de empregos, baixa emiss\u00e3o de carbono e o combate ao racismo ambiental estar\u00e3o em pauta. A iniciativa protagonizada pelo Mandato Ecossocialista e Libert\u00e1rio Renato Cinco busca contribuir [&hellip;]<\/p>\n","protected":false},"author":1,"featured_media":0,"comment_status":"open","ping_status":"open","sticky":false,"template":"","format":"standard","meta":{"_uag_custom_page_level_css":"","footnotes":""},"categories":[27],"tags":[1214,1716,2296,2441,2443,2497,5394,7440,10180],"class_list":["post-7650","post","type-post","status-publish","format-standard","hentry","category-acontece","tag-baixa-emissao-de-carbono","tag-camara-de-vereadores-do-rio","tag-cinelandia-centro-rj","tag-combate-a-pobreza","tag-combate-ao-racismo-ambiental","tag-comissao-meio-ambiente","tag-geracao-de-empregos","tag-meio-ambiente-papel-social-das-areas-protegidas","tag-renato-cinco"],"blocksy_meta":[],"spectra_blocks_featured_image_url":null,"spectra_blocks_author_info":{"display_name":"Jornal da Constru\u00e7\u00e3o Civil","avatar_url":"https:\/\/secure.gravatar.com\/avatar\/973c9774fd44ddaceb026973c4962faa70fc512bc4c9da68e8ebb40fecee6540?s=96&d=mm&r=g","author_link":"https:\/\/construcaocivil.siriusmarketingedesign.com.br\/?author=1","description":"Desde de 2013, levando muitas informa\u00e7\u00f5es, lan\u00e7amentos e produtos de qualidade para toda cadeia produtiva da constru\u00e7\u00e3o. O Futuro da constru\u00e7\u00e3o passa por aqui,"},"uagb_featured_image_src":{"full":false,"thumbnail":false,"medium":false,"medium_large":false,"large":false,"1536x1536":false,"2048x2048":false},"uagb_author_info":{"display_name":"Jornal da Constru\u00e7\u00e3o Civil","author_link":"https:\/\/construcaocivil.siriusmarketingedesign.com.br\/?author=1"},"uagb_comment_info":0,"uagb_excerpt":"Rio, setembro, 2017 &#8211; A Comiss\u00e3o Permanente de Meio Ambiente da C\u00e2mara Municipal Rio promover\u00e1 uma discuss\u00e3o sobre o papel social das \u00e1reas protegidas. Combate \u00e0 pobreza, gera\u00e7\u00e3o de empregos, baixa emiss\u00e3o de carbono e o combate ao racismo ambiental estar\u00e3o em pauta. A iniciativa protagonizada pelo Mandato Ecossocialista e Libert\u00e1rio Renato Cinco busca contribuir&hellip;","_links":{"self":[{"href":"https:\/\/construcaocivil.siriusmarketingedesign.com.br\/index.php?rest_route=\/wp\/v2\/posts\/7650","targetHints":{"allow":["GET"]}}],"collection":[{"href":"https:\/\/construcaocivil.siriusmarketingedesign.com.br\/index.php?rest_route=\/wp\/v2\/posts"}],"about":[{"href":"https:\/\/construcaocivil.siriusmarketingedesign.com.br\/index.php?rest_route=\/wp\/v2\/types\/post"}],"author":[{"embeddable":true,"href":"https:\/\/construcaocivil.siriusmarketingedesign.com.br\/index.php?rest_route=\/wp\/v2\/users\/1"}],"replies":[{"embeddable":true,"href":"https:\/\/construcaocivil.siriusmarketingedesign.com.br\/index.php?rest_route=%2Fwp%2Fv2%2Fcomments&post=7650"}],"version-history":[{"count":0,"href":"https:\/\/construcaocivil.siriusmarketingedesign.com.br\/index.php?rest_route=\/wp\/v2\/posts\/7650\/revisions"}],"wp:attachment":[{"href":"https:\/\/construcaocivil.siriusmarketingedesign.com.br\/index.php?rest_route=%2Fwp%2Fv2%2Fmedia&parent=7650"}],"wp:term":[{"taxonomy":"category","embeddable":true,"href":"https:\/\/construcaocivil.siriusmarketingedesign.com.br\/index.php?rest_route=%2Fwp%2Fv2%2Fcategories&post=7650"},{"taxonomy":"post_tag","embeddable":true,"href":"https:\/\/construcaocivil.siriusmarketingedesign.com.br\/index.php?rest_route=%2Fwp%2Fv2%2Ftags&post=7650"}],"curies":[{"name":"wp","href":"https:\/\/api.w.org\/{rel}","templated":true}]}}