{"id":767,"date":"2016-01-28T18:08:29","date_gmt":"2016-01-28T18:08:29","guid":{"rendered":"http:\/\/www.jornaldaconstrucaocivil.com.br\/?p=767"},"modified":"2016-01-28T18:08:29","modified_gmt":"2016-01-28T18:08:29","slug":"enaserv-2016-discute-oportunidades-no-mercado-externo-de-servicos","status":"publish","type":"post","link":"https:\/\/construcaocivil.siriusmarketingedesign.com.br\/?p=767","title":{"rendered":"ENAServ 2016 discute oportunidades no mercado externo de servi\u00e7os"},"content":{"rendered":"<p><span style=\"color: #000000;\"><span style=\"color: #0000ff;\"><em><strong>Inscri\u00e7\u00f5es para o evento, que acontece em abril, em S\u00e3o Paulo, j\u00e1 est\u00e3o abertas<\/strong> <\/em><\/span><!-- o ignored --><\/span><\/p>\n<p><span style=\"color: #000000;\">A Associa\u00e7\u00e3o de Com\u00e9rcio Exterior do Brasil (AEB) promove a 19 de abril, em S\u00e3o Paulo, a 7\u00aa edi\u00e7\u00e3o do Encontro Nacional do Com\u00e9rcio Exterior de Servi\u00e7os \u2013 ENAServ 2016, com o tema \u201cOportunidades no Mercado Externo de Servi\u00e7os\u201d. As inscri\u00e7\u00f5es, que s\u00e3o gratuitas, j\u00e1 est\u00e3o abertas e podem ser feitas no site <strong><a style=\"color: #000000;\" href=\"http:\/\/www.enaserv.com.br\/\">www.enaserv.com.br<\/a> .<\/strong><\/span><\/p>\n<p><span style=\"color: #000000;\">Segundo o presidente da AEB, Jos\u00e9 Augusto de Castro, o setor de servi\u00e7os apresenta crescente vigor \u2013 tem crescido a taxas superiores \u00e0s do crescimento do com\u00e9rcio de bens -, e est\u00e1 diretamente relacionado a importantes fluxos de investimentos diretos, assim como a atividades ligadas \u00e0 inova\u00e7\u00e3o, \u00e0 ind\u00fastria e ao agroneg\u00f3cio. \u201cO segmento \u00e9 relevante para a retomada do crescimento econ\u00f4mico. As novas tecnologias de informa\u00e7\u00e3o, a redu\u00e7\u00e3o nos custos de transportes e o incremento dos neg\u00f3cios relacionados ao setor t\u00eam criado um cen\u00e1rio positivo para expandir o conjunto de servi\u00e7os comercializ\u00e1veis\u201d, afirma.<\/span><\/p>\n<p><span style=\"color: #000000;\">De acordo com Castro, cresce o conte\u00fado de servi\u00e7os no valor agregado das mercadorias, apesar disso o setor representa apenas 15% do com\u00e9rcio exterior do Brasil, embora responda por 70% do PIB\u00a0 e 63% da popula\u00e7\u00e3o ocupada, segundo dados de 2013.<\/span><\/p>\n<p><span style=\"color: #000000;\">O encontro vai reunir um time de especialistas para abordar a quest\u00e3o da inser\u00e7\u00e3o do Brasil no mercado internacional de servi\u00e7os, apresentar casos de sucesso de internacionaliza\u00e7\u00e3o de empresas do setor, tend\u00eancias e os desafios nas negocia\u00e7\u00f5es internacionais, assim como perspectivas para exporta\u00e7\u00f5es brasileiras e as oportunidades no mercado externo para o setor, dentre outros.<\/span><\/p>\n<p><span style=\"color: #000000;\">A expectativa \u00e9 de um p\u00fablico de cerca de 600 participantes, entre empres\u00e1rios, executivos, autoridades do governo, dirigentes de entidades, consultores e especialistas, corretores e operadores, profissionais de bancos e seguradoras, representantes diplom\u00e1ticos e comerciais, entre outros.<\/span><\/p>\n<p><span style=\"color: #000000;\">O ENAServ 2016 \u00e9 promovido pela AEB, em parceira com a Secretaria de Com\u00e9rcio e Servi\u00e7os do Minist\u00e9rio do Desenvolvimento, Ind\u00fastria e Com\u00e9rcio Exterior, com apoio da FECOMERCIO-SP (Federa\u00e7\u00e3o do Com\u00e9rcio de Bens, Servi\u00e7os e Turismo do Estado de S\u00e3o Paulo).<\/span><\/p>\n<p><span style=\"color: #ff0000;\"><strong>Servi\u00e7o:<\/strong><\/span><\/p>\n<p><span style=\"color: #ff0000;\"><strong>ENAServ 2016<\/strong><\/span><\/p>\n<p><span style=\"color: #ff0000;\"><strong>Data:<\/strong><strong> 19 de abril de 2015<\/strong><\/span><\/p>\n<p><span style=\"color: #ff0000;\"><strong>Hora: <\/strong><strong>8h \u00e0s 18h<\/strong><\/span><\/p>\n<p><span style=\"color: #ff0000;\"><strong>Endere\u00e7o: <\/strong><strong>Audit\u00f3rio da Fecomercio-SP (Teatro Raul Cortez) &#8211; Rua Doutor Pl\u00ednio Barreto, 285 &#8211; Bela Vista &#8211; S\u00e3o Paulo \u2013 SP<\/strong><\/span><\/p>\n<p><span style=\"color: #ff0000;\"><strong>Inscri\u00e7\u00f5es:<\/strong><strong> pelo site <a style=\"color: #ff0000;\" href=\"http:\/\/www.enaserv.com.br\/\">www.enaserv.com.br<\/a>.\u00a0 <\/strong><\/span><\/p>\n","protected":false},"excerpt":{"rendered":"<p>Inscri\u00e7\u00f5es para o evento, que acontece em abril, em S\u00e3o Paulo, j\u00e1 est\u00e3o abertas A Associa\u00e7\u00e3o de Com\u00e9rcio Exterior do Brasil (AEB) promove a 19 de abril, em S\u00e3o Paulo, a 7\u00aa edi\u00e7\u00e3o do Encontro Nacional do Com\u00e9rcio Exterior de Servi\u00e7os \u2013 ENAServ 2016, com o tema \u201cOportunidades no Mercado Externo de Servi\u00e7os\u201d. As inscri\u00e7\u00f5es, [&hellip;]<\/p>\n","protected":false},"author":1,"featured_media":0,"comment_status":"open","ping_status":"open","sticky":false,"template":"","format":"quote","meta":{"_uag_custom_page_level_css":"","footnotes":""},"categories":[27],"tags":[343,4246,4250,4897,10668],"class_list":["post-767","post","type-post","status-publish","format-quote","hentry","category-acontece","tag-abril","tag-enaex","tag-enaserv-2016","tag-fecomercio","tag-sao-paulo","post_format-post-format-quote"],"blocksy_meta":[],"spectra_blocks_featured_image_url":null,"spectra_blocks_author_info":{"display_name":"Jornal da Constru\u00e7\u00e3o Civil","avatar_url":"https:\/\/secure.gravatar.com\/avatar\/973c9774fd44ddaceb026973c4962faa70fc512bc4c9da68e8ebb40fecee6540?s=96&d=mm&r=g","author_link":"https:\/\/construcaocivil.siriusmarketingedesign.com.br\/?author=1","description":"Desde de 2013, levando muitas informa\u00e7\u00f5es, lan\u00e7amentos e produtos de qualidade para toda cadeia produtiva da constru\u00e7\u00e3o. O Futuro da constru\u00e7\u00e3o passa por aqui,"},"uagb_featured_image_src":{"full":false,"thumbnail":false,"medium":false,"medium_large":false,"large":false,"1536x1536":false,"2048x2048":false},"uagb_author_info":{"display_name":"Jornal da Constru\u00e7\u00e3o Civil","author_link":"https:\/\/construcaocivil.siriusmarketingedesign.com.br\/?author=1"},"uagb_comment_info":0,"uagb_excerpt":"Inscri\u00e7\u00f5es para o evento, que acontece em abril, em S\u00e3o Paulo, j\u00e1 est\u00e3o abertas A Associa\u00e7\u00e3o de Com\u00e9rcio Exterior do Brasil (AEB) promove a 19 de abril, em S\u00e3o Paulo, a 7\u00aa edi\u00e7\u00e3o do Encontro Nacional do Com\u00e9rcio Exterior de Servi\u00e7os \u2013 ENAServ 2016, com o tema \u201cOportunidades no Mercado Externo de Servi\u00e7os\u201d. As inscri\u00e7\u00f5es,&hellip;","_links":{"self":[{"href":"https:\/\/construcaocivil.siriusmarketingedesign.com.br\/index.php?rest_route=\/wp\/v2\/posts\/767","targetHints":{"allow":["GET"]}}],"collection":[{"href":"https:\/\/construcaocivil.siriusmarketingedesign.com.br\/index.php?rest_route=\/wp\/v2\/posts"}],"about":[{"href":"https:\/\/construcaocivil.siriusmarketingedesign.com.br\/index.php?rest_route=\/wp\/v2\/types\/post"}],"author":[{"embeddable":true,"href":"https:\/\/construcaocivil.siriusmarketingedesign.com.br\/index.php?rest_route=\/wp\/v2\/users\/1"}],"replies":[{"embeddable":true,"href":"https:\/\/construcaocivil.siriusmarketingedesign.com.br\/index.php?rest_route=%2Fwp%2Fv2%2Fcomments&post=767"}],"version-history":[{"count":0,"href":"https:\/\/construcaocivil.siriusmarketingedesign.com.br\/index.php?rest_route=\/wp\/v2\/posts\/767\/revisions"}],"wp:attachment":[{"href":"https:\/\/construcaocivil.siriusmarketingedesign.com.br\/index.php?rest_route=%2Fwp%2Fv2%2Fmedia&parent=767"}],"wp:term":[{"taxonomy":"category","embeddable":true,"href":"https:\/\/construcaocivil.siriusmarketingedesign.com.br\/index.php?rest_route=%2Fwp%2Fv2%2Fcategories&post=767"},{"taxonomy":"post_tag","embeddable":true,"href":"https:\/\/construcaocivil.siriusmarketingedesign.com.br\/index.php?rest_route=%2Fwp%2Fv2%2Ftags&post=767"}],"curies":[{"name":"wp","href":"https:\/\/api.w.org\/{rel}","templated":true}]}}